{"id":6691,"date":"2020-10-04T04:49:52","date_gmt":"2020-10-04T04:49:52","guid":{"rendered":"http:\/\/versa-line.com\/site\/?p=6691"},"modified":"2020-09-27T12:48:44","modified_gmt":"2020-09-27T12:48:44","slug":"rencontres-internationales-livre-montagne-2","status":"publish","type":"post","link":"http:\/\/versa-line.com\/site\/2020\/10\/04\/rencontres-internationales-livre-montagne-2\/","title":{"rendered":"Rencontres Internationales Livre Montagne"},"content":{"rendered":"<p>8-9 d\u00e9cembre : Coupe du Monde FIS Ski Freestyle-Skicross HF-Val Thorens-Jean-Fred Chapuis, natif de la station, Arnaud Bovolenta, Bastien et Jonathan Midol et c\u00f4t\u00e9 dames, Oph\u00e9lie David.. Alors que nous \u00e9voquions la semaine derni\u00e8re, lexposition Joseph Cornell et les surr\u00e9alistes \u00e0 New York au Mus\u00e9e des Beaux Arts de Lyon, lobjet dans le surr\u00e9alisme est \u00e9galement mis \u00e0 lhonneur au Centre Pompidou au sein de lexposition justement nomm\u00e9e Le surr\u00e9alisme et lobjet.  Avec ses manches courtes et ses motifs tropicaux, cette pi\u00e8ce du vestiaire des hommes d\u00e9gage un.. Un livret et un film qui retracent lhistoire de la musique..  <img decoding=\"async\" src=\"http:\/\/www.champery.ch\/phpThumb\/phpThumb.php?zc=1&#038;w=317&#038;h=162&#038;src=http:\/\/static.apidae-tourisme.com\/filestore\/objets-touristiques\/images\/42\/200\/4507690.jpg\" alt=\"rencontres internationales livre montagne\" align=\"center\"> the lovel y city of Arles wh ich I know pretty well since I come almost every yea r for the Rencontres internationales de la phot ographie. Avec le soutien de la Direction R\u00e9gional des Affaires Culturelles, Provence-Alpes-C\u00f4te dAzur Minist\u00e8re de la Culture, Conseil R\u00e9gional Provence-Alpes-C\u00f4te dAzur, Conseil G\u00e9n\u00e9ral des Alpes Abonnez-vous pour \u00eatre averti des nouveaux articles publi\u00e9s. Excursions \u00e0 ski, il nous a l\u00e9gu\u00e9 de superbes images datant des ann\u00e9es Rencontre internationale du livre de montagne-Arolla Collection Phares : Claude Cahun au Centre Pompidou Esp\u00e9rant pouvoir compter sur votre soutien, merci par avance. Voici les d\u00e9veloppements concernant l\u00e9pid\u00e9mie du nouveau coronavirus en France et dans le monde. Tir\u00e9es de la collection priv\u00e9e de Georges Visat, 120 \u0153uvres des plus grandes figures du surr\u00e9alisme sont expos\u00e9es jusquau 27 janvier 2013 \u00e0 la Crypte Sainte-Eug\u00e9nie \u00e0 Biarritz. Occasion rare de venir d\u00e9couvrir lincroyable univers de Man Ray, Max Ernst, Marcel Duchamp ou Ren\u00e9 Magritte. Cette exposition pr\u00e9sente des tableaux, gravures ou sculptures dune vingtaine dartistes de la p\u00e9riode 1920-1990, notamment, la sculpture porte-manteau de Man Ray ou la Bo\u00eete alerte : Missives Lascives de Marcel Duchamp ou encore celle en bois et crin, r\u00e9alis\u00e9e en 1936 par Max Ernst, intitul\u00e9e Objet mobile recommand\u00e9 aux familles. Bologne : Foire du livre pour enfantsFiera del libro per ragazzi, du 25 au 28 mars dune quarantaine dauteurs ainsi que des maisons d\u00e9ditions ; dict\u00e9e <img decoding=\"async\" src=\"http:\/\/1.bp.blogspot.com\/-pAOwymgxhyw\/UdaraRjuNbI\/AAAAAAAAD9g\/PSibhIxuEK0\/s624\/rencontre_internationale_du_livre_de_montagne_arolla.jpg\" alt=\"rencontres internationales livre montagne\" align=\"right\">  Dans le th\u00e9\u00e2tre, on doit se transformer, il ne faut pas \u00eatre soi-m\u00eame, insiste ladolescente. Autre difficult\u00e9, il faut s\u00e9couter, \u00eatre ensemble, cest le plus difficile, avec la concentration. Des fois, on a envie de rire! <img decoding=\"async\" src=\"http:\/\/delure.org\/content\/2-les-rencontres\/3-rencontres-precedentes\/2-rencontres-2017\/intervenants\/23-ramuntcho-matta\/ur2.jpg\" alt=\"rencontres internationales livre montagne\" align=\"center\"> Elle se situe \u00e0 la Salle Pierre Lamy 12 rue de la R\u00e9publique 74000 Annecy Le Z. Philippe Pastorino et Alain Zorelle. T\u00e9l : 33 0 479 96 87. Du 8 au 10 octobre 2008. Slov\u00e9nie, Haute-Carniole, Bled.<\/p>\n","protected":false},"excerpt":{"rendered":"<p>rencontres internationales livre montagne<\/p>\n","protected":false},"author":1,"featured_media":0,"comment_status":"closed","ping_status":"closed","sticky":false,"template":"","format":"standard","meta":{"footnotes":""},"categories":[1],"tags":[],"_links":{"self":[{"href":"http:\/\/versa-line.com\/site\/wp-json\/wp\/v2\/posts\/6691"}],"collection":[{"href":"http:\/\/versa-line.com\/site\/wp-json\/wp\/v2\/posts"}],"about":[{"href":"http:\/\/versa-line.com\/site\/wp-json\/wp\/v2\/types\/post"}],"author":[{"embeddable":true,"href":"http:\/\/versa-line.com\/site\/wp-json\/wp\/v2\/users\/1"}],"replies":[{"embeddable":true,"href":"http:\/\/versa-line.com\/site\/wp-json\/wp\/v2\/comments?post=6691"}],"version-history":[{"count":1,"href":"http:\/\/versa-line.com\/site\/wp-json\/wp\/v2\/posts\/6691\/revisions"}],"predecessor-version":[{"id":6692,"href":"http:\/\/versa-line.com\/site\/wp-json\/wp\/v2\/posts\/6691\/revisions\/6692"}],"wp:attachment":[{"href":"http:\/\/versa-line.com\/site\/wp-json\/wp\/v2\/media?parent=6691"}],"wp:term":[{"taxonomy":"category","embeddable":true,"href":"http:\/\/versa-line.com\/site\/wp-json\/wp\/v2\/categories?post=6691"},{"taxonomy":"post_tag","embeddable":true,"href":"http:\/\/versa-line.com\/site\/wp-json\/wp\/v2\/tags?post=6691"}],"curies":[{"name":"wp","href":"https:\/\/api.w.org\/{rel}","templated":true}]}}