{"id":6521,"date":"2020-10-04T06:31:03","date_gmt":"2020-10-04T06:31:03","guid":{"rendered":"http:\/\/versa-line.com\/site\/?p=6521"},"modified":"2020-09-27T06:30:30","modified_gmt":"2020-09-27T06:30:30","slug":"rencontre-feministe-evry-2","status":"publish","type":"post","link":"http:\/\/versa-line.com\/site\/2020\/10\/04\/rencontre-feministe-evry-2\/","title":{"rendered":"Rencontre Feministe Evry"},"content":{"rendered":"<p>19h30 : NousToutes Bourse du travail de Paris 3 rue du Chateau deau 75010 PARIS Samedi 3 novembre : NEWS! La synth\u00e8se de lactualit\u00e9 du Service des droits des femmes et de l\u00e9galit\u00e9 Minist\u00e8re des Droits des Femmes relaye notre communiqu\u00e9 sur la campagne balancetonporc P2 18h : avec Natacha Chetcuti Alliances paradoxales : antis\u00e9mitisme, antif\u00e9minisme et homophobie dans les mouvements dopposition au mariage pour tous M\u00e9diath\u00e8que Olympe de Gouges 3 Rue Kuhn, Strasbourg <img decoding=\"async\" src=\"http:\/\/www.mode-shop.fr\/images\/produits\/75\/jupe-Essentiel-Antwerp-17346426-2.jpg\" alt=\"rencontre feministe evry\" align=\"left\"> <img decoding=\"async\" src=\"http:\/\/4.bp.blogspot.com\/-q4Z8P7O32lI\/TmSRHhALHEI\/AAAAAAAAAHY\/jNW0jJJNWP0\/s1600\/JUSTICE+VIOL+PROCES+VIOLENCES+DSK+NAFISSATOU+DIALLO+DEBAT+RENCONTRE+FEMINISTE.JPG\" alt=\"rencontre feministe evry\" align=\"left\"> 9h30-9h45 Ouverture de la journ\u00e9e d\u00e9tudes par Philippe GUMPLOWICZ et Fran\u00e7ois ROBINET Responsables de la School Humanit\u00e9s-Amphi audio Rencontres f\u00e9ministes \u00e0 Evry, les 7 et 8 juillet. Vous pouvez \u00e9galement \u00e0 tout moment revoir vos options en mati\u00e8re de ciblage. En savoir plus sur notre. 15h : Rassemblement de soutien au droit \u00e0 lavortement des femmes polonaises devant lambassade de Pologne \u00e0 Paris 1 rue Talleyrand, M Invalides Samedi 9 avril : 14h : Gay Pride de Strasbourg 2017, Marche des Visibilit\u00e9s Place de lUniversit\u00e9 15h40 : Rassemblement 8mars15h40 lheure \u00e0 laquelle les femmes ne sont plus pay\u00e9es pour le reste de la journ\u00e9e, si on compare leurs salaires \u00e0 ceux des hommes Place de la R\u00e9publique M R\u00e9publique \u00e0 Paris Pour l\u00e9galit\u00e9 femmeshommes, la lutte contre les violences, la la\u00efcit\u00e9  Laure GARREAU Design-ENS, La maquette : un potentiel \u00e0 red\u00e9couvrir pour la recherche scientifique et lingi\u00e9nerie dans la\u00e9rospatiale Par Catherine Simon Publi\u00e9 le 04 juillet 2011 \u00e0 14h37-Mis \u00e0 jour le 04 juillet 2011 \u00e0 14h39 LObs-Les marques ou contenus du site nouvelobs.com sont soumis \u00e0 la protection de la propri\u00e9t\u00e9 intellectuelle Rencontres f\u00e9ministes \u00e0 Evry-France 3 Paris Ile-de-France Si une personne simple sinc\u00e8re les pieds sur terre, avec des projets r\u00e9alistes, et une envie de construire ou reconstruire, se reconna\u00eet, je suis \u00e0 son \u00e9coute. Les premi\u00e8res rencontres d\u00e9t\u00e9 du mouvement f\u00e9ministe Le programme est charg\u00e9 : 30 ateliers, 2 pl\u00e9ni\u00e8res. Il y a 490 inscriptions, et 44 associations dont le Planning Familial et la F\u00e9d\u00e9ration Nationale Solidarit\u00e9 Femmes participent \u00e0 ces rencontres. Lintendance suit : repas au Restaurant Universitaire, h\u00e9bergements militants ou \u00e0 lh\u00f4tel. Pas question d\u00eatre d\u00e9ficitaire. <img decoding=\"async\" src=\"http:\/\/static.hitek.fr\/img\/actualite\/2017\/12\/21\/w_people-objects-common-ground-drawings-naolito-15-5a3b6b6248836-700.jpg\" alt=\"rencontre feministe evry\" align=\"center\"> 18h45 : R\u00e9inventer laction citoyenne avec Saul Alinsky \u00e0 la Maison des Sciences \u00c9conomiques 112 boulevard de LH\u00f4pital 75013 Lundi 13 octobre : Pour la mise en place de politiques \u00e9galitaires femmes-hommes   14h : Formation sur labolitionnisme avec une effront\u00e9e anciennement concern\u00e9e, au foyer \u00e9tudiant lAEPP au 4 rue Titon 75011. Le Club est lespace de libre expression des abonn\u00e9s de Mediapart. Ses contenus nengagent pas la r\u00e9daction. F\u00e9minismes! Maillons forts du changement social.<\/p>\n","protected":false},"excerpt":{"rendered":"<p>rencontre feministe evry<\/p>\n","protected":false},"author":1,"featured_media":0,"comment_status":"closed","ping_status":"closed","sticky":false,"template":"","format":"standard","meta":{"footnotes":""},"categories":[1],"tags":[],"_links":{"self":[{"href":"http:\/\/versa-line.com\/site\/wp-json\/wp\/v2\/posts\/6521"}],"collection":[{"href":"http:\/\/versa-line.com\/site\/wp-json\/wp\/v2\/posts"}],"about":[{"href":"http:\/\/versa-line.com\/site\/wp-json\/wp\/v2\/types\/post"}],"author":[{"embeddable":true,"href":"http:\/\/versa-line.com\/site\/wp-json\/wp\/v2\/users\/1"}],"replies":[{"embeddable":true,"href":"http:\/\/versa-line.com\/site\/wp-json\/wp\/v2\/comments?post=6521"}],"version-history":[{"count":1,"href":"http:\/\/versa-line.com\/site\/wp-json\/wp\/v2\/posts\/6521\/revisions"}],"predecessor-version":[{"id":6522,"href":"http:\/\/versa-line.com\/site\/wp-json\/wp\/v2\/posts\/6521\/revisions\/6522"}],"wp:attachment":[{"href":"http:\/\/versa-line.com\/site\/wp-json\/wp\/v2\/media?parent=6521"}],"wp:term":[{"taxonomy":"category","embeddable":true,"href":"http:\/\/versa-line.com\/site\/wp-json\/wp\/v2\/categories?post=6521"},{"taxonomy":"post_tag","embeddable":true,"href":"http:\/\/versa-line.com\/site\/wp-json\/wp\/v2\/tags?post=6521"}],"curies":[{"name":"wp","href":"https:\/\/api.w.org\/{rel}","templated":true}]}}