{"id":6355,"date":"2020-10-03T07:13:50","date_gmt":"2020-10-03T07:13:50","guid":{"rendered":"http:\/\/versa-line.com\/site\/?p=6355"},"modified":"2020-09-27T00:55:03","modified_gmt":"2020-09-27T00:55:03","slug":"la-grande-rencontre-festival-2","status":"publish","type":"post","link":"http:\/\/versa-line.com\/site\/2020\/10\/03\/la-grande-rencontre-festival-2\/","title":{"rendered":"La Grande Rencontre Festival"},"content":{"rendered":"<p><img decoding=\"async\" src=\"http:\/\/www.universali-thde.cf\/fileadmin\/_processed_\/c\/7\/csm_Les_animations_seniors_-_Septembre_2017__2__6774d83e21.jpg\" alt=\"la grande rencontre festival\" align=\"left\"> <img decoding=\"async\" src=\"http:\/\/lemonlemag.fr\/wp-content\/uploads\/2017\/05\/637-1.jpg\" alt=\"la grande rencontre festival\" align=\"right\"> Nous supprimons les messages qui ne respectent pas les r\u00e8gles dutilisation et nous nous r\u00e9servons le droit de supprimer tout message quelle quen soit la raison. Depuis le 11 mai, un certain nombre de restrictions concernant les d\u00e9placements, les rassemblements limit\u00e9s \u00e0 10 personnes en public, ou la pratique dactivit\u00e9 ont \u00e9t\u00e9 lev\u00e9es. Pour autant, les Fran\u00e7ais nont pas lair davoir profit\u00e9 de cet assouplissement. Le jeudi 12 septembre 2019 Le Festival La Grande Rencontre 2019  Les Fran\u00e7ais sont trop peu nombreux \u00e0 pratiquer suffisamment dactivit\u00e9 physique, selon une \u00e9tude publi\u00e9e mardi Selon les propos de Jean-Michel Blanquer, plus de pour les enseignants, \u00e0 la mani\u00e8re dune pr\u00e9-rentr\u00e9e. D\u00e8s le 12 mai, les parents qui souhaitent envoyer leurs enfants \u00e0 l\u00e9cole, pourront le faire, dans la mesure o\u00f9 les \u00e9l\u00e8ves ne sont pas plus de 10 par classe. D\u00e9placements dans les transports en commun 1 septembre 2020-30 septembre 2020 Dates \u00e0 confirmer <img decoding=\"async\" src=\"http:\/\/www.medwinas.gq\/files\/image_file_1108.jpg\" alt=\"la grande rencontre festival\" align=\"right\"> Prix du livre dauteur : Photography 1965-1974, \u00e9d. Only Photograph, 2010 Chaque dimanche \u00e0 20h, et invite les auditeurs \u00e0 une balade dans limaginaire musical dun cin\u00e9aste, dun genre ou dun compositeur de musique de films.  Vous pouvez \u00e9galement \u00e0 tout moment revoir vos options en mati\u00e8re de ciblage. En savoir plus sur notre. D\u00e9fil\u00e9 de la Fiert\u00e9 \u00e0 Montr\u00e9al en 2017, photo : GrandQuebec.com Vendredi 12 juin \u00e0 18 h, un nouvel \u00e9pisode de lEffet Pangolin sp\u00e9cial Solutions diffus\u00e9 sur la cha\u00eene YouTube du festival Atmosph\u00e8res, en partenariat avec et la Fondation Solar Impulse-avec et trois change makeuses dInovaya, de Carbiolice et de NextProtein. Priv\u00e9s de Cannes, Anderson, Eastwood, I\u00f1\u00e1rritu, Denis racontent ce que le festival repr\u00e9sente pour eux \u00c0 compter de ce jeudi 16 avril 2020, il est possible de se rendre, uniquement sur rendez-vous, en refuge pour adopter un animal pr\u00e9alablement s\u00e9lectionn\u00e9, en cochant la case motif familial imp\u00e9rieux sur l. Requ\u00eate la plus fr\u00e9quente dans le dictionnaire fran\u00e7ais : Dans le contexte actuel de crise sanitaire, le ministre de la Culture, Franck Riester a d\u00e9cid\u00e9 de prolonger lAnn\u00e9e de la bande dessin\u00e9e jusquau 30 juin 2021, facilitant ainsi le report des manifestations et \u00e9v\u00e9nements ayant d\u00fb \u00eatre annul\u00e9s.  Les cr\u00e8ches seront aussi r\u00e9ouvertes \u00e0 partir du 11 mai avec des groupes de 10 enfants maximum. Ce fonds dadaptation subventionne les entreprises \u00e0 hauteur de 50 de linvestissement total.<\/p>\n","protected":false},"excerpt":{"rendered":"<p>la grande rencontre festival<\/p>\n","protected":false},"author":1,"featured_media":0,"comment_status":"closed","ping_status":"closed","sticky":false,"template":"","format":"standard","meta":{"footnotes":""},"categories":[1],"tags":[],"_links":{"self":[{"href":"http:\/\/versa-line.com\/site\/wp-json\/wp\/v2\/posts\/6355"}],"collection":[{"href":"http:\/\/versa-line.com\/site\/wp-json\/wp\/v2\/posts"}],"about":[{"href":"http:\/\/versa-line.com\/site\/wp-json\/wp\/v2\/types\/post"}],"author":[{"embeddable":true,"href":"http:\/\/versa-line.com\/site\/wp-json\/wp\/v2\/users\/1"}],"replies":[{"embeddable":true,"href":"http:\/\/versa-line.com\/site\/wp-json\/wp\/v2\/comments?post=6355"}],"version-history":[{"count":1,"href":"http:\/\/versa-line.com\/site\/wp-json\/wp\/v2\/posts\/6355\/revisions"}],"predecessor-version":[{"id":6356,"href":"http:\/\/versa-line.com\/site\/wp-json\/wp\/v2\/posts\/6355\/revisions\/6356"}],"wp:attachment":[{"href":"http:\/\/versa-line.com\/site\/wp-json\/wp\/v2\/media?parent=6355"}],"wp:term":[{"taxonomy":"category","embeddable":true,"href":"http:\/\/versa-line.com\/site\/wp-json\/wp\/v2\/categories?post=6355"},{"taxonomy":"post_tag","embeddable":true,"href":"http:\/\/versa-line.com\/site\/wp-json\/wp\/v2\/tags?post=6355"}],"curies":[{"name":"wp","href":"https:\/\/api.w.org\/{rel}","templated":true}]}}