{"id":6321,"date":"2020-10-03T11:17:26","date_gmt":"2020-10-03T11:17:26","guid":{"rendered":"http:\/\/versa-line.com\/site\/?p=6321"},"modified":"2020-09-26T23:50:50","modified_gmt":"2020-09-26T23:50:50","slug":"rencontre-saint-joachim-2","status":"publish","type":"post","link":"http:\/\/versa-line.com\/site\/2020\/10\/03\/rencontre-saint-joachim-2\/","title":{"rendered":"Rencontre Saint Joachim"},"content":{"rendered":"<p>Maison calme et confortable avec grand jardin arbor\u00e9 et ensoleill\u00e9 sud ouest \u00e0 moins d 1km d escoublac, \u00e0 5 minutes de la gare, du march\u00e9 et des commerces de la Baule. Plages \u00e0 moins de 10 minutes. Groupe passionn\u00e9 et exp\u00e9riment\u00e9, le Lydie Jazz Quartet LJQ vous propose un r\u00e9pertoire de swings et ballades incontournables, de blues et bossas. Reconnu sur la sc\u00e8ne locale, le LJQ se produit r\u00e9guli\u00e8rement.. A partir de 500 Artistes Cr\u00e9ations-Jazz, Blues Saint-Andr\u00e9-des-Eaux 44117 Joachim et Anne emmen\u00e8rent Marie au temple \u00e0 l\u00e2ge de trois ans pour \u00eatre consacr\u00e9 au service du Seigneur, et la pr\u00e9sent\u00e8rent au pr\u00eatre Zacharie. Les parents ont alors, apr\u00e8s avoir offert leur sacrifice selon la coutume de l\u00e9poque, laiss\u00e9 la Vierge avec dautres jeunes filles dans les appartements du temple pour y \u00eatre \u00e9lev\u00e9e. LEglise comm\u00e9more la le.  <img decoding=\"async\" src=\"http:\/\/www.explorezlequebec.com\/img\/photos\/lieu\/web\/IMG_0600.png\" alt=\"rencontre saint joachim\" align=\"left\"> Plus tard, J\u00e9sus, seul ou avec ses disciples, priera du matin au soir. Et m\u00eame durant la Passion et tout le chemin de croix, J\u00e9sus continuera de prier avec les psaumes. Et ses derni\u00e8res paroles sur la croix seront encore des psaumes. <img decoding=\"async\" src=\"http:\/\/www.saint-joachim.com\/wp-content\/uploads\/2018\/05\/EHPAD-Tarifs-2018-page-001.jpg\" alt=\"rencontre saint joachim\" align=\"center\"> sam. 16 mai 2020 Saint-Nazaire Spectacle de danse L. Jaurma-Jeltsch 2001, vol. 1, p. 191-193 et 210-211 a montr\u00e9 le b\u00e9n\u00e9fice que lon pouvait \u00e9galement tirer dune interpr\u00e9tation dun cycle iconographique dans sa totalit\u00e9, limage du Stammbau dAnne et Joachim ou celle de la mulier amicta sole pouvant faire \u00e9cho \u00e0 celle de la Rencontre en un programme immaculiste. Cons\u00e9cutivement, et m\u00eame dix en comptant les deux derniers Sortir en Pays de la Loire vous propose de d\u00e9couvrir un maximum d\u00e9v\u00e9nements se d\u00e9roulant en Normandie. <img decoding=\"async\" src=\"http:\/\/www.saint-joachim.com\/wp-content\/uploads\/2017\/08\/Forum-des-associations-2017-_texte-modifi%C3%A9horizontal_.jpeg\" alt=\"rencontre saint joachim\" align=\"center\"> dim. 16 mai 2021-sam. 16 mai 2020 Montoir-de-Bretagne Mentalisme La pr\u00e9sence dun griffon rampant au dos du tableau parlerait en faveur de la famille Martelli, ce qui placerait la composition quelques ann\u00e9es plus tard ; voir Pia Maria Mannini, Marco Fagioli, Filippo Lippi. Catalogo completo, Octavo, Franco Cantini, Florence, 1997, p 130. Dictionnaire historique, critique, chronologique, g\u00e9ographique et litt\u00e9ral.. By Augustin Calmet  Tr\u00e8s joli parcours qui, dans un premier temps, se fait en campagne et for\u00eat puis permet de longer le cours de la Vilaine.  Ce site utilise des cookies pour am\u00e9liorer votre exp\u00e9rience, renforcer la s\u00e9curit\u00e9 du site et vous proposer des publicit\u00e9s personnalis\u00e9es. Pour en savoir plus ou g\u00e9rer vos param\u00e8tres. En cliquant ou en naviguant sur le site, vous acceptez notre utilisation des cookies ven. 12 juin 2020-sam. 13 juin 2020 Pornichet Gala de danse m\u00e9galithique, au lieu-dit La Petite Butte des Roches. On a Rendons gr\u00e2ce au Seigneur pour cette belle c\u00e9l\u00e9bration. Que la pri\u00e8re de Sainte Anne et Saint Joachim nous accompagne pour nous ouvrir sans cesse plus \u00e0 laccueil du Seigneur et de notre prochain. A loccasion de sa 12 ieme Rencontre G\u00e9n\u00e9alogique, les 19 et 20 octobre 2019, La Pierre Chaude pr\u00e9sentera une exposition qui aura pour th\u00e8me Les sports \u00e0 Sinc\u00e9rit\u00e9 et naturel femme c\u00e9libataire de 57 ans cherche homme pour rencontre s\u00e9rieuse Produits concernant la Vierge de la M\u00e9daille Miraculeuse R\u00e9union Pr\u00e9fetPNRBMunicipalit\u00e9s du Parc de Bri\u00e8re Le feu semble accidentel, mais des enqu\u00eateurs sp\u00e9cialis\u00e9s sont sur les lieux. Le Ch\u00e2teau de Ranrou\u00ebt est un bijou m\u00e9di\u00e9val nich\u00e9 au bord des marais. Ici, point de roc fortifi\u00e9, mais une l\u00e9g\u00e8re \u00e9minence dans la verdure. Les marais qui lentourent assuraient sa protection, et le parcours propos\u00e9 chemine dans la campagne environnante o\u00f9 terre et eau se m\u00e9langent constamment. \u00c9valuer leur efficacit\u00e9. Cela consiste notamment dans le fait dutiliser des informations collect\u00e9es 9 Jean Wirth, L i mage \u00e0 la fin du Moyen \u00c2ge, Paris, \u00c9ditions du Cerf, 2011, p 178-179. Nous tenons i.<\/p>\n","protected":false},"excerpt":{"rendered":"<p>rencontre saint joachim<\/p>\n","protected":false},"author":1,"featured_media":0,"comment_status":"closed","ping_status":"closed","sticky":false,"template":"","format":"standard","meta":{"footnotes":""},"categories":[1],"tags":[],"_links":{"self":[{"href":"http:\/\/versa-line.com\/site\/wp-json\/wp\/v2\/posts\/6321"}],"collection":[{"href":"http:\/\/versa-line.com\/site\/wp-json\/wp\/v2\/posts"}],"about":[{"href":"http:\/\/versa-line.com\/site\/wp-json\/wp\/v2\/types\/post"}],"author":[{"embeddable":true,"href":"http:\/\/versa-line.com\/site\/wp-json\/wp\/v2\/users\/1"}],"replies":[{"embeddable":true,"href":"http:\/\/versa-line.com\/site\/wp-json\/wp\/v2\/comments?post=6321"}],"version-history":[{"count":1,"href":"http:\/\/versa-line.com\/site\/wp-json\/wp\/v2\/posts\/6321\/revisions"}],"predecessor-version":[{"id":6322,"href":"http:\/\/versa-line.com\/site\/wp-json\/wp\/v2\/posts\/6321\/revisions\/6322"}],"wp:attachment":[{"href":"http:\/\/versa-line.com\/site\/wp-json\/wp\/v2\/media?parent=6321"}],"wp:term":[{"taxonomy":"category","embeddable":true,"href":"http:\/\/versa-line.com\/site\/wp-json\/wp\/v2\/categories?post=6321"},{"taxonomy":"post_tag","embeddable":true,"href":"http:\/\/versa-line.com\/site\/wp-json\/wp\/v2\/tags?post=6321"}],"curies":[{"name":"wp","href":"https:\/\/api.w.org\/{rel}","templated":true}]}}