{"id":6265,"date":"2020-10-03T03:30:50","date_gmt":"2020-10-03T03:30:50","guid":{"rendered":"http:\/\/versa-line.com\/site\/?p=6265"},"modified":"2020-09-26T21:50:33","modified_gmt":"2020-09-26T21:50:33","slug":"annuaire-des-rencontres-fr-2","status":"publish","type":"post","link":"http:\/\/versa-line.com\/site\/2020\/10\/03\/annuaire-des-rencontres-fr-2\/","title":{"rendered":"Annuaire Des Rencontres Fr"},"content":{"rendered":"<p>Un d\u00e9bat riche, apais\u00e9, constructif, permettant des prises de conscience, et une envie tr\u00e8s forte dexternaliser nos d\u00e9bats au c\u0153ur des places publiques dans nos quartiers \u00e0 \u00c9vry, Corbeil-Essonnes, Grigny pour briser les tabous, cr\u00e9er un nouveau dialogue fraternel, permettre de mieux comprendre les r\u00e8gles de Citoyennet\u00e9 et La\u00efcit\u00e9 en France 28 septembre 2018. Journ\u00e9e de restitution recherche-action-premi\u00e8re partie UNAF-28 place Saint-George-75009 Paris : invitation des chercheurs, des partenaires et des Espaces de Rencontre sollicit\u00e9s pour participer \u00e0 la recherche-action. La principale activit\u00e9 de lassociation est la Tuna, groupe de chant et de musique du folklore estudiantin espagnol et dAm\u00e9rique du Sud. Afin de faire perdurer la gouvernance d\u00e9mocratique au sein des associations en p\u00e9riode de confinement, le Gouvernement a adopt\u00e9 des mesures durgence.  Covid-19 : Report du festival Rio Loco et annulations de plusieurs \u00e9v\u00e9nements de la saison culturelle 2019-2020 Le Centre Communal dAction Social de Sainte-Genevi\u00e8ve-des-Bois organise Les ateliers de lavenir, en collaboration avec lAPF France Handicap, la CAF, le CLIC Orgessonne, lAtelier Sant\u00e9 Ville de Coeur dEssonne Agglom\u00e9ration, la CRAMIF, le Secours Catholique et lUDAF.Ces rencontres, ouvertes \u00e0 tous, permettront d\u00e9changer sur le handicap et de construire collectivement des projets pour am\u00e9liorer la vie des g\u00e9nov\u00e9fains en situation de handicap. Le rendez-vous est donc donn\u00e9 \u00e0 la salle du Miroir, sur inscription aupr\u00e8s du CCAS, le vendredi 10 mai de 14h30 \u00e0 17h, suivi dune collation et le samedi 11 mai de 9h30 \u00e0 17h, avec un d\u00e9jeuner offert. <img decoding=\"async\" src=\"http:\/\/www.ville-bassens.fr\/fileadmin\/user_upload\/fichiers\/annuaires\/images\/arac.jpg\" alt=\"annuaire des rencontres fr\" align=\"right\"> CRISE LIEE AU COVID 19 : LES AIDES APPORTEES AUX ASSOCIATIONS La Voix du Delta 24 rue du Mar\u00e9chal de Lattre de Tassigny Pr\u00e9sidente : Manuela Mathonneau Contact : Sylvie Bucillat 1 rue Jean Zay T\u00e9l\u00e9phone : 05 56 26 75 94 Lassociation a pour but de d\u00e9velopper la culture et les loisirs \u00e0 lintention des personnels de lUPPA en activit\u00e9 ou en retraite. Accueil dassociations et de leurs activit\u00e9s, soutien aux projets individuels ou collectifs du grand quartier Bellevue dans les valeurs de mixit\u00e9 sociale, \u00e9galit\u00e9, solidarit\u00e9, \u00e9change et partage, \u00e9ducation populaire, laicit\u00e9 et citoyennet\u00e9. Lieu daccueil et de ressources pour laccompagnement des initiatives dhabitants. Elle sera anim\u00e9e par Jacques Henno, journaliste et auteur, sp\u00e9cialiste des nouvelles technologies. Directeur de publication : Audrey-Laure BERGENTHAL, Pr\u00e9sidente de French Tech in the Alps Valence-Romans <img decoding=\"async\" src=\"http:\/\/terreetavenir.com\/wp-content\/uploads\/2017\/05\/amap-en-ligne-752x394.jpg\" alt=\"annuaire des rencontres fr\" align=\"left\">  LARPADA publie : le projet de vie avec notre enfant sourd, les parents et les Maisons D\u00e9partementales des Personnes Handicap\u00e9es  Ce caf\u00e9 profs, le deuxi\u00e8me du genre, se tiendra le samedi 23 mars 2019 de 15h \u00e0 17h \u00e0 lAtelier d\u00e0 CoTh\u00e9 12 rue de Chartres 91410 Dourdan. Laccueil se fait tous les jeudis matin de 9h \u00e0 11h \u00e0 Cerny, dans les locaux de lassociation musicale La Cl\u00e9 des Chants. Maison des jeunes Accompagnement \u00e0 la scolarit\u00e9 primaires et coll\u00e9giens Organisations d\u00e9v\u00e8nements Pourquoi et comment ouvrir et partager mes recherches? Aux chercheurs qui se posent la question ou souhaitent en savoir plus, lIfsttar propose un.. Vous etes amen\u00e9s \u00e0 c\u00f4toyer les familles et proches aidants de personnes en souffrance psychique, lassociation OEUVRE FARLET en partenariat avec lUNAFAM organise deux s\u00e9jours \u00e0 leur attention. <img decoding=\"async\" src=\"http:\/\/www.luzphotos.com\/wp-content\/uploads\/2016\/10\/liste-evenements-photo.png\" alt=\"annuaire des rencontres fr\" align=\"left\"> Ce champ est obligatoire Ce champ est obligatoire Ce champ est obligatoire.<\/p>\n","protected":false},"excerpt":{"rendered":"<p>annuaire des rencontres fr<\/p>\n","protected":false},"author":1,"featured_media":0,"comment_status":"closed","ping_status":"closed","sticky":false,"template":"","format":"standard","meta":{"footnotes":""},"categories":[1],"tags":[],"_links":{"self":[{"href":"http:\/\/versa-line.com\/site\/wp-json\/wp\/v2\/posts\/6265"}],"collection":[{"href":"http:\/\/versa-line.com\/site\/wp-json\/wp\/v2\/posts"}],"about":[{"href":"http:\/\/versa-line.com\/site\/wp-json\/wp\/v2\/types\/post"}],"author":[{"embeddable":true,"href":"http:\/\/versa-line.com\/site\/wp-json\/wp\/v2\/users\/1"}],"replies":[{"embeddable":true,"href":"http:\/\/versa-line.com\/site\/wp-json\/wp\/v2\/comments?post=6265"}],"version-history":[{"count":1,"href":"http:\/\/versa-line.com\/site\/wp-json\/wp\/v2\/posts\/6265\/revisions"}],"predecessor-version":[{"id":6266,"href":"http:\/\/versa-line.com\/site\/wp-json\/wp\/v2\/posts\/6265\/revisions\/6266"}],"wp:attachment":[{"href":"http:\/\/versa-line.com\/site\/wp-json\/wp\/v2\/media?parent=6265"}],"wp:term":[{"taxonomy":"category","embeddable":true,"href":"http:\/\/versa-line.com\/site\/wp-json\/wp\/v2\/categories?post=6265"},{"taxonomy":"post_tag","embeddable":true,"href":"http:\/\/versa-line.com\/site\/wp-json\/wp\/v2\/tags?post=6265"}],"curies":[{"name":"wp","href":"https:\/\/api.w.org\/{rel}","templated":true}]}}