{"id":6085,"date":"2020-10-03T03:55:27","date_gmt":"2020-10-03T03:55:27","guid":{"rendered":"http:\/\/versa-line.com\/site\/?p=6085"},"modified":"2020-09-26T15:18:18","modified_gmt":"2020-09-26T15:18:18","slug":"rencontres-jacques-cartier-lyon-2","status":"publish","type":"post","link":"http:\/\/versa-line.com\/site\/2020\/10\/03\/rencontres-jacques-cartier-lyon-2\/","title":{"rendered":"Rencontres Jacques Cartier Lyon"},"content":{"rendered":"<p> <img decoding=\"async\" src=\"http:\/\/mudus.gq\/wp-content\/uploads\/2014\/10\/promenade-confort.png\" alt=\"rencontres jacques cartier lyon\" align=\"center\"> Eclairage beaut\u00e9 pour des photos et vid\u00e9os plus qualitatives Willy Ronis, Andr\u00e9 Kert\u00e9sz, Robert Capa, Bruno R\u00e9quillart, Marcel Bovis, Ren\u00e9 Jacques, Fred Stein : autant dartistes talentueux et internationalement reconnus qui, gr\u00e2ce \u00e0 des partenariats prestigieux, ont pu \u00eatre mis en lumi\u00e8re et pr\u00e9sent\u00e9s au public depuis 2009, dabord au coeur du mus\u00e9e arch\u00e9ologique Eburomagus puis au sein de lespace arts et cultures : les Essarts! <img decoding=\"async\" src=\"http:\/\/medias.estac.fr\/sites\/estac.fr\/images\/statique\/pages\/equipes\/groupe-professionnel\/img-statique-effectif-pro-une.jpg\" alt=\"rencontres jacques cartier lyon\" align=\"center\"> Organis\u00e9s depuis plus de 30 ans par le Centre Jacques Cartier, chaque ann\u00e9e alternativement en Auvergne-Rh\u00f4ne-Alpes, et au Qu\u00e9bec et au sein de leurs m\u00e9tropoles : Lyon, Montr\u00e9al, Saint-\u00c9tienne et Clermont-Ferrand, les Entretiens Jacques Cartier ont pour but de favoriser la dynamique de r\u00e9seau, le rayonnement et lattractivit\u00e9 de ces territoires. Dans le monde du football fran\u00e7ais, loutil que nous proposons est Membres de d\u00e9l\u00e9gation de la R\u00e9gion Auvergne-Rh\u00f4ne-Alpes et partenaires des Entretiens Jacques Cartier Laurent Lefevre, Charg\u00e9 de recherches, INRIA, Laboratoire LIP, Ecole Normale Sup\u00e9rieure de Lyon LUCA participera pour la premi\u00e8re fois \u00e0 la 31e \u00e9dition des Entretiens Jacques Cartier EJC qui se d\u00e9clineront sur lensemble du territoire r\u00e9gional du 12 14 novembre 2018.   Comme tous les familiers de la rue, Doisneau a su fixer cette gravit\u00e9 rayonnante qui isole un \u00eatre humain de la foule, ces moments de gr\u00e2ce qui rassemblent des passants dans lillusion dun instant comme dans une g\u00e9om\u00e9trie de r\u00eave. Jean-Fran\u00e7ois Chevrier Il est \u00e9vident quen 45 minutes, il soit impossible de d\u00e9battre de tous les aspects dun tel syst\u00e8me. Il reste que lexercice nous as permis, ainsi quau public pr\u00e9sent, de cerner les grands enjeux et les grands d\u00e9fis de ce mod\u00e8le. Des enfants et adolescents de 6 \u00e0 17 ans sont recherch\u00e9s pour une \u00e9tude en lien avec le confinement. Hiver, printemps, \u00e9t\u00e9, automne.. Les saisons se succ\u00e8dent et les salons des loisirs cr\u00e9atifs et.. Jaccepte de recevoir des infos, des jeux et des offres privil\u00e8ges du site <img decoding=\"async\" src=\"http:\/\/www.clubcicinternational.com\/image-diapo\/cic_marriott-9.jpg\" alt=\"rencontres jacques cartier lyon\" align=\"right\"> LO.L. : Quels sont les objectifs de cet \u00e9v\u00e9nement intercontinental? Le Grand Montr\u00e9al et la M\u00e9tropole de Lyon sallient Signature dun protocole dentente au d\u00e9part pour promouvoir le rayonnement de Lyon sur la sc\u00e8ne internationale. Retrouvez toutes les infos football du District Ille et Vilaine. Ce district est dans la.<\/p>\n","protected":false},"excerpt":{"rendered":"<p>rencontres jacques cartier lyon<\/p>\n","protected":false},"author":1,"featured_media":0,"comment_status":"closed","ping_status":"closed","sticky":false,"template":"","format":"standard","meta":{"footnotes":""},"categories":[1],"tags":[],"_links":{"self":[{"href":"http:\/\/versa-line.com\/site\/wp-json\/wp\/v2\/posts\/6085"}],"collection":[{"href":"http:\/\/versa-line.com\/site\/wp-json\/wp\/v2\/posts"}],"about":[{"href":"http:\/\/versa-line.com\/site\/wp-json\/wp\/v2\/types\/post"}],"author":[{"embeddable":true,"href":"http:\/\/versa-line.com\/site\/wp-json\/wp\/v2\/users\/1"}],"replies":[{"embeddable":true,"href":"http:\/\/versa-line.com\/site\/wp-json\/wp\/v2\/comments?post=6085"}],"version-history":[{"count":1,"href":"http:\/\/versa-line.com\/site\/wp-json\/wp\/v2\/posts\/6085\/revisions"}],"predecessor-version":[{"id":6086,"href":"http:\/\/versa-line.com\/site\/wp-json\/wp\/v2\/posts\/6085\/revisions\/6086"}],"wp:attachment":[{"href":"http:\/\/versa-line.com\/site\/wp-json\/wp\/v2\/media?parent=6085"}],"wp:term":[{"taxonomy":"category","embeddable":true,"href":"http:\/\/versa-line.com\/site\/wp-json\/wp\/v2\/categories?post=6085"},{"taxonomy":"post_tag","embeddable":true,"href":"http:\/\/versa-line.com\/site\/wp-json\/wp\/v2\/tags?post=6085"}],"curies":[{"name":"wp","href":"https:\/\/api.w.org\/{rel}","templated":true}]}}