{"id":6059,"date":"2020-10-03T00:57:23","date_gmt":"2020-10-03T00:57:23","guid":{"rendered":"http:\/\/versa-line.com\/site\/?p=6059"},"modified":"2020-09-26T13:30:12","modified_gmt":"2020-09-26T13:30:12","slug":"rta-rencontre-theatre-ados-3","status":"publish","type":"post","link":"http:\/\/versa-line.com\/site\/2020\/10\/03\/rta-rencontre-theatre-ados-3\/","title":{"rendered":"Rta Rencontre Th\u00e9\u00e2tre-Ados"},"content":{"rendered":"<p>Voulez-vous activer les alertes du navigateur? Oui Non  Le Festival annuel de la Rencontre Th\u00e9\u00e2tre Ados approche \u00e0 grand pas! Du 8 avril au 2 mai 2013, les spectacles de notre merveilleuse programmation prendront vie dans divers lieux de diffusion lavallois! Notre mission \u00e0 la RTA est de pr\u00e9senter des oeuvres de cr\u00e9ation contemporaine. Nous croyons que ces formes parlent plus aux publics auxquels nous nous adressons. Le papa dune jeune fille de 16 ans, qui a beaucoup fraternis\u00e9 avec le jeune public \u00e0 l\u00e9poque o\u00f9 il jouait dans la com\u00e9die Dans une galaxie pr\u00e8s de chez vous, se r\u00e9jouit par ailleurs de constater que la RTA propose \u00e0 sa client\u00e8le un contenu accessible et adapt\u00e9 \u00e0 sa r\u00e9alit\u00e9. Autre erreur lors de louverture de session qui ne figure pas sur cette liste Directeur g\u00e9n\u00e9ral et artistique Diffusion En Sc\u00e8ne Th\u00e9\u00e2tre Gilles Vigneault, Saint-J\u00e9r\u00f4me Ici on parle de tout ce qui na pas sa place ailleurs, les hors-sujets quoi <img decoding=\"async\" src=\"http:\/\/www.collehction.tk\/asset\/cms\/964x603\/147081\/config\/100888\/ce-grand-gaillard-doit-affronter-une-rude-concurrence-au-blason-souvent-plus-prestigieux.jpg\" alt=\"rta rencontre th\u00e9\u00e2tre-ados\" align=\"left\"> Probl\u00e8me avec le Code dacc\u00e8s personnel CAP ou avec le Code dacc\u00e8s CA de lassurance emploi Utilisez Instagram pour \u00eatre le premier \u00e0 mettre votre photo! Il ne sagit pas que dun voyage dagr\u00e9ment, ils seront porteurs dun projet quils devront d\u00e9fendre, pr\u00e9vient le directeur de la MJC, Bruno Houl\u00e8s, \u00e9tant bien pr\u00e9cis\u00e9, aussi, que les familles des heureux \u00e9lus contribueront au financement dune partie du voyage. Afin de pr\u00e9parer au mieux leur aventure th\u00e9\u00e2trale qu\u00e9b\u00e9coise, les dix ados retenus seront convi\u00e9s \u00e0 plusieurs s\u00e9ances de r\u00e9p\u00e9tition, en compagnie du metteur en sc\u00e8ne Olivier Royer. <img decoding=\"async\" src=\"http:\/\/3.bp.blogspot.com\/-hGb_ldhmahs\/U9DTFJQA-wI\/AAAAAAAAE_k\/VCvYiG_6qu0\/s1600\/1984+05+Article+RTA+Phonostalgie0001.jpg\" alt=\"rta rencontre th\u00e9\u00e2tre-ados\" align=\"center\"> R\u00e9duction de 10 pour tout groupe de 10 personnes et plus. \u00c9change  La Rencontre Th\u00e9\u00e2tre Ados. Con\u00e7u par l\u00e9quipe de la Rencontre Th\u00e9\u00e2tre Ados Bernard G\u00e9n\u00e9reux a \u0153uvr\u00e9 \u00e0 titre de directeur g\u00e9n\u00e9ral de la municipalit\u00e9 de Val-David. Il a aussi \u00e9t\u00e9 pr\u00e9sident de la F\u00e9d\u00e9ration qu\u00e9b\u00e9coise des municipalit\u00e9s, maire de Sainte-Prime et pr\u00e9fet de la MRC Domaine du Roy. Bernard G\u00e9n\u00e9reux d\u00e9tient une grande connaissance du territoire et de son fonctionnement. Par ses divers engagements, il a \u00e9t\u00e9 \u00e0 la t\u00eate de nombreux projets et r\u00e9alisations. Impliqu\u00e9 dans le domaine communautaire, politique, culturel et touristique, il saura apporter \u00e0 RIDEAU une expertise certaine. De plus, les 26 et 27 avril prochain auront lieu le grand Match des \u00c9toiles ainsi que les finales de la Ligue dimprovisation de la Rencontre Th\u00e9\u00e2tre Ados LIRTA au Coll\u00e8ge Letendre! Venez encourager vos \u00e9quipes favorites! Envie de renouveler votre gamme FPV? Nh\u00e9sitez pas \u00e0 vendre le matos que ne vous sert plus.  Didier vient \u00e0 tous les spectacles et sint\u00e9resse vivement \u00e0 la r\u00e9action du public adolescent, confie Sylvie Lessard. Cest un engagement quil remplit avec respect, fiert\u00e9 et une grande sinc\u00e9rit\u00e9 de coeur. Cabinet du ministre du Patrimoine canadien et du Multiculturalisme <img decoding=\"async\" src=\"http:\/\/idata.over-blog.com\/3\/99\/22\/02\/2014\/2014-06\/28062014-IMG_5649.jpg\" alt=\"rta rencontre th\u00e9\u00e2tre-ados\" align=\"center\"> Ses textes sont jou\u00e9s et lus en Afrique, en France, Pologne Canada et en Suisse : Jamais Lu Montr\u00e9al, RTA-Rencontres Th\u00e9\u00e2tre Ado-Montr\u00e9al, Les Francophonies en Limousin, Nouvelles Z\u00e9brures, Festival TRAFIk, Festival Internationale des Arts de Bordeaux M\u00e9tropole, Th\u00e9\u00e2tre Darius Milhaud, Festival Univers des mots en Guin\u00e9e, ComptoArt 54 au Cameroun. Nous avions tellement h\u00e2te de vous la d\u00e9voiler mais la SAGESSE nous dicte que lattente est de mise, puisque les \u00e9coles secondaires sont ferm\u00e9es jusquen septembre et que nos partenaires de diffusion sont toujours dans lincertitude quant \u00e0 la date de reprise officielle de leurs activit\u00e9s en salle. Gardons tout de m\u00eame notre joie bien vive : le th\u00e9\u00e2tre reprendra et nous serons tous au rendez-vous pour c\u00e9l\u00e9brer les 25 ans de la Rencontre Th\u00e9\u00e2tre Ados en avril 2021!<\/p>\n","protected":false},"excerpt":{"rendered":"<p>rta rencontre th\u00e9\u00e2tre-ados<\/p>\n","protected":false},"author":1,"featured_media":0,"comment_status":"closed","ping_status":"closed","sticky":false,"template":"","format":"standard","meta":{"footnotes":""},"categories":[1],"tags":[],"_links":{"self":[{"href":"http:\/\/versa-line.com\/site\/wp-json\/wp\/v2\/posts\/6059"}],"collection":[{"href":"http:\/\/versa-line.com\/site\/wp-json\/wp\/v2\/posts"}],"about":[{"href":"http:\/\/versa-line.com\/site\/wp-json\/wp\/v2\/types\/post"}],"author":[{"embeddable":true,"href":"http:\/\/versa-line.com\/site\/wp-json\/wp\/v2\/users\/1"}],"replies":[{"embeddable":true,"href":"http:\/\/versa-line.com\/site\/wp-json\/wp\/v2\/comments?post=6059"}],"version-history":[{"count":1,"href":"http:\/\/versa-line.com\/site\/wp-json\/wp\/v2\/posts\/6059\/revisions"}],"predecessor-version":[{"id":6060,"href":"http:\/\/versa-line.com\/site\/wp-json\/wp\/v2\/posts\/6059\/revisions\/6060"}],"wp:attachment":[{"href":"http:\/\/versa-line.com\/site\/wp-json\/wp\/v2\/media?parent=6059"}],"wp:term":[{"taxonomy":"category","embeddable":true,"href":"http:\/\/versa-line.com\/site\/wp-json\/wp\/v2\/categories?post=6059"},{"taxonomy":"post_tag","embeddable":true,"href":"http:\/\/versa-line.com\/site\/wp-json\/wp\/v2\/tags?post=6059"}],"curies":[{"name":"wp","href":"https:\/\/api.w.org\/{rel}","templated":true}]}}