{"id":6043,"date":"2020-10-03T11:19:24","date_gmt":"2020-10-03T11:19:24","guid":{"rendered":"http:\/\/versa-line.com\/site\/?p=6043"},"modified":"2020-09-26T12:51:27","modified_gmt":"2020-09-26T12:51:27","slug":"rencontre-benoit-xvi-et-pape-2","status":"publish","type":"post","link":"http:\/\/versa-line.com\/site\/2020\/10\/03\/rencontre-benoit-xvi-et-pape-2\/","title":{"rendered":"Rencontre Benoit Xvi Et Pape"},"content":{"rendered":"<p>Avec la newsletter quotidienne du HuffPost, recevez par email les infos les plus importantes et les meilleurs articles du jour.  Un an apr\u00e8s sa renonciation historique : La retraite paisible de Beno\u00eet XVI Critique de cin\u00e9ma, essais litt\u00e9raires, litt\u00e9rature jeunesse, sujets de soci\u00e9t\u00e9 et environnementaux Le Grand T\u00e9moin Louis Daufresne re\u00e7oit Hugues de La Rocque, petit-fils du colonel Fran\u00e7ois de La Rocque, \u00e0 loccasion de lanniversaire de lappel du 18 juin 1940 par le g\u00e9n\u00e9ral de Gaulle. Dans la vie davant c\u00e9taient les vraies guerres et les conflits r\u00e9els qui \u00e9taient la raison des rencontres inter-religieuses promues par lEglise conciliaire sous les pontificats de Jean-Paul II et Benoit XVI, dans lespoir, trompeuse esp\u00e9rance, datteindre ainsi une paix mondiale et fraternit\u00e9 humaine par la r\u00e9union de toutes les religions. Une paix mondiale qui nest toujours pas au rendez-vous malgr\u00e9 la multiplication de ces rencontres incantatoires. Emportez lactualit\u00e9 internationale partout avec vous! T\u00e9l\u00e9chargez lapplication France 24 Le, Beno\u00eet XVI fait une distinction nette entre et homosexualit\u00e9. P\u00e8re Bernard-Marie Geffroy : pour la lib\u00e9ration de l\u00e2me A loccasion de lexposition L\u00e9pop\u00e9e du canal de Suez, des pharaons au XXI\u00e8me si\u00e8cle \u00e0 lInstitut du monde arabe, Planisph\u00e8re re\u00e7oit lhistorienne Caroline Piquet, auteur du Canal de Suez, aux \u00e9ditions Erick Bonnier, pour parler de lhistoire et de lactualit\u00e9 du canal. Les v\u00e9rit\u00e9s 2018 Les \u00e9v\u00eaques du Liban sonnent lalerte : dans dix ans le Moyen Orient sera islamis\u00e9 et viendra ensuite le tour de lEurope. Immigration et antis\u00e9mitisme reviennent \u00e0 la une de lactualit\u00e9. Prostitution infantile : le fil conducteur, cest surtout la fragilit\u00e9 et le manque de confiance en soi, cest dans toutes les classes sociales et, sur afp.google.com, 15 juin 2008 consult\u00e9 le 13 f\u00e9vrier 2010 Le pape Fran\u00e7ois continue dimposer sa marque f\u00e9ministe \u00e0 la Curie en nommant une femme \u00e0 la t\u00eate dun poste \u00e0 responsabilit\u00e9. Francesca Di Giovanni se voit d\u00e9sormais assumer la fonction de sous-secr\u00e9taire charg\u00e9e du multilat\u00e9ralisme \u00e0 la section des Relations avec les Etats au Vatican. Puis, par un d\u00e9cret du 21 janvier 2009 rendu public le 24, le pr\u00e9fet de la Congr\u00e9gation pour les \u00e9v\u00eaques agissant au nom du pape Beno\u00eet XVI l\u00e8ve lexcommunication des quatre \u00e9v\u00eaques de la FSSPX. Parmi eux se trouve M gr, qui a fait publiquement des d\u00e9clarations. <img decoding=\"async\" src=\"http:\/\/i.f1g.fr\/media\/ext\/800x_crop\/www.lefigaro.fr\/medias\/2013\/06\/17\/PHO024e834c-cf7c-11e2-9da0-78744fbfc724-805x453.jpg\" alt=\"rencontre benoit xvi et pape\" align=\"left\"> Quand il sinstallera en mai dans un ancien monast\u00e8re sur la colline du Vatican, le pape \u00e9m\u00e9rite sera \u00e0 quelques pas des bureaux de Fran\u00e7ois. Un voisinage in\u00e9dit et d\u00e9licat d\u00e9butera, et des rencontres seront possibles dans les jardins du petit Etat. Le p\u00e8re Yannik Bonnet est d\u00e9c\u00e9d\u00e9 ce vendredi 16 mars au soir, des suites dun cancer foudroyant. Celui qui fut p\u00e8re de famille avant de devenir pr\u00eatre, \u00e9tait tr\u00e8s attach\u00e9 \u00e0 la figure de saint Joseph. Les Chr\u00e9tiens entrent dans la p\u00e9riode du Car\u00eame qui pr\u00e9c\u00e8de la f\u00eate de P\u00e2ques. Le p\u00e8re Christian Maheas nous \u00e9claire sur la signification du Car\u00eame en 2018. Grand t\u00e9moin Catherine Br\u00e9chignac, secr\u00e9taire perp\u00e9tuelle de lAcad\u00e9mie des Sciences, publie LIrr\u00e9sistible envie de savoir Cherche midi. Elle nous parle des enjeux de la bio\u00e9thique et de la place des sciences en France.  Chers fr\u00e8res et s\u0153urs, contempler ensemble le visage du Christ avec le c\u0153ur de Marie, notre M\u00e8re, nous rendra encore plus unis comme famille spirituelle et nous aidera \u00e0 surmonter cette \u00e9preuve. Alors que nous faisons face \u00e0 la pand\u00e9mie de Covid-19, le 25 avril dernier, le pape Fran\u00e7ois nous invitait \u00e0 prier <img decoding=\"async\" src=\"http:\/\/alarecherchedutempspresent.fr\/wp-content\/uploads\/2017\/10\/AVT_Pape-Benoit-XVI_9655.jpg\" alt=\"rencontre benoit xvi et pape\" align=\"right\"> <img decoding=\"async\" src=\"http:\/\/media.melty.fr\/article-2376091-ratio_320\/pape-francois-plus-de-15-millions-d-apos.jpg\" alt=\"rencontre benoit xvi et pape\" align=\"left\">  Une \u00e9tape importante fut franchie le 27 octobre 1986, lorsque le pape Jean-Paul II r\u00e9unit 130 repr\u00e9sentants de diverses religions \u00e0 Assise, afin de prier pour la paix dans le monde. Mgr Marcel Lefebvre a d\u00e9nonc\u00e9 cette atteinte au premier commandement de Dieu, \u00e0 lunicit\u00e9 du salut qui ne se trouve en aucun autre quen J\u00e9sus-Christ. Cest d\u00e9sormais officiel, Paris organisera les Jeux olympiques en 2024. Vraie ou fausse bonne nouvelle? Fr\u00e9d\u00e9ric Viale, membre du collectif Non aux JO 2024 \u00e0 Paris, Pierre Rondeau \u00e9conomiste du sport et Emmanuel Gr\u00e9goire, adjoint \u00e0 la maire de Paris, ne sont pas daccord et nous expliquent pourquoi D\u00e9cryptage. Australie : la condamnation pour p\u00e9dophilie du cardinal Pell confirm\u00e9e en appel.<\/p>\n","protected":false},"excerpt":{"rendered":"<p>rencontre benoit xvi et pape<\/p>\n","protected":false},"author":1,"featured_media":0,"comment_status":"closed","ping_status":"closed","sticky":false,"template":"","format":"standard","meta":{"footnotes":""},"categories":[1],"tags":[],"_links":{"self":[{"href":"http:\/\/versa-line.com\/site\/wp-json\/wp\/v2\/posts\/6043"}],"collection":[{"href":"http:\/\/versa-line.com\/site\/wp-json\/wp\/v2\/posts"}],"about":[{"href":"http:\/\/versa-line.com\/site\/wp-json\/wp\/v2\/types\/post"}],"author":[{"embeddable":true,"href":"http:\/\/versa-line.com\/site\/wp-json\/wp\/v2\/users\/1"}],"replies":[{"embeddable":true,"href":"http:\/\/versa-line.com\/site\/wp-json\/wp\/v2\/comments?post=6043"}],"version-history":[{"count":1,"href":"http:\/\/versa-line.com\/site\/wp-json\/wp\/v2\/posts\/6043\/revisions"}],"predecessor-version":[{"id":6044,"href":"http:\/\/versa-line.com\/site\/wp-json\/wp\/v2\/posts\/6043\/revisions\/6044"}],"wp:attachment":[{"href":"http:\/\/versa-line.com\/site\/wp-json\/wp\/v2\/media?parent=6043"}],"wp:term":[{"taxonomy":"category","embeddable":true,"href":"http:\/\/versa-line.com\/site\/wp-json\/wp\/v2\/categories?post=6043"},{"taxonomy":"post_tag","embeddable":true,"href":"http:\/\/versa-line.com\/site\/wp-json\/wp\/v2\/tags?post=6043"}],"curies":[{"name":"wp","href":"https:\/\/api.w.org\/{rel}","templated":true}]}}