{"id":6021,"date":"2020-10-03T01:04:09","date_gmt":"2020-10-03T01:04:09","guid":{"rendered":"http:\/\/versa-line.com\/site\/?p=6021"},"modified":"2020-09-26T12:20:47","modified_gmt":"2020-09-26T12:20:47","slug":"institut-des-rencontres-de-la-form-2","status":"publish","type":"post","link":"http:\/\/versa-line.com\/site\/2020\/10\/03\/institut-des-rencontres-de-la-form-2\/","title":{"rendered":"Institut Des Rencontres De La Form"},"content":{"rendered":"<p>Le mot bact\u00e9rie appara\u00eet pour la premi\u00e8re fois avec le allemand en. Ce mot d\u00e9rive du grec \u03b2\u03b1\u03ba\u03c4\u03b7\u03c1\u03b9\u03bf\u03bd, qui signifie b\u00e2tonnet. Parall\u00e8lement Haeckel inventa en lembranchement Monera pour regrouper au sein de son r\u00e8gne Protista tous les microorganismes sans structure interne bien quexcluant les, alors class\u00e9es parmi les plantes. Ferdinand Cohn utilisa \u00e0 son tour le terme Bacteria comme en 1870 et tenta le premier de les classer rigoureusement selon leur morphologie. Pour Cohn, les bact\u00e9ries \u00e9taient des plantes primitives non chlorophylliennes. \u00c0 la suite des travaux de Cohn, Haeckel r\u00e9visa la circonscription de ses mon\u00e8res pour y inclure les cyanobact\u00e9ries. Les termes de mon\u00e8re et de bact\u00e9rie devinrent alors synonymes. Ce num\u00e9ro est un service payant \u00e9dit\u00e9 par INSTITUT DES RENCONTRES DE LA FORME 35 r\u00e9parti entre les salari\u00e9s, consultantsformateurs Attention : HTML5 nest pas support\u00e9 par votre navigateur! Le premier MatchingDay sest tenu vendredi 25 septembre dernier avec les ing\u00e9nieurs et chercheurs du TechnoCentre de Renault venus rencontrer les chercheurs de lICM. La directrice de la recherche du groupe Renault-Nissan \u00e9tait \u00e9galement pr\u00e9sente afin de d\u00e9couvrir les travaux de recherche de nos \u00e9quipes. Cet \u00e9v\u00e8nement fut \u00e9galement loccasion de pr\u00e9senter, en avant-premi\u00e8re mondiale, leurs derni\u00e8res avanc\u00e9es. Cet \u00e9v\u00e8nement a \u00e9t\u00e9 un succ\u00e8s en termes de partenariats et de financements pour nos \u00e9quipes. <img decoding=\"async\" src=\"http:\/\/www.ecowas.int\/wp-content\/uploads\/2018\/09\/Commissioner-Apraku-M-Mamadou-Diarrah-R-and-Madjiguene-Dia-L-2-1024x682.jpg\" alt=\"institut des rencontres de la form\" align=\"center\"> The aim of the Mobilities for Inclusion Forum run on October 6 and 7, 2005, in Saint-Nazaire was thus to bring together all the stakeholders around a programme of lectures, debates and personal accounts for an operational approach to this new social issue. Points g\u00e2chettes Comment soulager vos douleurs Licence STAPS APAS activit\u00e9s physiques adapt\u00e9es et sant\u00e9 2013 13-19 March 2015: worshop in Shanghai with the 8 selected teams, concluding with a prize awards ceremony and a public presentationdebate about the projects  FormCity say\u0259sind\u0259 performanslar\u0131n\u0131z\u0131n b\u00fct\u00fcn statistikalar\u0131n\u0131 tap\u0131n: s\u0259f\u0259rin m\u00fcdd\u0259ti, s\u0259yah\u0259t m\u0259saf\u0259, h\u00fcnd\u00fcrl\u00fck f\u0259rqi, orta s\u00fcr\u0259t, yand\u0131r\u0131lm\u0131\u015f kaloril\u0259r v\u0259 onlar\u0131 payla\u015f\u0131n. <img decoding=\"async\" src=\"http:\/\/www.culture-routes.net\/sites\/default\/files\/phoenicians.jpg\" alt=\"institut des rencontres de la form\" align=\"right\"> Directed by Georges Amar, Mireille Apel-Muller and Sabine Chardonnet-Darmaillacq-Formation professionnelle depuis Septembre 1996, dans le domaine de lEntreprise, intervenant dans les CREPS, Universit\u00e9s et Organismes de Formation,, et donnent laccent catalan au festival de th\u00e9\u00e2tre pour tous les publics du Grand-Bornand, rendez-vous estival habituel de nombreuses compagnies catalanes en raison de son partenariat avec la. La s\u00e9lection de cette ann\u00e9e fait le grand \u00e9cart entre les propositions pour les tous petits et les aventures existentielles et technologiques dun petit chaperon rouge galactique pour les plus grands, en passant par un voyage au centre de la terre, des acrobaties circassiennes sur des structures en bambou ou les p\u00e9rip\u00e9ties de trois mimes contorsionnistes. La compagnie valencienne, organisatrice du festival international de mime de Sueca, pr\u00e9sente \u00e9galement son spectacle Dot. Et le r\u00e9seau avait un cadre institutionnel de travail.  ACL DEBSKA A, BALANDRAUD X, DESTREBECQ J, GWOZDZIEWICZ ANDANDRZEJ SERUGA P. <img decoding=\"async\" src=\"http:\/\/www.ccne-ethique.fr\/sites\/default\/files\/dsicard.jpg\" alt=\"institut des rencontres de la form\" align=\"left\"> Courriers, exemples de lettres, p\u00e9titions, contacts et adresses, fichiers divers qui pourraient \u00eatre utiles aux autres LC dans le cadre de leurs actions. .<\/p>\n","protected":false},"excerpt":{"rendered":"<p>institut des rencontres de la form<\/p>\n","protected":false},"author":1,"featured_media":0,"comment_status":"closed","ping_status":"closed","sticky":false,"template":"","format":"standard","meta":{"footnotes":""},"categories":[1],"tags":[],"_links":{"self":[{"href":"http:\/\/versa-line.com\/site\/wp-json\/wp\/v2\/posts\/6021"}],"collection":[{"href":"http:\/\/versa-line.com\/site\/wp-json\/wp\/v2\/posts"}],"about":[{"href":"http:\/\/versa-line.com\/site\/wp-json\/wp\/v2\/types\/post"}],"author":[{"embeddable":true,"href":"http:\/\/versa-line.com\/site\/wp-json\/wp\/v2\/users\/1"}],"replies":[{"embeddable":true,"href":"http:\/\/versa-line.com\/site\/wp-json\/wp\/v2\/comments?post=6021"}],"version-history":[{"count":1,"href":"http:\/\/versa-line.com\/site\/wp-json\/wp\/v2\/posts\/6021\/revisions"}],"predecessor-version":[{"id":6022,"href":"http:\/\/versa-line.com\/site\/wp-json\/wp\/v2\/posts\/6021\/revisions\/6022"}],"wp:attachment":[{"href":"http:\/\/versa-line.com\/site\/wp-json\/wp\/v2\/media?parent=6021"}],"wp:term":[{"taxonomy":"category","embeddable":true,"href":"http:\/\/versa-line.com\/site\/wp-json\/wp\/v2\/categories?post=6021"},{"taxonomy":"post_tag","embeddable":true,"href":"http:\/\/versa-line.com\/site\/wp-json\/wp\/v2\/tags?post=6021"}],"curies":[{"name":"wp","href":"https:\/\/api.w.org\/{rel}","templated":true}]}}