{"id":5695,"date":"2020-10-02T22:31:49","date_gmt":"2020-10-02T22:31:49","guid":{"rendered":"http:\/\/versa-line.com\/site\/?p=5695"},"modified":"2020-09-26T00:44:17","modified_gmt":"2020-09-26T00:44:17","slug":"rencontres-averroes-marseille-2","status":"publish","type":"post","link":"http:\/\/versa-line.com\/site\/2020\/10\/02\/rencontres-averroes-marseille-2\/","title":{"rendered":"Rencontres Averroes Marseille"},"content":{"rendered":"<p>L\u00e9dition papier du vendredi le Magazine Humanit\u00e9 Dimanche tout le site humanite.fr en illimit\u00e9 Con\u00e7ues en 1994 par Thierry Fabre, essayiste et r\u00e9dacteur en chef de la revue litt\u00e9raire La pens\u00e9e de Midi, avec Edgar Pisani \u00e0 lInstitut du Monde Arabe et Jean Marie Borzeix \u00e0 France Culture, les Rencontres dAverro\u00e8s se proposent de penser la M\u00e9diterran\u00e9e des deux rives et dorganiser la controverse autour de trois tables rondes, temps forts de l\u00e9v\u00e9nement et visent \u00e0 apporter de la clart\u00e9 et de la complexit\u00e9 \u00e0 des visions trop souvent embrouill\u00e9es et simplifi\u00e9es. En 2006, un centre hospitalier de prend le nom dIbn Rochd. <img decoding=\"async\" src=\"http:\/\/s3.amazonaws.com\/medias.photodeck.com\/48c2244c-2a8f-4cc7-a68a-e823b92363a0\/PBE-X100F-20171118-6315-The_Butcher~2_medium.jpg\" alt=\"rencontres averroes marseille\" align=\"right\"> qui vous concernent. Pour lexercer, vous pourrez cliquer sur le lien de d\u00e9sinscription dans Toutes les \u00e9ditions papier Magazine Humanit\u00e9 Dimanche tout le site humanite.fr en illimit\u00e9 Averro\u00e8s trad. Marc Geoffroy et Carlos Steel, La b\u00e9atitude de l\u00e2me, Paris, Vrin, coll. Sic et non, 2002, 338 p.. Accepter Fermer la banni\u00e8re davertissement sur les cookies LeJMED.fr Peut-on appliquer la paradigme de Cordoue au moment pr\u00e9sent, selon vous? Au XIX e si\u00e8cle, Averro\u00e8s, qui avait \u00e9t\u00e9 oubli\u00e9 dans le monde arabo-musulman, est red\u00e9couvert lors de la, la Renaissance arabe. Marc Geoffroy, sp\u00e9cialiste arabisant dAverro\u00e8s, \u00e9crit que L\u0153uvre dIbn Rushd a donc \u00e9t\u00e9 assez abondamment comment\u00e9e depuis la fin du XIX e si\u00e8cle dans le monde arabe. Geoffroy ajoute que les id\u00e9es du ont \u00e9t\u00e9 utilis\u00e9es comme argument en faveur du grand postulat r\u00e9formiste selon lequel la religion islamique, essentiellement rationnelle, peut et doit servir \u00e0 l\u00e9mancipation des soci\u00e9t\u00e9s musulmanes. Andr\u00e9 Bazzana, Nicole B\u00e9riou, et al, Averro\u00e8s et laverro\u00efsme XII e : XV e si\u00e8cle : Un itin\u00e9raire historique du Haut Atlas \u00e0 Paris et \u00e0 Padoue, Lyon, PUL, coll. Histoire et arch\u00e9ologie m\u00e9di\u00e9vales, 2005, 348 p.,. Lecture Petites et autres histoires des filles des mers, une proposition de Eva Doumbia en collaboration avec la 9e \u00e9dition des Rencontres \u00e0 l\u00e9chelle suivie de la projection de Rue Cases-N\u00e8gres de Euzhan Palcy Le P\u00f4le-Structure : ESPACE CULTURE MARSEILLE-RENCONTRE DAVERROES <img decoding=\"async\" src=\"http:\/\/www.play.bibchic.com\/photos\/00\/0003395-7423631-0.jpg\" alt=\"rencontres averroes marseille\" align=\"left\"> <img decoding=\"async\" src=\"http:\/\/aujourdhui.ma\/wp-content\/uploads\/2016\/02\/xEducation-Ecole-Tanger-eleves-etablissements-scolaires-Maroc.jpg.pagespeed.ic.g8U34zLG1C.jpg\" alt=\"rencontres averroes marseille\" align=\"right\"> Elles re\u00e7oivent le soutien de la Ville de Marseille, de la R\u00e9gion Provence-Alpes-C\u00f4te dAzur, du Centre national du livre CNL. Karima Lazali : Le hirak veut conjurer cette r\u00e9ponse historique de la violence, du fratricide, \u00e0 la d\u00e9claration dexistence. Soit nous allons vers une rupture, et \u00e9crivons notre propre histoire du politique, soit cette m\u00eame histoire du fratricide va se r\u00e9p\u00e9ter.  Mukhtasar al-Mustasf\u0101, LAbr\u00e9g\u00e9 de la Quintessence de la th\u00e9orie l\u00e9gale  Trad. A. Farhat, Paris, Al-Boustane, 2011 sur la m\u00e9thodologie juridique. \u00c0 un affaissement voire \u00e0 un ach\u00e8vement de ce syst\u00e8me, ou au contraire \u00e0 son possible renouveau? Quelles le\u00e7ons tirer du soul\u00e8vement en Alg\u00e9rie et des \u00e9lections europ\u00e9ennes? Quel avenir pour la d\u00e9mocratie, entre Europe et M\u00e9diterran\u00e9e?   Jean-Baptiste Brenet, Les Possibilit\u00e9s de jonction. Averro\u00e8s-Thomas Wylton,, 2013-. Fins de la d\u00e9mocratie? Entre Europe et M\u00e9diterran\u00e9e Penser la M\u00e9diterran\u00e9e des deux rives, telle est, depuis le d\u00e9but, lexigence des Rencontres Les rencontres dAverro\u00e8s m\u00ealent d\u00e9bats et conf\u00e9rences autour de la M\u00e9diterran\u00e9 : elles continuent leur route vers une 18 e \u00e9dition \u00e0 Marseille et proposent par la m\u00eame occasion une version Junior. Selon les organisateurs, plus de 1000 personnes participent \u00e0 chacune des tables rondes. Les d\u00e9bats seront \u00e9galement retransmis sur la radio France Culture. Son \u0153uvre a une grande importance en, o\u00f9 il a influenc\u00e9 les philosophes m\u00e9di\u00e9vaux latins et juifs dits, comme,, et. \u00c0 la, sa philosophie est tr\u00e8s \u00e9tudi\u00e9e \u00e0. De fa\u00e7on g\u00e9n\u00e9rale, il est estim\u00e9 des qui lappellent le Commentateur du Philosophe pour lequel ils ont une v\u00e9n\u00e9ration commune. En revanche, puis les lui reprochent de nier limmortalit\u00e9 et la pens\u00e9e de l\u00e2me individuelle, au profit dun unique pour tous les hommes qui active en nous les id\u00e9es intelligibles.<\/p>\n","protected":false},"excerpt":{"rendered":"<p>rencontres averroes marseille<\/p>\n","protected":false},"author":1,"featured_media":0,"comment_status":"closed","ping_status":"closed","sticky":false,"template":"","format":"standard","meta":{"footnotes":""},"categories":[1],"tags":[],"_links":{"self":[{"href":"http:\/\/versa-line.com\/site\/wp-json\/wp\/v2\/posts\/5695"}],"collection":[{"href":"http:\/\/versa-line.com\/site\/wp-json\/wp\/v2\/posts"}],"about":[{"href":"http:\/\/versa-line.com\/site\/wp-json\/wp\/v2\/types\/post"}],"author":[{"embeddable":true,"href":"http:\/\/versa-line.com\/site\/wp-json\/wp\/v2\/users\/1"}],"replies":[{"embeddable":true,"href":"http:\/\/versa-line.com\/site\/wp-json\/wp\/v2\/comments?post=5695"}],"version-history":[{"count":1,"href":"http:\/\/versa-line.com\/site\/wp-json\/wp\/v2\/posts\/5695\/revisions"}],"predecessor-version":[{"id":5696,"href":"http:\/\/versa-line.com\/site\/wp-json\/wp\/v2\/posts\/5695\/revisions\/5696"}],"wp:attachment":[{"href":"http:\/\/versa-line.com\/site\/wp-json\/wp\/v2\/media?parent=5695"}],"wp:term":[{"taxonomy":"category","embeddable":true,"href":"http:\/\/versa-line.com\/site\/wp-json\/wp\/v2\/categories?post=5695"},{"taxonomy":"post_tag","embeddable":true,"href":"http:\/\/versa-line.com\/site\/wp-json\/wp\/v2\/tags?post=5695"}],"curies":[{"name":"wp","href":"https:\/\/api.w.org\/{rel}","templated":true}]}}