{"id":5591,"date":"2020-10-01T19:09:57","date_gmt":"2020-10-01T19:09:57","guid":{"rendered":"http:\/\/versa-line.com\/site\/?p=5591"},"modified":"2020-09-25T20:56:08","modified_gmt":"2020-09-25T20:56:08","slug":"rencontres-internationales-de-la-photo-de-fes-2","status":"publish","type":"post","link":"http:\/\/versa-line.com\/site\/2020\/10\/01\/rencontres-internationales-de-la-photo-de-fes-2\/","title":{"rendered":"Rencontres Internationales De La Photo De F\u00e8s"},"content":{"rendered":"<p>Laccent devrait \u00eatre mis sur l\u00e9laboration dun nouveau cadre garantissant aux acteurs humanitaires une capacit\u00e9 \u00e0 fournir de laide partout o\u00f9 elle est n\u00e9cessaire, en dehors de toute consid\u00e9ration politique. En particulier, ces acteurs devraient \u00eatre autoris\u00e9s \u00e0 choisir leurs partenaires librement, en fonction de leurs comp\u00e9tences et non de leur loyaut\u00e9 envers le r\u00e9gime. <img decoding=\"async\" src=\"http:\/\/images.marmitoncdn.org\/recipephotos\/multiphoto\/e1\/e17c1960-1c69-42ef-8b86-9237571faf81_normal.jpg\" alt=\"rencontres internationales de la photo de f\u00e8s\" align=\"left\"> Avec Federica Mogherini, un changement de priorit\u00e9s intervient : stabilisation et lutte contre Daech After a week of hearings in Koblenz Germany, the first historic trial to deal with state torture in Syria provided insight on how two refugees a former chief at the General Intelligence Directorate in Damascus and a distant subordinate, now in the box have themselves contributed to their identification and arrest. 16 All survivors Project : Destroyed from within : En novembre 2012 \u00e0 Doha Qatar, elle est \u00e9lue, charg\u00e9e de lorganisation g\u00e9n\u00e9rale de la r\u00e9volution syrienne. Paris Maker Faire 21 22 juin 2014 Apr\u00e8s le succ\u00e8s de Maker Faire Paris Saint-Malo Mini Maker Faire Les 21 et 22 juin 2014 Le FabShop annonce Pr\u00e9sentation Maker Faire par Dale Dougherty le cr\u00e9ateur, Dossier de presse Table des mati\u00e8res 1. Le projet Ina Global, la revue de tous les m\u00e9dias 1.1. Pr\u00e9sentation g\u00e9n\u00e9rale 1.2. Ligne \u00e9ditoriale 1.3. Direction artistique 2. Ina Global, la revue de tous les  Participation de Mohamed Thara au film 2018 de Camille Sauer. 28 min 8 s 2018-R\u00e9sidence de Cr\u00e9ation au friche artistique Abb\u00e9 Glatz, Bois Colombes, France Depuis sa cr\u00e9ation, SNCF Gares Connexions a choisi de mettre la vie culturelle des r\u00e9gions et des villes au c\u0153ur des gares : lart est un \u00e9l\u00e9ment essentiel \u00e0 la vie, \u00e0 lenrichissement personnel et au mieux-vivre ensemble. Agissant comme un r\u00e9v\u00e9lateur dart op\u00e9rant et r\u00e9actif, elle propose des \u00e9v\u00e9nements artistiques et culturels diversifi\u00e9s et sans cesse renouvel\u00e9s, r\u00e9alis\u00e9s en lien \u00e9troit avec les institutions et lactualit\u00e9 culturelle locales. Les gares deviennent ainsi des passerelles vers de nouveaux territoires, elles r\u00e9inventent pour chacun la notion d\u00e9change, de voyage et de d\u00e9placement. DeProfundis, Istanbul International Experimental Film Festival, Istanbul, Turquie <img decoding=\"async\" src=\"http:\/\/www.fantomeditions.com\/wp-content\/uploads\/2014\/11\/3-White-Cocoon-1-Hong-Kong-2010.jpg\" alt=\"rencontres internationales de la photo de f\u00e8s\" align=\"right\"> International Video Art Forum, Dammam, Arabie saoudite 1 1 2 2 Qui est l Union des Femmes Investisseurs Arabes? FICHE D IDENTIT\u00c9 L Union des Femmes Investisseurs Arabes est une entit\u00e9 d\u00e9pendant de la Ligue Arabe. Elle a \u00e9t\u00e9 cr\u00e9\u00e9e par l Union \u00e9conomique arabe La photographie Fran\u00e7aise, CRAF DE Spilimbergo Italie Dans le cadre de la Saison Culturelle France-Maroc 2012, lInstitut fran\u00e7ais de F\u00e8s pr\u00e9sente du 8 au 31 d\u00e9cembre 2012 la 6 \u00e8me \u00e9dition des Rencontres Internationales de la Photo de F\u00e8s sous le titre Une trentaine dartistes aux rencontres internationales de la photo de F\u00e8s Des marches, d\u00e9marches, curated by Guillaume Monsaingeon, Frac Provence Alpes C\u00f4te dAzur, Marseille. Land, Maison Descartes, Institut Fran\u00e7ais des Pays-Bas, Amsterdam Depuis 2011, la production syrienne sest effondr\u00e9e. Cette situation a un impact important \u00e0 la fois sur les revenus de la population et sur les perspectives \u00e0 long terme de l\u00e9conomie. Selon les donn\u00e9es de la Banque mondiale, le PIB de la Syrie en 2015 s\u00e9l\u00e8ve \u00e0 14 milliards de dollars estimation du FMI, contre 60 milliards de dollars en 2010. Le taux de croissance est de-15 avec un solde budg\u00e9taire de-24 du PIB et un taux dinflation de 25,8. Exposition Biennale dOran pr\u00e9sent\u00e9 par Mamia Bretesch\u00e9 Gallery  Carte blanche Agn\u00e8s b, festival Circulations, le Cent-Quatre, Paris, 2016 ArtDependence Magazine, march-avril 2019, Mohamed Thara The Aestheticized Interview by Kisito Assangni.  Rallye photo : coordonn\u00e9 par Omar Chennafi, artiste photographe <img decoding=\"async\" src=\"http:\/\/www.fes-cotedivoire.org\/media\/Forescoop_Gy.jpg\" alt=\"rencontres internationales de la photo de f\u00e8s\" align=\"right\">.<\/p>\n","protected":false},"excerpt":{"rendered":"<p>rencontres internationales de la photo de f\u00e8s<\/p>\n","protected":false},"author":1,"featured_media":0,"comment_status":"closed","ping_status":"closed","sticky":false,"template":"","format":"standard","meta":{"footnotes":""},"categories":[1],"tags":[],"_links":{"self":[{"href":"http:\/\/versa-line.com\/site\/wp-json\/wp\/v2\/posts\/5591"}],"collection":[{"href":"http:\/\/versa-line.com\/site\/wp-json\/wp\/v2\/posts"}],"about":[{"href":"http:\/\/versa-line.com\/site\/wp-json\/wp\/v2\/types\/post"}],"author":[{"embeddable":true,"href":"http:\/\/versa-line.com\/site\/wp-json\/wp\/v2\/users\/1"}],"replies":[{"embeddable":true,"href":"http:\/\/versa-line.com\/site\/wp-json\/wp\/v2\/comments?post=5591"}],"version-history":[{"count":1,"href":"http:\/\/versa-line.com\/site\/wp-json\/wp\/v2\/posts\/5591\/revisions"}],"predecessor-version":[{"id":5592,"href":"http:\/\/versa-line.com\/site\/wp-json\/wp\/v2\/posts\/5591\/revisions\/5592"}],"wp:attachment":[{"href":"http:\/\/versa-line.com\/site\/wp-json\/wp\/v2\/media?parent=5591"}],"wp:term":[{"taxonomy":"category","embeddable":true,"href":"http:\/\/versa-line.com\/site\/wp-json\/wp\/v2\/categories?post=5591"},{"taxonomy":"post_tag","embeddable":true,"href":"http:\/\/versa-line.com\/site\/wp-json\/wp\/v2\/tags?post=5591"}],"curies":[{"name":"wp","href":"https:\/\/api.w.org\/{rel}","templated":true}]}}