{"id":5577,"date":"2020-10-01T04:19:16","date_gmt":"2020-10-01T04:19:16","guid":{"rendered":"http:\/\/versa-line.com\/site\/?p=5577"},"modified":"2020-09-25T20:24:06","modified_gmt":"2020-09-25T20:24:06","slug":"rencontres-nationales-familles-rurales-2","status":"publish","type":"post","link":"http:\/\/versa-line.com\/site\/2020\/10\/01\/rencontres-nationales-familles-rurales-2\/","title":{"rendered":"Rencontres Nationales Familles Rurales"},"content":{"rendered":"<p>11h-11h15 : Pause-caf\u00e9 11h15-13h15 : Cinqui\u00e8me session de panels La politique en faveur des services \u00e0 la personne, f\u00e9vrier 2010. Rapport public de la Cour des Comptes Lassociation le Prix des Incorruptibles organise depuis 25 ans le 1er Prix de litt\u00e9rature jeunesse d\u00e9cern\u00e9 par les jeunes lecteurs de la maternelle \u00e0 la seconde. Groupement \u00e9tudiant national denseignement aux personnes incarc\u00e9r\u00e9es GENEPI LISR est-il la solution vers une \u00e9conomie durable?  Au cours des derni\u00e8res ann\u00e9es, les usagers des banques ont vu les frais bancaires augmenter de fa\u00e7on constante et subissent la facture car les banques pr\u00e9l\u00e8vent ces montants directement sur le compte de leurs clients. Familles Rurales a contribu\u00e9 \u00e0 obliger les banques \u00e0 envoyer en fin dann\u00e9e un r\u00e9capitulatif personnalis\u00e9 des frais sur lann\u00e9e ce qui permet de comparer et, le cas \u00e9ch\u00e9ant de n\u00e9gocier voire, de les contester. Une association peut pr\u00e9tendre \u00e0 un agr\u00e9ment national si elle a vocation \u00e0 couvrir lensemble du territoire national et si son action sexerce effectivement dans un nombre significatif dacad\u00e9mies. Rapport dactivit\u00e9 2007. Le plan de d\u00e9veloppement des services \u00e0 la personne mis en oeuvre depuis 2 ans est une r\u00e9ussite. ANSP-juin 2008 Bourse aux projets pour les acteurs de l\u00e9conomie sociale et solidaire. Y exercer en qualit\u00e9 de fonctionnaire public assujetti \u00e0 r\u00e9sidence obligatoire aucun d\u00e9lai de r\u00e9sidence nest exig\u00e9. <img decoding=\"async\" src=\"http:\/\/www.lesclesdelabanque.com\/\/Web\/Cdb\/ActeursSociaux\/Content.nsf\/DocumentsByIDWeb\/9AZFUA\/$File\/Familles-Rurales.jpg\" alt=\"rencontres nationales familles rurales\" align=\"left\"> suscite la cr\u00e9ation de journaux d\u00e9l\u00e8ves Jeunes Pages de la maternelle au lyc\u00e9e Pour le droit \u00e0 leau pour tous, \u00e9mergence dun espace politique pour le bien commun! Il apporte une contribution majeure \u00e0 la politique \u00e9ducative en faveur de l\u00e9galit\u00e9 filles-gar\u00e7ons. Pourquoi parler \u00e0 quelquun qui est en col\u00e8re nous met en col\u00e8re? <img decoding=\"async\" src=\"http:\/\/www.lebimsa.fr\/wp-content\/uploads\/2013\/09\/P1030639-450x337.jpg\" alt=\"rencontres nationales familles rurales\" align=\"left\"> <img decoding=\"async\" src=\"http:\/\/www.legolaxnd.ga\/3074-home_default\/veste-yabeauty-rouge.jpg\" alt=\"rencontres nationales familles rurales\" align=\"left\">  Contact : 5 boulevard Descartes-Champs-sur-Marne-77454 Marne-la-Vall\u00e9e Cedex2-T\u00e9l : 331.60.95.75.00-Fax : 331.60.95.75.75-Publi\u00e9 le : 01 ao\u00fbt 2019-Mis \u00e0 jour le : 01 ao\u00fbt 2019 Vivre, travailler, sengager : comment choisir et partager sa.. Jeudi apr\u00e8s-midi : jeux de cartes, de lettres, de chiffres et de soci\u00e9t\u00e9  Ce transfert est obligatoire en 2020 pour les communaut\u00e9s dagglom\u00e9ration. Le l\u00e9gislateur a adopt\u00e9 quelques assouplissements pour les communaut\u00e9s.. Sans le repas du midi renseignements et inscriptions aupr\u00e8s de c\u00e9line par mail Well stop supporting this browser soon. For the best experience please. Les Maisons Familiales Rurales \u00e9taient naturellement pr\u00e9sentes lors de cette grande manifestation, en tant que partenaire officiel de Familles Rurales. Elles \u00e9taient donc repr\u00e9sent\u00e9es sur un stand au sein de lespace Emploi Formation, autour duquel une grande partie de l\u00e9quipe de la f\u00e9d\u00e9ration des MFR de Vend\u00e9e \u00e9tait mobilis\u00e9e, mais aussi \u00e0 loccasion du forum intitul\u00e9 Emploi des jeunes, \u00e7a peut marcher! auquel participaient Serge CHEVAL, directeur de l, mais \u00e9galement Denis GOISNEAU, en contrat de professionnalisation au. Ce dernier a d\u00e9livr\u00e9 des messages simples et de bon sens sur le th\u00e8me de lavenir de la jeunesse On nous parle toujours de notre avenir dans 2 ou 3 ans, moi mon avenir cest dans quelques mois, \u00e0 la fin de ma formation ou sur les avantages de lalternance en entreprise : Moi quand je travaille, je ne vois pas le temps passer, et \u00e7a, cest d\u00e9j\u00e0 tr\u00e8s important! Serge CHEVAL a tenu quant \u00e0 lui \u00e0 rappeler les grandes valeurs de la p\u00e9dagogie de lalternance : une p\u00e9dagogie de la rencontre qui permet de donner et de recevoir de la confiance, et qui facilite louverture aux autres et au Monde. Tous ont insist\u00e9 \u00e0 loccasion de ce forum sur limportance des bas de CV et du savoir \u00eatre dans la recherche demploi, engageant les jeunes \u00e0 prendre des responsabilit\u00e9s, notamment dans le milieu associatif. Il nexiste pas de lien direct entre lagr\u00e9ment et la possibilit\u00e9 pour une association d\u00eatre subventionn\u00e9e par le minist\u00e8re de l\u00c9ducation nationale. Sont soutenues des associations dont le programme daction sadresse aux \u00e9l\u00e8ves du 1er etou du second degr\u00e9, rev\u00eat une dimension nationale et r\u00e9pond aux priorit\u00e9s p\u00e9dagogiques etou \u00e9ducatives du minist\u00e8re.<\/p>\n","protected":false},"excerpt":{"rendered":"<p>rencontres nationales familles rurales<\/p>\n","protected":false},"author":1,"featured_media":0,"comment_status":"closed","ping_status":"closed","sticky":false,"template":"","format":"standard","meta":{"footnotes":""},"categories":[1],"tags":[],"_links":{"self":[{"href":"http:\/\/versa-line.com\/site\/wp-json\/wp\/v2\/posts\/5577"}],"collection":[{"href":"http:\/\/versa-line.com\/site\/wp-json\/wp\/v2\/posts"}],"about":[{"href":"http:\/\/versa-line.com\/site\/wp-json\/wp\/v2\/types\/post"}],"author":[{"embeddable":true,"href":"http:\/\/versa-line.com\/site\/wp-json\/wp\/v2\/users\/1"}],"replies":[{"embeddable":true,"href":"http:\/\/versa-line.com\/site\/wp-json\/wp\/v2\/comments?post=5577"}],"version-history":[{"count":1,"href":"http:\/\/versa-line.com\/site\/wp-json\/wp\/v2\/posts\/5577\/revisions"}],"predecessor-version":[{"id":5578,"href":"http:\/\/versa-line.com\/site\/wp-json\/wp\/v2\/posts\/5577\/revisions\/5578"}],"wp:attachment":[{"href":"http:\/\/versa-line.com\/site\/wp-json\/wp\/v2\/media?parent=5577"}],"wp:term":[{"taxonomy":"category","embeddable":true,"href":"http:\/\/versa-line.com\/site\/wp-json\/wp\/v2\/categories?post=5577"},{"taxonomy":"post_tag","embeddable":true,"href":"http:\/\/versa-line.com\/site\/wp-json\/wp\/v2\/tags?post=5577"}],"curies":[{"name":"wp","href":"https:\/\/api.w.org\/{rel}","templated":true}]}}