{"id":5551,"date":"2020-10-01T14:53:22","date_gmt":"2020-10-01T14:53:22","guid":{"rendered":"http:\/\/versa-line.com\/site\/?p=5551"},"modified":"2020-09-25T19:21:50","modified_gmt":"2020-09-25T19:21:50","slug":"rta-rencontre-theatre-ados-2","status":"publish","type":"post","link":"http:\/\/versa-line.com\/site\/2020\/10\/01\/rta-rencontre-theatre-ados-2\/","title":{"rendered":"Rta Rencontre Th\u00e9\u00e2tre-Ados"},"content":{"rendered":"<p> Ces rencontres seront aussi loccasion d\u00e9changer sur lint\u00e9r\u00eat du th\u00e9\u00e2tre Le Festival annuel de la Rencontre Th\u00e9\u00e2tre Ados approche \u00e0 grand pas! Du 8 avril au 2 mai 2013, les spectacles de notre merveilleuse programmation prendront vie dans divers lieux de diffusion lavallois! Sur Beta, dans longlet \u00e9metteur vid\u00e9o jai cela : Enregistrer mon nom, mon e-mail et mon site web dans le navigateur pour mon prochain commentaire. D\u00e9couvrez le fonctionnement de WE are FPV Community avant de postuler si lenvie vous vient. <img decoding=\"async\" src=\"http:\/\/static.hitek.fr\/img\/actualite\/2018\/05\/03\/capture-d-e-cran-2018-05-03-a-17-28-22.png\" alt=\"rta rencontre th\u00e9\u00e2tre-ados\" align=\"left\"> <img decoding=\"async\" src=\"http:\/\/cdn.wtvideo.com\/images\/article\/list\/17510_1.jpg\" alt=\"rta rencontre th\u00e9\u00e2tre-ados\" align=\"center\"> N\u00e9 dun partenariat entre la et la, est un programme con\u00e7u pour encourager les sorties au th\u00e9\u00e2tre en famille avec son adolescent. Comment peut-on, en tant quenseignant, pr\u00e9parer un groupe \u00e0 une pi\u00e8ce?  <img decoding=\"async\" src=\"http:\/\/www.mode-shop.fr\/images\/produits\/75\/robe-Club-L-16230053-2.jpg\" alt=\"rta rencontre th\u00e9\u00e2tre-ados\" align=\"right\"> Promotion valide jusquau 24 octobre 2019 inclusivement Pour sa 16e \u00e9dition, le Festival de th\u00e9\u00e2tre de cr\u00e9ation Rencontre Th\u00e9\u00e2tre Ados RTA a fait appel \u00e0 Didier Lucien pour faire conna\u00eetre sa programmation, qui battra son plein du 19 au 27 avril, \u00e0 la Maison des arts de Laval. Autre probl\u00e8me qui ne figure pas sur cette liste Soumettre \u00c0 notre \u00e9poque de mondialisation manifeste, o\u00f9 se situent les similitudes et les diff\u00e9rences dans les regards que les adolescents portent sur le monde? Cabinet du ministre du Patrimoine canadien et du Multiculturalisme Un grand merci un Pass festival 5 spectacles-Appels entrants illimit\u00e9s, lApprenti, M\u00e9phisto m\u00e9li\u00e8s, Chercher le gar\u00e7on, rhapsodies saison 3 votre buste scann\u00e9 et imprim\u00e9 en 3D t-shirt collector affiche d\u00e9dicac\u00e9e carte de membre dhonneur  Vous cherchez du matos en particulier? Cest ici quil faut demander. Partagez votre opinion sur cet article en remplissant les champs suivants : La formule originale de la Rencontre Th\u00e9\u00e2tre Ados r\u00e9unit en un seul \u00e9v\u00e9nement des spectacles professionnels et \u00e9tudiants, des lectures publiques, des ateliers de cr\u00e9ation, des rencontres entre artistes et \u00e9tudiants, des matchs dimpro et plus encore La programmation professionnelle comprend quatre spectacles des meilleures compagnies de th\u00e9\u00e2tre de cr\u00e9ation pour adolescents du Qu\u00e9bec et du Canada francophone. Le festival Rencontre Th\u00e9\u00e2tre Ados a lieu \u00e0 la Maison des arts de Laval. Guide daccompagnement et ateliers pr\u00e9paratoires en classe disponibles.<\/p>\n","protected":false},"excerpt":{"rendered":"<p>rta rencontre th\u00e9\u00e2tre-ados<\/p>\n","protected":false},"author":1,"featured_media":0,"comment_status":"closed","ping_status":"closed","sticky":false,"template":"","format":"standard","meta":{"footnotes":""},"categories":[1],"tags":[],"_links":{"self":[{"href":"http:\/\/versa-line.com\/site\/wp-json\/wp\/v2\/posts\/5551"}],"collection":[{"href":"http:\/\/versa-line.com\/site\/wp-json\/wp\/v2\/posts"}],"about":[{"href":"http:\/\/versa-line.com\/site\/wp-json\/wp\/v2\/types\/post"}],"author":[{"embeddable":true,"href":"http:\/\/versa-line.com\/site\/wp-json\/wp\/v2\/users\/1"}],"replies":[{"embeddable":true,"href":"http:\/\/versa-line.com\/site\/wp-json\/wp\/v2\/comments?post=5551"}],"version-history":[{"count":1,"href":"http:\/\/versa-line.com\/site\/wp-json\/wp\/v2\/posts\/5551\/revisions"}],"predecessor-version":[{"id":5552,"href":"http:\/\/versa-line.com\/site\/wp-json\/wp\/v2\/posts\/5551\/revisions\/5552"}],"wp:attachment":[{"href":"http:\/\/versa-line.com\/site\/wp-json\/wp\/v2\/media?parent=5551"}],"wp:term":[{"taxonomy":"category","embeddable":true,"href":"http:\/\/versa-line.com\/site\/wp-json\/wp\/v2\/categories?post=5551"},{"taxonomy":"post_tag","embeddable":true,"href":"http:\/\/versa-line.com\/site\/wp-json\/wp\/v2\/tags?post=5551"}],"curies":[{"name":"wp","href":"https:\/\/api.w.org\/{rel}","templated":true}]}}