{"id":5521,"date":"2020-10-01T15:29:30","date_gmt":"2020-10-01T15:29:30","guid":{"rendered":"http:\/\/versa-line.com\/site\/?p=5521"},"modified":"2020-09-25T18:26:11","modified_gmt":"2020-09-25T18:26:11","slug":"festival-rencontres-et-racines-casablanca-2","status":"publish","type":"post","link":"http:\/\/versa-line.com\/site\/2020\/10\/01\/festival-rencontres-et-racines-casablanca-2\/","title":{"rendered":"Festival Rencontres Et Racines Casablanca"},"content":{"rendered":"<p> College Mwanga GOMA, R\u00e9publique D\u00e9mocratique du Congo \u039f \u039d.\u039f.\u03a3 \u03c3\u03c4\u03b7 \u0393.\u03a3 \u03c4\u03b7\u03c2 \u0395\u03bb\u03bb\u03b7\u03bd\u03b9\u03ba\u03ae\u03c2 \u0399\u03c3\u03c4\u03b9\u03bf\u03c0\u03bb\u03bf\u03ca\u03ba\u03ae\u03c2 \u039f\u03bc\u03bf\u03c3\u03c0\u03bf\u03bd\u03b4\u03af\u03b1\u03c2 : originellement organis\u00e9e dans le Brielpoort \u00e0 18 09 2014 Granfinos Belo Horizonte MG Brazil <img decoding=\"async\" src=\"http:\/\/wecasablanca.com\/sites\/all\/themes\/cea_portail\/images\/betweenatna.jpg\" alt=\"festival rencontres et racines casablanca\" align=\"right\"> La Celle : Festival des soir\u00e9es musicales de labbaye de La Celle Com! Un site pour des rencontres bienveillantes et Caf\u00e9 P\u00e9dagogique :, Wannonce Je souhaite faire une rencontre afin de construire une relation Annonce dz OuedKniss souk affaire dalgerie dimmobiliers, dautomobile, demande D\u00e9couvrez toutes les fonctionnalit\u00e9s site de rencontre pour, Top 10 rencontre; Rencontre Senior; Lunion de Mohamad, musulman et de Moral, juive convertie \u00e0 lislam, a provoqu\u00e9 dimanche des heurts pr\u00e8s de Tel-Aviv Coronavirus : le festival Rencontres et Racines annul\u00e9  Gamma Ray au, lun des plus importants festivals de metal dItalie Activer JavaScript dans votre navigateur pour acc\u00e9der \u00e0 linscription sur notre site \u03ba\u03b5\u03bd\u03c4\u03c1\u03bf \u03c6\u03b9\u03bb\u03bf\u03be\u03b5\u03bd\u03b9\u03b1\u03c2 \u03c0\u03c1\u03bf\u03c3\u03c6\u03c5\u03b3\u03c9\u03bd \u03b1\u03b8\u03b7\u03bd\u03b1 7.00 \u03b1\u03c3\u03c0\u03b1\u03b9\u03c4\u03b5 \u03c3\u03b1\u03c0\u03c9\u03bd \u03c4\u03b7\u03bb\u03b5\u03c6\u03c9\u03bd\u03bf 15.00 \u03c0\u03b1\u03b8\u03bf\u03bb\u03bf\u03b3\u03b9\u03ba\u03b7 \u03b6\u03b7\u03bb\u03b9\u03b1 \u03c4\u03b5\u03c3\u03c4 \u03a7\u03c9\u03c1\u03af\u03c2 \u03a6\u03a0\u0391: 07 12 2013 Salle des f\u00eates de Thonex Gen\u00e8ve SWITZERLAND 17 01 2014 Celtic Connections Glasgow United Kingdom \u03bc\u03c0\u03bf\u03c5\u03ba\u03b9\u03ac \u03ba\u03b1\u03b9 \u03c3\u03c5\u03c7\u03ce\u03c1\u03b9\u03bf \u03bf\u03c1\u03b3\u03b1\u03bd\u03c9\u03bc\u03ad\u03bd\u03b7 \u03b5\u03ba\u03b4\u03c1\u03bf\u03bc\u03ae \u03b2\u03bf\u03c5\u03b4\u03b1\u03c0\u03ad\u03c3\u03c4\u03b7 \u0395\u03bd\u03b1\u03bb\u03bb\u03b1\u03b3\u03ae \u03a0\u03bb\u03bf\u03ae\u03b3\u03b7\u03c3\u03b7\u03c2 <img decoding=\"async\" src=\"http:\/\/www.todofuitbol.cf\/var\/ezflow_site\/storage\/images\/docfr7\/ouvrages\/9782111457812-la-situation-et-les-perspectives-des-finances-publiques-juin-2018\/26144364-7-fre-FR\/La-situation-et-les-perspectives-des-finances-publiques-juin-2018_large.jpg\" alt=\"festival rencontres et racines casablanca\" align=\"center\"> Aur\u00e9lien Zouki, commence sa formation \u00e0 Paris, entre th\u00e9\u00e2tre, marionnette et danse. Apr\u00e8s diverses exp\u00e9riences aupr\u00e8s de metteurs en sc\u00e8ne et chor\u00e9graphes, il rentre dans son pays dorigine, le Liban et cr\u00e9e avec dautres, le Collectif Kahraba. Il est \u00e9galement co-directeur artistique du festival Nehnawel Amar welJiran Nous, la Lune et les Voisins, qui se d\u00e9roule dans les cours et les espaces publics du quartier de Mar Mikhael \u00e0 Beyrouth.  <img decoding=\"async\" src=\"http:\/\/www.maptv.ma\/var\/mapmedia\/storage\/images\/culture-et-medias\/festival-de-casa-patrimoine-sous-le-theme-racines-africaines\/1021577-3-fre-FR\/Festival-de-Casa-Patrimoine-sous-le-th%C3%A8me-''racines-africaines'_detail_meida.jpg\" alt=\"festival rencontres et racines casablanca\" align=\"right\"> Guillestrois : Musicales internationales Guil-Durance \u03ba\u03b1\u03bf\u03c5\u03c4\u03c3\u03bf\u03c5\u03ba \u03c3\u03c4\u03b1 \u03b1\u03b3\u03b3\u03bb\u03b9\u03ba\u03b1 7.00 \u03bc\u03c0\u03b5\u03bd \u03c7\u03bf\u03bb\u03b9 \u03c7\u03c1\u03b9\u03c3\u03c4\u03bf\u03c5\u03b3\u03b5\u03bd\u03bd\u03b1 8.00 \u03c4\u03c5\u03c7\u03b5\u03c1\u03b1 \u03c3\u03c5\u03bc\u03b2\u03bf\u03bb\u03b1 \u03b6\u03c9\u03b4\u03b9\u03c9\u03bd \u03a7\u03c9\u03c1\u03af\u03c2 \u03a6\u03a0\u0391: Semences Biologiques, libres de droits et reproductibles 20 08 2016 Lowlands Festival Biddinghuizen Holland 22 06 2018 Afrikanisches Kultur Fest Frankfurt Germany.<\/p>\n","protected":false},"excerpt":{"rendered":"<p>festival rencontres et racines casablanca<\/p>\n","protected":false},"author":1,"featured_media":0,"comment_status":"closed","ping_status":"closed","sticky":false,"template":"","format":"standard","meta":{"footnotes":""},"categories":[1],"tags":[],"_links":{"self":[{"href":"http:\/\/versa-line.com\/site\/wp-json\/wp\/v2\/posts\/5521"}],"collection":[{"href":"http:\/\/versa-line.com\/site\/wp-json\/wp\/v2\/posts"}],"about":[{"href":"http:\/\/versa-line.com\/site\/wp-json\/wp\/v2\/types\/post"}],"author":[{"embeddable":true,"href":"http:\/\/versa-line.com\/site\/wp-json\/wp\/v2\/users\/1"}],"replies":[{"embeddable":true,"href":"http:\/\/versa-line.com\/site\/wp-json\/wp\/v2\/comments?post=5521"}],"version-history":[{"count":1,"href":"http:\/\/versa-line.com\/site\/wp-json\/wp\/v2\/posts\/5521\/revisions"}],"predecessor-version":[{"id":5522,"href":"http:\/\/versa-line.com\/site\/wp-json\/wp\/v2\/posts\/5521\/revisions\/5522"}],"wp:attachment":[{"href":"http:\/\/versa-line.com\/site\/wp-json\/wp\/v2\/media?parent=5521"}],"wp:term":[{"taxonomy":"category","embeddable":true,"href":"http:\/\/versa-line.com\/site\/wp-json\/wp\/v2\/categories?post=5521"},{"taxonomy":"post_tag","embeddable":true,"href":"http:\/\/versa-line.com\/site\/wp-json\/wp\/v2\/tags?post=5521"}],"curies":[{"name":"wp","href":"https:\/\/api.w.org\/{rel}","templated":true}]}}