{"id":5519,"date":"2020-10-01T12:28:05","date_gmt":"2020-10-01T12:28:05","guid":{"rendered":"http:\/\/versa-line.com\/site\/?p=5519"},"modified":"2020-09-25T18:22:00","modified_gmt":"2020-09-25T18:22:00","slug":"rencontre-dans-le-marais-2","status":"publish","type":"post","link":"http:\/\/versa-line.com\/site\/2020\/10\/01\/rencontre-dans-le-marais-2\/","title":{"rendered":"Rencontre Dans Le Marais"},"content":{"rendered":"<p>Partagez sur Facebook Partagez sur Twitter Partagez sur Linkedin Partagez par Email Imprimer merci de saisir ladresse du restaurant Ville du restaurant Si toutefois vous pensez que ce lien devrait marcher, nous vous remercions de nous en tenir inform\u00e9s en nous contactant. Rencontre de bloggeurs number 2 ou petite ballade dans le Marais un dimanche matin.-Dans la cuisine dAudinette FLEUX DAYS : Offre promotionnelle, valable du 200520 au 230620 inclus sur fleux.com et en boutique. Non cumulable avec toute autre remise. Cest \u00e0 Grendel Attert que les mayeurs de 11 communes se sont r\u00e9joui des amiti\u00e9s et partenariats qui vont bien au-del\u00e0 de la fronti\u00e8re. \u00c9dA <img decoding=\"async\" src=\"http:\/\/www.marais-vigueirat.reserves-naturelles.org\/medias\/butor-etoile.jpg\" alt=\"rencontre dans le marais\" align=\"center\"> Le projet a pour objectif de permettre aux \u00e9l\u00e8ves lappropriation de leur territoire, et de d\u00e9velopper des comportements \u00e9cocitoyens. Vous b\u00e9n\u00e9ficiez dun droit dacc\u00e8s et de rectification de vos donn\u00e9es personnelles, ainsi que celui den demander leffacement dans les limites pr\u00e9vues par la loi. Alors; quelquun! Quelque part! Que mon coeur batte! R\u00e9gion: La 10\u00e8me \u00e9dition du festival TRIBAL ELEK sest d\u00e9roul\u00e9 les 9 et 10 ao\u00fbt 2019 \u00e0 Andilly-Les-Marais Charente-Maritime. A cette occasion, 14 groupes de musique Electro Musique du monde se sont r\u00e9unis autour de linstrument phare du festival, le didgeridoo. Pour constituer une m\u00e9moire des peuples racines, la Fondation Anako met en place des programmes de terrain avec les communaut\u00e9s En pleine saison, nous sommes 120 personnes \u00e0 travailler dans lentreprise, cette ann\u00e9e nous nexc\u00e8derons pas 50 personnes en pleine saison, sinqui\u00e9te le directeur de lembarcad\u00e8re. Rencontre entre c\u00e9libataires autour de Allennes-les-Marais   Annonce : Faire connaissance nengage \u00e0 rien, apres le feeling decidera entre: Pour vous, quelle est, aujourdhui, la place de la peinture parmi toutes les formes dart? Si la crise sanitaire a \u00e9t\u00e9 une catastrophe \u00e0 bien des \u00e9gards, il nous a au moins donn\u00e9 la possibilit\u00e9 de penser les nouvelles m\u00e9thodes organisationnelles. Le t\u00e9l\u00e9travail va s\u00fbrement \u00eatre un sujet important dans les ann\u00e9es \u00e0 venir, et je ne vais pas men plaindre. Voir les modalit\u00e9s au complet : \u00c9tablissements \u00e9ligibles : <img decoding=\"async\" src=\"http:\/\/www.france.tv\/image\/vignette_16x9\/800\/450\/1\/5\/d\/f5aaa43a-vod0fbf4ff8c77e058754841129de9d475ad18ecf3d5642db2bf07700a07e9e0d51.jpg\" alt=\"rencontre dans le marais\" align=\"left\"> La v\u00e9rification e-mail a \u00e9chou\u00e9, veuillez r\u00e9essayer <img decoding=\"async\" src=\"http:\/\/img.over-blog-kiwi.com\/0\/93\/16\/64\/20160504\/ob_566819_16.jpg\" alt=\"rencontre dans le marais\" align=\"right\"> Il reste quelques places pour ceux qui souhaiteraient participer \u00e0 lorganisation et linstallation du lieu du 18 au 25 juillet. Partagez sur Facebook Partagez sur Twitter Partagez sur Linkedin Partagez par Email Imprimer Ne pas exag\u00e9rer les risques du d\u00e9confinement sur la biodiversit\u00e9? Plus on avance dans l\u00eele, plus la pr\u00e9sence de leau nous environne. Apr\u00e8s la Couarde, la terre c\u00e8de du terrain \u00e0 la mer, les marais refl\u00e8tent la couleur changeante du ciel, et cest d\u00e9sormais une alchimie particuli\u00e8re qui soffre \u00e0 nous : on roule d\u00e9sormais sur une piste \u00e9troite qui ondule entre terre et eau, faite de landes et de carreaux de sel, avec le clocher dArs comme seul amer.  Des statues de g\u00e9n\u00e9raux conf\u00e9d\u00e9r\u00e9s et de Christophe Colomb ont \u00e9t\u00e9 vandalis\u00e9es aux Etats-Unis Enfin, nous nous tournons vers loral notez que je nai pas dit visio uniquement pour les \u00e9changes qui n\u00e9cessitent plus de spontan\u00e9it\u00e9. Des \u00e9changes did\u00e9es, des conversations informelles ou encore lors de points d\u00e9quipe r\u00e9guliers.<\/p>\n","protected":false},"excerpt":{"rendered":"<p>rencontre dans le marais<\/p>\n","protected":false},"author":1,"featured_media":0,"comment_status":"closed","ping_status":"closed","sticky":false,"template":"","format":"standard","meta":{"footnotes":""},"categories":[1],"tags":[],"_links":{"self":[{"href":"http:\/\/versa-line.com\/site\/wp-json\/wp\/v2\/posts\/5519"}],"collection":[{"href":"http:\/\/versa-line.com\/site\/wp-json\/wp\/v2\/posts"}],"about":[{"href":"http:\/\/versa-line.com\/site\/wp-json\/wp\/v2\/types\/post"}],"author":[{"embeddable":true,"href":"http:\/\/versa-line.com\/site\/wp-json\/wp\/v2\/users\/1"}],"replies":[{"embeddable":true,"href":"http:\/\/versa-line.com\/site\/wp-json\/wp\/v2\/comments?post=5519"}],"version-history":[{"count":1,"href":"http:\/\/versa-line.com\/site\/wp-json\/wp\/v2\/posts\/5519\/revisions"}],"predecessor-version":[{"id":5520,"href":"http:\/\/versa-line.com\/site\/wp-json\/wp\/v2\/posts\/5519\/revisions\/5520"}],"wp:attachment":[{"href":"http:\/\/versa-line.com\/site\/wp-json\/wp\/v2\/media?parent=5519"}],"wp:term":[{"taxonomy":"category","embeddable":true,"href":"http:\/\/versa-line.com\/site\/wp-json\/wp\/v2\/categories?post=5519"},{"taxonomy":"post_tag","embeddable":true,"href":"http:\/\/versa-line.com\/site\/wp-json\/wp\/v2\/tags?post=5519"}],"curies":[{"name":"wp","href":"https:\/\/api.w.org\/{rel}","templated":true}]}}