{"id":5505,"date":"2020-10-01T15:50:26","date_gmt":"2020-10-01T15:50:26","guid":{"rendered":"http:\/\/versa-line.com\/site\/?p=5505"},"modified":"2020-09-25T17:59:43","modified_gmt":"2020-09-25T17:59:43","slug":"rencontre-nom-2","status":"publish","type":"post","link":"http:\/\/versa-line.com\/site\/2020\/10\/01\/rencontre-nom-2\/","title":{"rendered":"Rencontre Nom"},"content":{"rendered":"<p> Nous vous tiendrons tout bient\u00f4t au courant de nos prochaines activit\u00e9s. <img decoding=\"async\" src=\"http:\/\/s1.static-footeo.com\/uploads\/fccampagne\/Medias\/Charte_du_club__mc599q.jpg\" alt=\"rencontre nom\" align=\"right\"> happn-App de rencontre Applications sur Google Play Nom arabe signifiant serviteur du V\u00e9ridique, du Sinc\u00e8re S\u00e2diq, lun des noms glorieux donn\u00e9s au Proph\u00e8te Mohammed. On rencontre aussi le nom d\u00e9riv\u00e9 Abdessadki, avec le suffixe dappartenance-i. Entrez vos coordonn\u00e9es ci-dessous ou cliquez sur une ic\u00f4ne pour vous connecter: <img decoding=\"async\" src=\"http:\/\/kutxakulturfestibala.com\/img\/7b1a81ecdfb4736449be7940b5da0fc7.png\" alt=\"rencontre nom\" align=\"left\"> Ladulte peut y trouver un espace d\u00e9coute et de dialogue et lenfant, un espace de socialisation, de jeux et de d\u00e9tente, favorisant son d\u00e9veloppement. Les parents ont loccasion de voir leur enfant agir avec dautres enfants. Un accueil de qualit\u00e9 se reconna\u00eet au fait que chaque enfant peut s\u00e9panouir dans le lieu de rencontre et sy d\u00e9velopper sereinement. Les parents et accueillants ou accueillantes construisent des liens bas\u00e9s sur louverture, la confiance et la transparence. Chacun y est le bienvenu, peut rencontrer dautres personnes adultes, enfants et \u00eatre rencontr\u00e9s, a lopportunit\u00e9 de prendre part, de participer.  \u00c0 cette \u00e9poque, je participais aux travaux collectifs avec dautres femmes zapatistes. Nous faisions de lartisanat, nous r\u00e9coltions des haricots, nous travaillions dans les champs de ma\u00efs et avec les animaux. Officiellement \u00e0 ce jour et m\u00eame si, aucune mort caus\u00e9e par un d\u00e9chet spatial na \u00e9t\u00e9 enregistr\u00e9e dans le monde, mais le risque demeure r\u00e9el et ne cesse de cro\u00eetre au rythme des ambitions outre-atmosph\u00e8re des pays. Cet avis est lopinion subjective dun membre de TripAdvisor et non de TripAdvisor LLC. Origine : Cette expression est tr\u00e8s r\u00e9cente et semploie depuis la fin du XXe si\u00e8cle, elle est n\u00e9e avec l\u00e9mergence des sites de rencontre sur internet. Elle est dailleurs toujours employ\u00e9e avec le terme site la pr\u00e9c\u00e9dant. Elle d\u00e9signe donc des sites par le biais desquels on cherche \u00e0 rencontrer quelquun, \u00e0 nouer une relation.  C\u00e9tait l\u00e0 un exemple. Voici un autre passage o\u00f9 lon trouve de fa\u00e7on explicite : Le Fils est le nom du P\u00e8re. Cest dans le folio XIX, p. 38-39 p. 74-75 du livre de M\u00e9nard : Jeudi 7 novembre, le film d\u00c9douard Bergeon Au nom de la terre a attir\u00e9 un record de spectateurs, avec pr\u00e8s de quatre-vingt-dix personnes, \u00e0 la salle des Volcans qui affichait complet. L\u00e0, il ne sagit de deux applications de dating les plus populaires pour se rencontrer aujourdhui en France. <img decoding=\"async\" src=\"http:\/\/images.slideplayer.fr\/3\/1185845\/slides\/slide_1.jpg\" alt=\"rencontre nom\" align=\"right\"> T\u00e9l\u00e9vision. Au nom du p\u00e8re.. Et de la relation p\u00e8re-fils LHumanit\u00e9 Lh\u00e9catombe des migrants en M\u00e9diterran\u00e9e se poursuit dans le silence dune mer transform\u00e9e en cimeti\u00e8re danonymes. Lidentification des disparus simpose ainsi comme un d\u00e9fi dhumanit\u00e9 pour une Europe devenue inhospitali\u00e8re \u00e0 l\u00e9gard des naufrag\u00e9s. Cest ce combat que m\u00e8ne Cristina Cattaneo, m\u00e9decin l\u00e9giste italienne. Dans Au nom de la terre, le r\u00e9alisateur Edouard Bergeon raconte sa propre histoire. Fils dagriculteur, il a vu son p\u00e8re se noyer petit \u00e0 petit dans lendettement, puis le d\u00e9sespoir le plus profond, victime du mod\u00e8le productiviste et intensif agricole des ann\u00e9es 90. Malgr\u00e9 lamour et le soutien de sa famille, Christian interpr\u00e9t\u00e9 par Guillaume Canet finira par se suicider, comme plus dun agriculteur par jour. On comprend sans mal le d\u00e9sir dEdouard Bergeon de donner la parole aux agriculteurs qui souffrent en silence, et son film nous percute ind\u00e9niablement de plein fouet. On r\u00e9alise soudain notre responsabilit\u00e9 dans tout cela. Il \u00e9tait sans aucun doute indispensable de nous rappeler que chacun \u00e0 son r\u00f4le \u00e0 jouer afin de ne pas mettre en p\u00e9ril les agriculteurs au b\u00e9n\u00e9fice des grandes firmes industrielles. Au Nom de la terre, un film indispensable, \u00e0 loccasion duquel nous avons rencontr\u00e9 Edouard Bergeon et Guillaume Canet.<\/p>\n","protected":false},"excerpt":{"rendered":"<p>rencontre nom<\/p>\n","protected":false},"author":1,"featured_media":0,"comment_status":"closed","ping_status":"closed","sticky":false,"template":"","format":"standard","meta":{"footnotes":""},"categories":[1],"tags":[],"_links":{"self":[{"href":"http:\/\/versa-line.com\/site\/wp-json\/wp\/v2\/posts\/5505"}],"collection":[{"href":"http:\/\/versa-line.com\/site\/wp-json\/wp\/v2\/posts"}],"about":[{"href":"http:\/\/versa-line.com\/site\/wp-json\/wp\/v2\/types\/post"}],"author":[{"embeddable":true,"href":"http:\/\/versa-line.com\/site\/wp-json\/wp\/v2\/users\/1"}],"replies":[{"embeddable":true,"href":"http:\/\/versa-line.com\/site\/wp-json\/wp\/v2\/comments?post=5505"}],"version-history":[{"count":1,"href":"http:\/\/versa-line.com\/site\/wp-json\/wp\/v2\/posts\/5505\/revisions"}],"predecessor-version":[{"id":5506,"href":"http:\/\/versa-line.com\/site\/wp-json\/wp\/v2\/posts\/5505\/revisions\/5506"}],"wp:attachment":[{"href":"http:\/\/versa-line.com\/site\/wp-json\/wp\/v2\/media?parent=5505"}],"wp:term":[{"taxonomy":"category","embeddable":true,"href":"http:\/\/versa-line.com\/site\/wp-json\/wp\/v2\/categories?post=5505"},{"taxonomy":"post_tag","embeddable":true,"href":"http:\/\/versa-line.com\/site\/wp-json\/wp\/v2\/tags?post=5505"}],"curies":[{"name":"wp","href":"https:\/\/api.w.org\/{rel}","templated":true}]}}