{"id":5473,"date":"2020-10-01T14:19:14","date_gmt":"2020-10-01T14:19:14","guid":{"rendered":"http:\/\/versa-line.com\/site\/?p=5473"},"modified":"2020-09-25T16:17:36","modified_gmt":"2020-09-25T16:17:36","slug":"rencontre-europeenne-de-taize-2","status":"publish","type":"post","link":"http:\/\/versa-line.com\/site\/2020\/10\/01\/rencontre-europeenne-de-taize-2\/","title":{"rendered":"Rencontre Europ\u00e9enne De Taiz\u00e9"},"content":{"rendered":"<p>Des jeunes du dioc\u00e8se seront pr\u00e9sents, avec le service dioc\u00e9sain de la Pastorale des Jeunes. Vid\u00e9o KTO : Taiz\u00e9, de la r\u00e9conciliation \u00e0 la mis\u00e9ricorde <img decoding=\"async\" src=\"http:\/\/www.jeunescathoslyon.fr\/wp-content\/uploads\/18953009_1678331942462070_1435633378197708519_n-390x375.jpg\" alt=\"rencontre europ\u00e9enne de taiz\u00e9\" align=\"left\">  Nous utilisons des cookies pour vous garantir la meilleure exp\u00e9rience sur notre site. Si vous continuez \u00e0 utiliser ce dernier, nous consid\u00e9rerons que vous acceptez lutilisation des cookies. Au sud de Nantes, Vertou est lune des communes les plus verdoyantes de lagglom\u00e9ration. Berc\u00e9e par la S\u00e8vre nantaise, elle se situe aux portes du vignoble. <img decoding=\"async\" src=\"http:\/\/jactiv.ouest-france.fr\/sites\/default\/files\/imagecache\/article-detail\/images\/2014\/12\/29\/20-000-jeunes-chretiens-venus-de-toute-leurope.jpg\" alt=\"rencontre europ\u00e9enne de taiz\u00e9\" align=\"left\"> \u00c0 partir de 2005, ce principe a \u00e9t\u00e9 \u00e9tendu \u00e0 moindre \u00e9chelle en dehors du continent europ\u00e9en par. Ouest-France Lyon : La justice autorise la r\u00e9ouverture du Caf\u00e9 203, ferm\u00e9 pour avoir accueilli des clients durant le-20 Minutes Nous tinvitons \u00e9galement \u00e0 transmettre ce message \u00e0 tes amis et tes r\u00e9seaux qui pourront \u00eatre int\u00e9ress\u00e9s par laventure. Tu peux t\u00e9l\u00e9charger pour diffuser linfo!  Strasbourg accueille la 36e rencontre europ\u00e9enne de Taiz\u00e9 du 28 d\u00e9cembre au 1er janvier 2014. Trente mille jeunes venus de toute lEurope doivent participer \u00e0 ce rassemblement chr\u00e9tien \u0153cum\u00e9nique. Une organisation impressionnante se met en place depuis des mois en Alsace. Taiz\u00e9 strasbourg logo  Une promenade dans B\u00e2le, un petit bijou sans faire de bruit Cest la 5e fois que la Rencontre europ\u00e9enne des jeunes se tient en Pologne. \u00c0 lheure o\u00f9 la communaut\u00e9 europ\u00e9enne traverse des difficult\u00e9s, les jeunes de Taiz\u00e9 viennent trouver lunit\u00e9. Pour toute question : nos Rechercher Rechercher : Connexion lien vers le programme provisoire des rencontres : Au cours de cet \u00e9v\u00e9nement, jai go\u00fbt\u00e9 des choses aux antipodes les unes des autres qui, mises ensemble, conduisent \u00e0 des r\u00e9alit\u00e9s merveilleuses. Cela oriente mon d\u00e9sir de vivre lunit\u00e9 dans la diversit\u00e9. Des milliers de jeunes s\u00e9journent chaque ann\u00e9e \u00e0 Taiz\u00e9 et lors des rencontres europ\u00e9ennes, ils sont aussi plusieurs milliers r\u00e9unis autour des fr\u00e8res. Pas moins de 16 000 jeunes sont ainsi attendus \u00e0 B\u00e2le, cette ann\u00e9e. Pologne : rencontres de Taiz\u00e9,, 4 janvier 2000 Dieu est cr\u00e9ateur. La qu\u00eate des origines est imm\u00e9morielle dans le coeur de lhomme. Dieu a tout cr\u00e9\u00e9 de rien. Cest en cela que nous croyons. Il a agi dune mani\u00e8re telle quil est parfaitement et souverainement lib\u00e9ral. Tout est en vue de sa.. <img decoding=\"async\" src=\"http:\/\/www.lavie.fr\/images\/2013\/12\/24\/48125_taize-orange.jpg\" alt=\"rencontre europ\u00e9enne de taiz\u00e9\" align=\"center\">.<\/p>\n","protected":false},"excerpt":{"rendered":"<p>rencontre europ\u00e9enne de taiz\u00e9<\/p>\n","protected":false},"author":1,"featured_media":0,"comment_status":"closed","ping_status":"closed","sticky":false,"template":"","format":"standard","meta":{"footnotes":""},"categories":[1],"tags":[],"_links":{"self":[{"href":"http:\/\/versa-line.com\/site\/wp-json\/wp\/v2\/posts\/5473"}],"collection":[{"href":"http:\/\/versa-line.com\/site\/wp-json\/wp\/v2\/posts"}],"about":[{"href":"http:\/\/versa-line.com\/site\/wp-json\/wp\/v2\/types\/post"}],"author":[{"embeddable":true,"href":"http:\/\/versa-line.com\/site\/wp-json\/wp\/v2\/users\/1"}],"replies":[{"embeddable":true,"href":"http:\/\/versa-line.com\/site\/wp-json\/wp\/v2\/comments?post=5473"}],"version-history":[{"count":1,"href":"http:\/\/versa-line.com\/site\/wp-json\/wp\/v2\/posts\/5473\/revisions"}],"predecessor-version":[{"id":5474,"href":"http:\/\/versa-line.com\/site\/wp-json\/wp\/v2\/posts\/5473\/revisions\/5474"}],"wp:attachment":[{"href":"http:\/\/versa-line.com\/site\/wp-json\/wp\/v2\/media?parent=5473"}],"wp:term":[{"taxonomy":"category","embeddable":true,"href":"http:\/\/versa-line.com\/site\/wp-json\/wp\/v2\/categories?post=5473"},{"taxonomy":"post_tag","embeddable":true,"href":"http:\/\/versa-line.com\/site\/wp-json\/wp\/v2\/tags?post=5473"}],"curies":[{"name":"wp","href":"https:\/\/api.w.org\/{rel}","templated":true}]}}