{"id":5363,"date":"2020-10-01T17:42:54","date_gmt":"2020-10-01T17:42:54","guid":{"rendered":"http:\/\/versa-line.com\/site\/?p=5363"},"modified":"2020-09-25T10:19:10","modified_gmt":"2020-09-25T10:19:10","slug":"rencontres-verviers","status":"publish","type":"post","link":"http:\/\/versa-line.com\/site\/2020\/10\/01\/rencontres-verviers\/","title":{"rendered":"Rencontres Verviers"},"content":{"rendered":"<p>Je dessine et peints vos portraits pour tous vos \u00e9v\u00e9nements. Que ce soit pour vous-m\u00eame,pour vos enfants,vos petits-enfants,pour dautres membres de votre famille,vos amis,etc. Je dessine et je peints.. Arts plastiques Alleur 4432 Eline Levaux, traiteur et organisatrice de banquets, qui vient douvrir son point de vente \u00e0 Welkenraedt : Salut \u00e0 tous je recherche du fun j adore sa je suis quelquun de tr\u00e8s sympa venez parler avec plaisir bisous Je suis Make sure Show Hidden Files dotfiles is checked. Pontisse: David Peharpr\u00e9 sera le nouveau coach de Pontisse en P1. Un s\u00e9rie quil connait bien puisquil a \u00e9t\u00e9 \u00e0 la t\u00eate de Melen jusquen 2018. Mr Lilo, dessinateur et auteur depuis plus de vingt cinq ans, a cr\u00e9\u00e9 il y a de nombreuses ann\u00e9es son Cours de Dessin 3.0 qui permet \u00e0 toute personne dapprendre \u00e0 dessiner en \u00e0 peine 5 s\u00e9ances de 2h. Comment.. Peinture, dessin Salle La Convi Micheroux 4630 Dison: Arriv\u00e9 cet \u00e9t\u00e9 en provenance de Sprimont, Elias Courail a trouv\u00e9 un accord pour prolonger son aventure chez les Stadistes M. S. En 1979, apr\u00e8s des \u00e9tudes commerciales, comptabilit\u00e9 et marketing et 21 ans comme consultant ind\u00e9pendant, Gaston Bedoret souhaitait changer dorientation. Avec laide dun cousin qui travaillait chez Xerox, marque leader dans le domaine de la photocopie, il a r\u00e9alis\u00e9 une \u00e9tude de march\u00e9. Sur Verviers, il y avait bien Madeplan qui vendait du mat\u00e9riel pour les architectes et reproduisait leurs plans, mais pour le reste, rien qui ressemblait \u00e0 un vrai copy-service. Alors, en septembre, \u00e0 la rentr\u00e9e scolaire, il sest lanc\u00e9. Et je trouve quil a eu une id\u00e9e vraiment lumineuse en appelant son entreprise ImprimExpress. Cc je suis patrcia je vous propose un moment de d\u00e9tente et de \u00e9vasion dans ma conpagni je suis tr\u00e8s sex avec mon corps naturel, hygi\u00e9nique tr\u00e8s souriante et je h\u00e2te de passer un momant agr\u00e9able et \u00e9rotique je vous fait de grous bisous N hesite pas \u00e0 m appeler, gros bisous Meill Site De Rencontre Gratuit Heist Op Den Ber Levrette Amateur Erotica Limoge Porno Coquin Escort Tulle  <img decoding=\"async\" src=\"http:\/\/ipepscom.be\/wp-content\/uploads\/2018\/04\/IMG_9633.jpg\" alt=\"rencontres verviers\" align=\"right\"> Dison: Le groupe est presque au complet. Seuls Vandebon et Godard sont incertains M. S. Caf\u00e9s citoyens \u00e0 Verviers avec J\u00e9r\u00f4me Jamin et Aur\u00e9lie Michel homme aimant etre re\u00e7u,pour vous etre devou\u00e9. Recherche: je cherche homme ou couples dhommes sachant recevoir. Sprimont B: Nathan Rasquin int\u00e9grera le groupe de P1. Form\u00e9 au club, Sacha Duchnik Tilff est de retour. Stefano Vandebosch ex-Eupen, Lensois, Warnant et Hoepertingen arrive aussi M. S. -\u00c0 utiliser vos donn\u00e9es uniquement pour la finalit\u00e9 pr\u00e9vue et durant la p\u00e9riode de conservation l\u00e9gale etou d\u00e9finie par des besoins propres \u00e0 lorganisation ; recrute un.e charg\u00e9.e de projets pour un remplacement de 6 mois au La consultation gratuite du site de Vedia est possible gr\u00e2ce \u00e0 la publicit\u00e9. En poursuivant votre navigation sur ce site, vous acceptez lutilisation des Cookies. Aubel: Charef et Van Muyler sont suspendus. Niro ne compte plus sur Delhalle la saison prochaine. Ce dernier a d\u00e9cid\u00e9 de quitter le groupe de P1 d\u00e8s maintenant M. S. Bonjour, j ai 45 ans, c\u00e9libataire sans enfant, je recherche une femme pour faire connaissance dans un premier temps, je suis de la r\u00e9gion de li\u00e8ge PS. Femmes non v\u00e9nales. Malmundaria: Lionel Giet a perdu son papa, Jean-Paul, dans le courant de la nuit derni\u00e8re. La r\u00e9daction de la Derni\u00e8re Heure lui pr\u00e9sente ses plus sinc\u00e8res condol\u00e9ances ainsi qu\u00e0 ses proches M. S. Check the box for Document Root for and select the domain name you wish to access from the drop-down menu.  <img decoding=\"async\" src=\"http:\/\/www.appui.be\/wp-content\/uploads\/2013\/12\/appui-ch%C3%A2ssis-seuils-%C3%A9tanch%C3%A9it%C3%A9-verviers-11-1024x768.jpg\" alt=\"rencontres verviers\" align=\"center\"> <img decoding=\"async\" src=\"http:\/\/www.mm-schyns.be\/wp-content\/uploads\/2017\/03\/Calendrier_mars.jpg\" alt=\"rencontres verviers\" align=\"center\">.<\/p>\n","protected":false},"excerpt":{"rendered":"<p>rencontres verviers<\/p>\n","protected":false},"author":1,"featured_media":0,"comment_status":"closed","ping_status":"closed","sticky":false,"template":"","format":"standard","meta":{"footnotes":""},"categories":[1],"tags":[],"_links":{"self":[{"href":"http:\/\/versa-line.com\/site\/wp-json\/wp\/v2\/posts\/5363"}],"collection":[{"href":"http:\/\/versa-line.com\/site\/wp-json\/wp\/v2\/posts"}],"about":[{"href":"http:\/\/versa-line.com\/site\/wp-json\/wp\/v2\/types\/post"}],"author":[{"embeddable":true,"href":"http:\/\/versa-line.com\/site\/wp-json\/wp\/v2\/users\/1"}],"replies":[{"embeddable":true,"href":"http:\/\/versa-line.com\/site\/wp-json\/wp\/v2\/comments?post=5363"}],"version-history":[{"count":1,"href":"http:\/\/versa-line.com\/site\/wp-json\/wp\/v2\/posts\/5363\/revisions"}],"predecessor-version":[{"id":5364,"href":"http:\/\/versa-line.com\/site\/wp-json\/wp\/v2\/posts\/5363\/revisions\/5364"}],"wp:attachment":[{"href":"http:\/\/versa-line.com\/site\/wp-json\/wp\/v2\/media?parent=5363"}],"wp:term":[{"taxonomy":"category","embeddable":true,"href":"http:\/\/versa-line.com\/site\/wp-json\/wp\/v2\/categories?post=5363"},{"taxonomy":"post_tag","embeddable":true,"href":"http:\/\/versa-line.com\/site\/wp-json\/wp\/v2\/tags?post=5363"}],"curies":[{"name":"wp","href":"https:\/\/api.w.org\/{rel}","templated":true}]}}