{"id":5327,"date":"2020-10-01T05:49:36","date_gmt":"2020-10-01T05:49:36","guid":{"rendered":"http:\/\/versa-line.com\/site\/?p=5327"},"modified":"2020-09-25T08:24:05","modified_gmt":"2020-09-25T08:24:05","slug":"rencontre-festival-montagne-grenoble","status":"publish","type":"post","link":"http:\/\/versa-line.com\/site\/2020\/10\/01\/rencontre-festival-montagne-grenoble\/","title":{"rendered":"Rencontre Festival Montagne Grenoble"},"content":{"rendered":"<p>Direction des enfants avec le tr\u00e8s beau documentaire Dessines moi <img decoding=\"async\" src=\"http:\/\/cdn.purple.fr\/5533e02b1383a59ac8eed1473767bc05\/static.purple.fr\/2018\/02\/59670_07-copie-224x300.jpg\/300x300\/59670_07-copie-224x300.jpg\" alt=\"rencontre festival montagne grenoble\" align=\"center\"> La programmation et les r\u00e9servations pour la sixi\u00e8me \u00e9dition des Rencontres Montagnes et Sciences sont disponibles : Le film culte de Seb Montaz qui a incit\u00e9 des milliers de personnes \u00e0 d\u00e9couvrir la slackline. Suivez toute lactu de notre marque et ne ratez pas les derni\u00e8res offres, nouveaut\u00e9s et promotions Vous b\u00e9n\u00e9ficiez dun droit dacc\u00e8s et de rectification de vos donn\u00e9es personnelles, ainsi que celui den demander leffacement dans les limites pr\u00e9vues par la loi. Apr\u00e8s plusieurs ann\u00e9es de tournage, le montage du film consacr\u00e9 \u00e0 Daniel Cordier a enfin d\u00e9but\u00e9. Apr\u00e8s cette premi\u00e8re session qui a eu lieu au moins de juin, le r\u00e9alisateur reprendra le montage au mois doctobre. Informations pratiques Le magazine source de hauteur Ainsi, le mus\u00e9e \u00e0 notamment r\u00e9uni \u00e0 cette occasion 17 bronzes cr\u00e9es entre 1927 et 1986, ainsi quune soixantaine de dessins, peintures et gravures. Well stop supporting this browser soon. For the best experience please. <img decoding=\"async\" src=\"http:\/\/planetgrimpe.com\/wp-content\/uploads\/2015\/10\/Capture-d%E2%80%99%C3%A9cran-2015-10-02-%C3%A0-20.05.17-620x330.png\" alt=\"rencontre festival montagne grenoble\" align=\"right\"> La v\u00e9rification e-mail a \u00e9chou\u00e9, veuillez r\u00e9essayer Deuter, Meindl, Salomon, Millet, Mammut. Meilleures Marques Une s\u00e9ance sp\u00e9ciale pour les passionn\u00e9s de sports extr\u00eames et de pastoralisme dici ou dailleurs. Th\u00e9matique Aventure : Festival Cin\u00e9 Montagne Chamrousse   Les films consacr\u00e9s \u00e0,,,, seront projet\u00e9s en boucle dans le cadre de lexposition du 10 octobre 2017 au 28 janvier 2018 au Mus\u00e9e Picasso Malaga Espagne. Le surr\u00e9alisme, moyen dexpression de ces artistes, leur permet daffirmer leur personnalit\u00e9, leur envie, leur d\u00e9saccord avec une \u00e9motion po\u00e9tique. A loccasion, plus dune centaine d\u0153uvres dart m\u00e9langeant la peinture, le dessin, la sculpture, le collage, la photographie seront repr\u00e9sent\u00e9es. Les visiteurs pourront \u00e9galement se procurer les coffrets DVDLivre de ces artistes en vente \u00e0 la librairie du mus\u00e9e. Pour plus dinfos sur la notre collection d\u00e9di\u00e9es au surr\u00e9alisme en cliquant. Collection Phares: Projection du film de Jean Claude Silbermann de Madrid rend hommage \u00e0 lartiste cubain Wifredo Lam au travers dune exposition qui se d\u00e9roule du 6 avril au 15 ao\u00fbt 2016 avec plus de 250 \u0153uvres et plus de 300 documents. Ce coffret contient un DVD et un livre de 88 pages Chronologie d sign\u00e9. Le Teaser 2016 des Rencontres, au Palais des sports de Grenoble les 18 et 19 novembre 2016, puis en tourn\u00e9e dans plusieurs villes dont Le Bourg dOisans mardi 22 novembre. Le plus important festival de film de montagne revient pour 5 jours avec plus de 35 films projet\u00e9s en pr\u00e9sence des r\u00e9alisateurs et athl\u00e8tes. Le clap du d\u00e9but est annonc\u00e9 pour le 15 novembre prochain, le cin\u00e9ma rencontrera la montagne pour la 18e fois.  Les services techniques municipaux ont r\u00e9ussi \u00e0 d\u00e9gager le 4&#215;4 apr\u00e8s de longues heures Avec : Antoine Boisselier, Christophe Tong Viet, Leo Taillefer et Eliot Nochez : les textes sont disponibles sous ; dautres conditions peuvent sappliquer. Voyez les pour plus de d\u00e9tails, ainsi que les. En cas de r\u00e9utilisation des textes de cette page, voyez. Il contient deux films, r\u00e9alis\u00e9s par pou et le malgr\u00e9 tout et L\u0153il \u00e0 l\u00e9tat sauvage, ainsi quune s\u00e9quence bonus, in\u00e9dite intitul\u00e9e, le 31 mars 2003, qui nous font c\u00f4toyer les lieux que fr\u00e9quentaient et ses amis, revivre les grandes \u00e9tapes de son histoire et p\u00e9n\u00e9trer dans le savant d\u00e9sordre de latelier du 42 rue Fontaine. Lann\u00e9e 2019 devait \u00eatre triomphante pour Patrick Bruel : 60 ans, une tourn\u00e9e \u00e0 succ\u00e8s, laffiche du film Le meilleur reste \u00e0 venir, plusieurs soir\u00e9es t\u00e9l\u00e9vis\u00e9es et un public toujours aussi pr\u00e9sent. Pourtant, depuis septembre dernier, le chanteur est dans le viseur de la justice pour des gestes et des propos d\u00e9plac\u00e9s. En tout, cinq femmes laccusent dexhibition, de harc\u00e8lement et dagression sexuels. Deux enqu\u00eates ont \u00e9t\u00e9 ouvertes : la premi\u00e8re, pr\u00e9liminaire, ouverte le 13 ao\u00fbt 2019 par le parquet dAjaccio apr\u00e8s le signalement fait par une masseuse corse ; la seconde, ouverte le 11 octobre \u00e0 Perpignan apr\u00e8s la plainte d\u00e9pos\u00e9e par une autre masseuse. <img decoding=\"async\" src=\"http:\/\/www.roadbrildge.cf\/fr\/federation\/formation\/PublishingImages\/Boulouris-extranet.jpg\" alt=\"rencontre festival montagne grenoble\" align=\"left\">.<\/p>\n","protected":false},"excerpt":{"rendered":"<p>rencontre festival montagne grenoble<\/p>\n","protected":false},"author":1,"featured_media":0,"comment_status":"closed","ping_status":"closed","sticky":false,"template":"","format":"standard","meta":{"footnotes":""},"categories":[1],"tags":[],"_links":{"self":[{"href":"http:\/\/versa-line.com\/site\/wp-json\/wp\/v2\/posts\/5327"}],"collection":[{"href":"http:\/\/versa-line.com\/site\/wp-json\/wp\/v2\/posts"}],"about":[{"href":"http:\/\/versa-line.com\/site\/wp-json\/wp\/v2\/types\/post"}],"author":[{"embeddable":true,"href":"http:\/\/versa-line.com\/site\/wp-json\/wp\/v2\/users\/1"}],"replies":[{"embeddable":true,"href":"http:\/\/versa-line.com\/site\/wp-json\/wp\/v2\/comments?post=5327"}],"version-history":[{"count":1,"href":"http:\/\/versa-line.com\/site\/wp-json\/wp\/v2\/posts\/5327\/revisions"}],"predecessor-version":[{"id":5328,"href":"http:\/\/versa-line.com\/site\/wp-json\/wp\/v2\/posts\/5327\/revisions\/5328"}],"wp:attachment":[{"href":"http:\/\/versa-line.com\/site\/wp-json\/wp\/v2\/media?parent=5327"}],"wp:term":[{"taxonomy":"category","embeddable":true,"href":"http:\/\/versa-line.com\/site\/wp-json\/wp\/v2\/categories?post=5327"},{"taxonomy":"post_tag","embeddable":true,"href":"http:\/\/versa-line.com\/site\/wp-json\/wp\/v2\/tags?post=5327"}],"curies":[{"name":"wp","href":"https:\/\/api.w.org\/{rel}","templated":true}]}}