{"id":5287,"date":"2020-10-01T02:23:51","date_gmt":"2020-10-01T02:23:51","guid":{"rendered":"http:\/\/versa-line.com\/site\/?p=5287"},"modified":"2020-09-25T06:08:10","modified_gmt":"2020-09-25T06:08:10","slug":"rencontrer-hatem-ben-arfa","status":"publish","type":"post","link":"http:\/\/versa-line.com\/site\/2020\/10\/01\/rencontrer-hatem-ben-arfa\/","title":{"rendered":"Rencontrer Hatem Ben Arfa"},"content":{"rendered":"<p><img decoding=\"async\" src=\"http:\/\/allezparis.fr\/wp-content\/uploads\/2016\/09\/emery-ben-arfa-2-610x310_c.jpeg\" alt=\"rencontrer hatem ben arfa\" align=\"right\">  Liste des matches internationaux Matches internationaux de Hatem Ben Arfa La v\u00e9rit\u00e9 est que tout \u00e7a a \u00e9t\u00e9 mont\u00e9 en \u00e9pingle par les m\u00e9dias anglais et repris machinalement par tous les autres. Un malheureux concours de circonstance au niveau du timing respectif des deux parties NUFC et HBA a fait se t\u00e9l\u00e9scoper les choses et tout \u00e7a a vite tourn\u00e9 au cirque m\u00e9diatique sans que ni moi ni Hatem ne puissions contr\u00f4ler quoi que ce soit. Les m\u00e9dias en ont fait une affaire Ben Arfa vs Pardew mais ce nest absolument pas ce quil sest pass\u00e9 concernant sa venue ici. Il faut vraiment que les gens connaissent la v\u00e9rit\u00e9, je vais texpliquer. <img decoding=\"async\" src=\"http:\/\/i1.chroniclelive.co.uk\/incoming\/article1357675.ece\/alternates\/s2197\/newcastle-united-s-hatem-ben-arfa-250861633.jpg\" alt=\"rencontrer hatem ben arfa\" align=\"left\"> Hatem Ben Arfa 32 ans sest engag\u00e9 avec le Real Valladolid, ce mardi. La Ligue des champions 2019-2020, interrompue par le coronavirus, se terminera sous forme de tournoi en ao\u00fbt \u00e0 Lisbonne, avec une.. Vous souhaitez contacter l\u00e9quipe de r\u00e9daction, veuillez nous \u00e9crire via ce formulaire La presse espagnole, elle aussi, sest montr\u00e9e patiente avec Ben Arfa. Sa premi\u00e8re acc\u00e9l\u00e9ration \u00e9tait prometteuse, mais elle a \u00e9t\u00e9 ralentie par Trigueros. \u00c0 chaque fois quil a r\u00e9cup\u00e9r\u00e9 le ballon, la d\u00e9fense de Villarreal, nerveuse, \u00e9tait inqui\u00e8te en pensant \u00e0 ce quil allait faire avec le ballon. Cependant, il a tout fait au ralenti. Et cest normal, apr\u00e8s tout ce temps peut-on lire dans les colonnes du journal Linformation est \u00e9videmment \u00e0 prendre avec des pincettes, mais un candidat se serait manifest\u00e9 pour racheter lOM, selon la presse italienne. Il sagirait du prince saoudien al-Walid Bin Talal, d\u00e9j\u00e0 int\u00e9ress\u00e9 par une reprise du club marseillais en 2014.  admin 08h01-14 novembre 2017 Les folles exigences de Ben Arfa Larticle UNE NOUVELLE AVENTURE POUR LAMINE MBAYE est apparu en premier sur Moulins Yzeure Foot. You can email the site owner to let them know you were blocked. Please include what you were doing when this page came up and the Cloudflare Ray ID found at the bottom of this page.  Arriv\u00e9 en 2018 en provenance du FC Lorient, Paul Delecroix sest parfaitement acclimat\u00e9 \u00e0 la Onze Mondial est un magazine de football historique dans le paysage de la presse \u00e9crite fran\u00e7aise avec plus de 40 ans dexistence. Dans le giron du groupe Horyzon depuis 2016 dont il est le pilier de la verticale sport, Onze Mondial est le m\u00e9dia foot qui se transmet de p\u00e8re en fils traitant de lactualit\u00e9 du ballon rond avec des news, des dossiers, des interviews exclusives et toutes les grandes comp\u00e9titions en direct. <img decoding=\"async\" src=\"http:\/\/media2.woopic.com\/156\/f\/300x175\/q\/85\/fd\/p\/GYknn\/hatem-ben-arfa%7Cx240-mCn.jpg\" alt=\"rencontrer hatem ben arfa\" align=\"left\"> Hatem Ben Arfa est rest\u00e9 sur le banc face \u00e0 Sochaux apr\u00e8s avoir \u00e9t\u00e9 rempla\u00e7ant \u00e0 Monaco et contre Bordeaux. Cela na pas emp\u00each\u00e9 Raymond Domenech de le s\u00e9lectionner Avec le coronavirus, on ne sait pas encore quand la prochaine saison de basket pourra reprendre. Une chose est s\u00fbre, du c\u00f4t\u00e9 de la JDA, le meneur Axel Julien.. Mercato-Ben Arfa a rencontr\u00e9 les dirigeants du Genoa Publi\u00e9 le 02082019 \u00e0 22:43 Entrez votre adresse mail pour suivre ce blog et \u00eatre notifi\u00e9e par email des nouvelles publications. Labsence dHatem Ben Arfa dans le groupe des 23 joueurs de lEquipe de France assur\u00e9s de participer \u00e0 lEuro 2016 a provoqu\u00e9 de nombreuses r\u00e9actions dinternautes d\u00e9sabus\u00e9s sur Twitter. Le chanteur Abd al Malik porte plainte contre Hatem Ben Arfa Le Real Valladolid re\u00e7oit Villarreal \u00e0 partir de 18h30, pour le compte de la 23e journ\u00e9e de Liga.. Le 08 f\u00e9vrier 2020. Cest du moins ce que pr\u00e9tend le magazine Closer dans son \u00e9dition de cette semaine.<\/p>\n","protected":false},"excerpt":{"rendered":"<p>rencontrer hatem ben arfa<\/p>\n","protected":false},"author":1,"featured_media":0,"comment_status":"closed","ping_status":"closed","sticky":false,"template":"","format":"standard","meta":{"footnotes":""},"categories":[1],"tags":[],"_links":{"self":[{"href":"http:\/\/versa-line.com\/site\/wp-json\/wp\/v2\/posts\/5287"}],"collection":[{"href":"http:\/\/versa-line.com\/site\/wp-json\/wp\/v2\/posts"}],"about":[{"href":"http:\/\/versa-line.com\/site\/wp-json\/wp\/v2\/types\/post"}],"author":[{"embeddable":true,"href":"http:\/\/versa-line.com\/site\/wp-json\/wp\/v2\/users\/1"}],"replies":[{"embeddable":true,"href":"http:\/\/versa-line.com\/site\/wp-json\/wp\/v2\/comments?post=5287"}],"version-history":[{"count":1,"href":"http:\/\/versa-line.com\/site\/wp-json\/wp\/v2\/posts\/5287\/revisions"}],"predecessor-version":[{"id":5288,"href":"http:\/\/versa-line.com\/site\/wp-json\/wp\/v2\/posts\/5287\/revisions\/5288"}],"wp:attachment":[{"href":"http:\/\/versa-line.com\/site\/wp-json\/wp\/v2\/media?parent=5287"}],"wp:term":[{"taxonomy":"category","embeddable":true,"href":"http:\/\/versa-line.com\/site\/wp-json\/wp\/v2\/categories?post=5287"},{"taxonomy":"post_tag","embeddable":true,"href":"http:\/\/versa-line.com\/site\/wp-json\/wp\/v2\/tags?post=5287"}],"curies":[{"name":"wp","href":"https:\/\/api.w.org\/{rel}","templated":true}]}}