{"id":5257,"date":"2020-10-01T04:57:48","date_gmt":"2020-10-01T04:57:48","guid":{"rendered":"http:\/\/versa-line.com\/site\/?p=5257"},"modified":"2020-09-25T05:07:46","modified_gmt":"2020-09-25T05:07:46","slug":"rencontres-autour-de-la-perinatalite","status":"publish","type":"post","link":"http:\/\/versa-line.com\/site\/2020\/10\/01\/rencontres-autour-de-la-perinatalite\/","title":{"rendered":"Rencontres Autour De La Perinatalit\u00e9"},"content":{"rendered":"<p>28e Rencontres Nationales de P\u00e9rinatalit\u00e9 et Parentalit\u00e9 ______________________________________________________________________ <img decoding=\"async\" src=\"http:\/\/www.ch-lachartreuse-dijon-cotedor.fr\/wp-content\/uploads\/2016\/09\/IMG_5700_200x270_acf_cropped-1.jpg\" alt=\"rencontres autour de la perinatalit\u00e9\" align=\"right\"> La p\u00e9rinatalit\u00e9 recouvre le d\u00e9veloppement de la conception jusqu\u00e0 la deuxi\u00e8me ann\u00e9e de vie environ : m\u00e9canismes inter-et transg\u00e9n\u00e9rationnels concernant le d\u00e9sir denfant, la grossesse, la naissance et la petite enfance, relations m\u00e8re-enfant, post-partum, place du p\u00e8re et de la famille, \u00e9galement en pre-partum. Mais \u00e9galement laccompagnement des parents et de la fratrie, et leurs enjeux \u00e9thiques.  Pour un groupe de 12 \u00e0 16 personnes Formation en INTRA une journ\u00e9e de formation est factur\u00e9e entre 1400 et 1600 \u00e0 titre indicatif une session de formation de 3 jours cons\u00e9cutifs pour un groupe de 12 \u00e0 16 personnes est de 4 200 Un guide des bonnes pratiques reposant un socle de preuves scientifiques  <img decoding=\"async\" src=\"http:\/\/2.bp.blogspot.com\/-7JRtUWfTvXk\/UxRyrcv8ZjI\/AAAAAAAAAu0\/-H3rizzfhAQ\/s1600\/ange_de_bebe_02_08_07huge_784.jpg\" alt=\"rencontres autour de la perinatalit\u00e9\" align=\"center\"> A lire :, deuil p\u00e9rinatal : de 130 id\u00e9es pour offrir du soutien aux parents endeuill\u00e9s de leur b\u00e9b\u00e9 Ou pour en recevoir de ses proches, de H\u00e9l\u00e8ne G\u00e9rin, 18,50. A commander. En novembre 2019, la R\u00e9gion Bretagne a adopt\u00e9 son SRADDET, pour Sch\u00e9ma r\u00e9gional dam\u00e9nagement durable.. 4\u00e8me Journ\u00e9e R\u00e9gionale de lERRSPP du Nord-Pas de Calais, EIRENE : Tenue dun stand par Marie Y. Soul\u00e9 : la litt\u00e9rature enfantine : construction de lenfant lecteur  Laccompagnement p\u00e9rinatal propos\u00e9 par A Fleur de Naissance est non-m\u00e9dical et non-th\u00e9rapeutique. Il ne peut Pr\u00e9paration classique d\u00e9clin\u00e9e en 4 cours de 2h et comprenant : Histoire du Centre P\u00e9rinatal de Proximit\u00e9 du Centre Hospitalier Aunay-Bayeux Par d\u00e9rogation aux dispositions pr\u00e9c\u00e9dentes et particuli\u00e8rement pour un usage p\u00e9dagogique, la reproduction des textes de ce site sur un support papier est autoris\u00e9e, sous r\u00e9serve du respect des trois conditions suivantes : Apr\u00e8s plusieurs semaines dincertitudes et dinterrogations, le service dioc\u00e9sain des p\u00e8lerinages a mis en route une proposition in\u00e9dite pour le p\u00e8lerinage \u00e0 Lourdes en septembre prochain. Depuis trois ans, lUnion d\u00e9mocratique bretonne organise un stage de breton pour d\u00e9butants sur l\u00eele.. Maison P\u00e9rinatale, Maison p\u00e9rinatale \u00e0 Boulogne-Billancourt Vous pouvez vous d\u00e9sinscrire \u00e0 tout moment via ce m\u00eame formulaire. Sorry, you have been blocked You are unable to access inspq.qc.ca Vous \u00eates \u00e9tudiant-e en fin de cursus et cherchez \u00e0 vous installer <img decoding=\"async\" src=\"http:\/\/www.marce-francophone.fr\/images\/dossier-publications\/Psychopathologie-de-la-perinatalite-et-de-la-parentalite-couv.jpg\" alt=\"rencontres autour de la perinatalit\u00e9\" align=\"right\"> Service de psychiatrie de liaison et dintervention de crise SPLIC.<\/p>\n","protected":false},"excerpt":{"rendered":"<p>rencontres autour de la perinatalit\u00e9<\/p>\n","protected":false},"author":1,"featured_media":0,"comment_status":"closed","ping_status":"closed","sticky":false,"template":"","format":"standard","meta":{"footnotes":""},"categories":[1],"tags":[],"_links":{"self":[{"href":"http:\/\/versa-line.com\/site\/wp-json\/wp\/v2\/posts\/5257"}],"collection":[{"href":"http:\/\/versa-line.com\/site\/wp-json\/wp\/v2\/posts"}],"about":[{"href":"http:\/\/versa-line.com\/site\/wp-json\/wp\/v2\/types\/post"}],"author":[{"embeddable":true,"href":"http:\/\/versa-line.com\/site\/wp-json\/wp\/v2\/users\/1"}],"replies":[{"embeddable":true,"href":"http:\/\/versa-line.com\/site\/wp-json\/wp\/v2\/comments?post=5257"}],"version-history":[{"count":1,"href":"http:\/\/versa-line.com\/site\/wp-json\/wp\/v2\/posts\/5257\/revisions"}],"predecessor-version":[{"id":5258,"href":"http:\/\/versa-line.com\/site\/wp-json\/wp\/v2\/posts\/5257\/revisions\/5258"}],"wp:attachment":[{"href":"http:\/\/versa-line.com\/site\/wp-json\/wp\/v2\/media?parent=5257"}],"wp:term":[{"taxonomy":"category","embeddable":true,"href":"http:\/\/versa-line.com\/site\/wp-json\/wp\/v2\/categories?post=5257"},{"taxonomy":"post_tag","embeddable":true,"href":"http:\/\/versa-line.com\/site\/wp-json\/wp\/v2\/tags?post=5257"}],"curies":[{"name":"wp","href":"https:\/\/api.w.org\/{rel}","templated":true}]}}