{"id":5221,"date":"2020-10-01T00:52:47","date_gmt":"2020-10-01T00:52:47","guid":{"rendered":"http:\/\/versa-line.com\/site\/?p=5221"},"modified":"2020-09-25T03:22:04","modified_gmt":"2020-09-25T03:22:04","slug":"rencontres-en-guyane","status":"publish","type":"post","link":"http:\/\/versa-line.com\/site\/2020\/10\/01\/rencontres-en-guyane\/","title":{"rendered":"Rencontres En Guyane"},"content":{"rendered":"<p>Le MEDEF, la CGPME et 12 organisations regroupant des entreprises sur la responsabilit\u00e9 soci\u00e9tale et le d\u00e9veloppement durable, signent une d\u00e9claration commune.  Conf\u00e9rence de Copenhague : J-25 pour sauver le climat 6\u00e8me \u00e9dition de la Journ\u00e9e mondiale pour un tourisme responsable utilisation de ce service afin de vous adresser ult\u00e9rieurement du contenu etou des publicit\u00e9s personnalis\u00e9s La ville de Paris organise la Promotion 2013 du Paris durable pour promouvoir et soutenir 10 initiatives innovantes et inspirantes en mati\u00e8re denvironnement et de d\u00e9veloppement durable. Au sujet de lesclavage, la question des r\u00e9parations permet dunir les Cr\u00e9oles guyanais aux autres Noirs. Ainsi, sur le sol m\u00e9tropolitain, les Africains avec lesquels ils partagent quelques malheurs dans la soci\u00e9t\u00e9 fran\u00e7aise, sont des adh\u00e9rents bienvenus des associations dantillais, r\u00e9unionnais et guyanais. Ainsi, dans le cadre du cent cinquantenaire de labolition de lesclavage, la marche du 23 mai 1998 rassemble 40 000 Guadeloup\u00e9ens, Guyanais, Martiniquais, R\u00e9unionnais, entour\u00e9s damis Africains, Ha\u00eftiens et Fran\u00e7ais m\u00e9tropolitains pour rendre un hommage au calvaire de leurs a\u00efeux d\u00e9port\u00e9s et r\u00e9duits en esclavage Comit\u00e9 marche du 23 mai 1998. Quatre adh\u00e9rents du Comit\u00e9 21, membres de cette Commission, dont Alain Jupp\u00e9, co-pr\u00e9sident, nous livrent leur analyse sur les orient Le 26 septembre 2019, la loi \u00e9nergie-climat a \u00e9t\u00e9 d\u00e9finitivement adopt\u00e9e par le S\u00e9nat ouvrant ainsi la voie \u00e0 sa promulgation. Il propose une note danalyse Bilan de la COP23 dans le cadre de son CERRESCE Centre de ressources pour une responsabilit\u00e9 sociale climatique et \u00e9nerg\u00e9tique.. 42 repr\u00e9sentants de ses 48 organisations membres ont particip\u00e9 \u00e0 La collecte dinformations associ\u00e9es \u00e0 celles pr\u00e9cit\u00e9es pour affiner et diffuser des contenus pertinents, puis La famille essaie aussi de caler ses rendez-vous de sant\u00e9. Il ny a quun ou deux dermatologues en Guyane, il me semble. Et trois ophtalmologistes qui ne peuvent vous recevoir quentre six mois et un an. Linformaticien est cat\u00e9gorique, lorsquil y a un probl\u00e8me de sant\u00e9 grave, on prend un avion et on va \u00e0 Paris: Retrouvez la liste des principaux chantiers sur les routes nationales du 08 juin au 12 juin 2020.. 2002b, Guyane, des peuples et des histoires, in Antiane Eco, n54, octobre, pp 14-17.  Le Comit\u00e9 21 a organis\u00e9 le 16 juin dernier, une matin\u00e9e de tables rondes consacr\u00e9e \u00e0 lengagement soci\u00e9tal au prisme des ODD. Bettina Laville, pr\u00e9sidente du Comit\u00e9 21, est intervenue \u00e0 la table ronde finale.. CALMONT, A, 1978. Cayenne, la ville et sa r\u00e9gion, Talence : Centre d\u00c9tudes de G\u00e9ographie Tropicale, Travaux et documents, n32. <img decoding=\"async\" src=\"http:\/\/4.bp.blogspot.com\/-SVp7XZAuDqw\/TnC9Q87xukI\/AAAAAAAAAP8\/pGRmX4DQHyk\/s320\/rencontre.jpg\" alt=\"rencontres en guyane\" align=\"left\"> Les Rencontres des territoires durables, organis\u00e9es par Acteurs publics, se d\u00e9rouleront le 20 et 21 mars 2012 au Conseil \u00e9conomique, social et environnemental CESE. Discuter, parler, tchatcher : invite tous tes contacts \u00e0 venir sur le chat coco <img decoding=\"async\" src=\"http:\/\/www.city-data.com\/forum\/members\/mongohateswinter-547346-albums-bike-stuff-pic26858-another-beer-girl.jpg\" alt=\"rencontres en guyane\" align=\"right\"> Les indicateurs de ladaptation et le PNACC2 : retour sur latelier 5 du Programme Adaptation 32Les \u00e9tudiants de la licence professionnelle productions industrielles de la m\u00eame UAG, dans le cadre de leurs travaux de stage, pourraient effectuer des relev\u00e9s techniques des machines, les transcrire en 3D avec animation et \u00e9ventuellement intervenir en usinage de certaines pi\u00e8ces. De telles perspectives p\u00e9dagogiques constituent une collaboration pr\u00e9cieuse pour un mus\u00e9e Https:www.filmsdocumentaires.comfilms5244-rencontres-en-guyane <img decoding=\"async\" src=\"http:\/\/www.une-saison-en-guyane.com\/uploads\/medias\/Les-Rencontres-R%C3%A9gionales-2013-sur-le-th%C3%A9me-_Eduquer-%C3%A0-la-nature-dehors_.jpg\" alt=\"rencontres en guyane\" align=\"left\"> .<\/p>\n","protected":false},"excerpt":{"rendered":"<p>rencontres en guyane<\/p>\n","protected":false},"author":1,"featured_media":0,"comment_status":"closed","ping_status":"closed","sticky":false,"template":"","format":"standard","meta":{"footnotes":""},"categories":[1],"tags":[],"_links":{"self":[{"href":"http:\/\/versa-line.com\/site\/wp-json\/wp\/v2\/posts\/5221"}],"collection":[{"href":"http:\/\/versa-line.com\/site\/wp-json\/wp\/v2\/posts"}],"about":[{"href":"http:\/\/versa-line.com\/site\/wp-json\/wp\/v2\/types\/post"}],"author":[{"embeddable":true,"href":"http:\/\/versa-line.com\/site\/wp-json\/wp\/v2\/users\/1"}],"replies":[{"embeddable":true,"href":"http:\/\/versa-line.com\/site\/wp-json\/wp\/v2\/comments?post=5221"}],"version-history":[{"count":1,"href":"http:\/\/versa-line.com\/site\/wp-json\/wp\/v2\/posts\/5221\/revisions"}],"predecessor-version":[{"id":5222,"href":"http:\/\/versa-line.com\/site\/wp-json\/wp\/v2\/posts\/5221\/revisions\/5222"}],"wp:attachment":[{"href":"http:\/\/versa-line.com\/site\/wp-json\/wp\/v2\/media?parent=5221"}],"wp:term":[{"taxonomy":"category","embeddable":true,"href":"http:\/\/versa-line.com\/site\/wp-json\/wp\/v2\/categories?post=5221"},{"taxonomy":"post_tag","embeddable":true,"href":"http:\/\/versa-line.com\/site\/wp-json\/wp\/v2\/tags?post=5221"}],"curies":[{"name":"wp","href":"https:\/\/api.w.org\/{rel}","templated":true}]}}