{"id":5185,"date":"2020-09-30T10:48:43","date_gmt":"2020-09-30T10:48:43","guid":{"rendered":"http:\/\/versa-line.com\/site\/?p=5185"},"modified":"2020-09-25T01:28:28","modified_gmt":"2020-09-25T01:28:28","slug":"rencontres-pediatriques-2","status":"publish","type":"post","link":"http:\/\/versa-line.com\/site\/2020\/09\/30\/rencontres-pediatriques-2\/","title":{"rendered":"Rencontres Pediatriques"},"content":{"rendered":"<p>Nh\u00e9sitez pas \u00e0 nous appeler pour toutes questions ou conseils au 04.67.63.62.19 ou par mail Lorsquune orientation ou une fin de prise en charge \u00e0 lh\u00f4pital de jour est envisag\u00e9e, elle est toujours pr\u00e9par\u00e9e en lien avec la famille pour assurer un parcours de soin coh\u00e9rent Pr. Delobel : Physiopathologie, s\u00e9miologie et pistes Th\u00e9rapeutique Les b\u00e9b\u00e9s et les enfants semblent moins affect\u00e9s par le virus que les adultes, souligne le D r Kramer. De plus, il serait difficile, voire impossible, d\u00e9loigner un b\u00e9b\u00e9 de sa m\u00e8re pendant deux semaines. Le m\u00e9decin sugg\u00e8re donc de poursuivre lallaitement en se lavant les mains avant de toucher le b\u00e9b\u00e9 et en portant un masque. Si la m\u00e8re na pas de masque \u00e0 sa disposition, elle pourrait aussi recouvrir son b\u00e9b\u00e9 avec une couverture ou une serviette. Le bien-\u00eatre au rendez-vous de la journ\u00e9e des familles le samedi 16 mars sur la mezzanine du Tripode Groupe hospitalier Pellegrin. Pr\u00e9sentation \u00e9lectrophysiologique, pr\u00e9sentation de vid\u00e9o-EEG <img decoding=\"async\" src=\"http:\/\/www.pediatrie-pratique.com\/sites\/www.pediatrie-pratique.com\/files\/legacy\/equotidien\/photos\/photo011_thb.jpg\" alt=\"rencontres pediatriques\" align=\"right\"> Robert Cohen et Christ\u00e8le Gras-Le Guen comptent parmi les signataires dune tribune dune vingtaine de p\u00e9diatres, publi\u00e9e mercredi 13 mai, qui demande le retour des enfants \u00e0 l\u00e9cole, alors que la quasi-totalit\u00e9 des enfants qui ont \u00e9t\u00e9 infect\u00e9s par le COVID-19 lont \u00e9t\u00e9 au contact dadultes. D autres cadres de la Soci\u00e9t\u00e9 Fran\u00e7aise de P\u00e9diatrie, comme son pr\u00e9sident le Pr Christophe Delacourt et le pr\u00e9sident de son conseil scientifique, le Pr Emmanuel Gonzales, font aussi partie des r\u00e9dacteurs de ce texte.  Fin avril, un groupe de p\u00e9diatres avaient rep\u00e9r\u00e9 que des enfants test\u00e9s positifs au Covid-19 en Ile-de-France pr\u00e9sentaient des sympt\u00f4mes faisant penser \u00e0 ceux de la maladie de Kawasaki, mais avec une note inflammatoire et myocardique beaucoup plus marqu\u00e9e.  <img decoding=\"async\" src=\"http:\/\/www.cerclefoch.fr\/wp-content\/uploads\/2015\/03\/francoise-evenou.jpg\" alt=\"rencontres pediatriques\" align=\"center\"> Tous les postes offerts aux choix des internes sont consultables sur le site de lARS : CompuGroup Medical sera sur l\u00e9dition 2019 du HIT du 21 au 23 mai 2019 \u00e0 Paris Porte de Versailles. <img decoding=\"async\" src=\"http:\/\/www.more.wfcrimewatch.com\/public\/upload\/news\/first\/5ad60fe6084042.81901964.jpg\" alt=\"rencontres pediatriques\" align=\"right\">. Dans dautres services du CHU : orthop\u00e9die, neurochirurgie Nous avons choisi de traiter les sp\u00e9cificit\u00e9s p\u00e9diatriques de la conduite \u00e0 tenir en cas de consultation pour traumatisme cr\u00e2nien motif de recours fr\u00e9quent aux urgences p\u00e9diatriques. On peut aussi citer l\u00e9tude men\u00e9e par Arnaud Fontanet aupr\u00e8s denfants de six \u00e9coles primaires de Cr\u00e9py-en-Valois, commune fran\u00e7aise tr\u00e8s touch\u00e9e au d\u00e9but de l\u00e9pid\u00e9mie, pour savoir sils ont \u00e9t\u00e9 infect\u00e9s pendant la p\u00e9riode \u00e9pid\u00e9mique de f\u00e9vrier. Cet \u00e9pid\u00e9miologie des maladies infectieuses et tropicales \u00e0 lInstitut Pasteur et membre du Conseil scientifique sur le Covid-19 sexprimait le 30 avril lors dune audition parlementaire et estimait alors disposer dun faisceau darguments qui nous laisse entendre que chez les moins de 10 ans la situation est probablement moins s\u00e9v\u00e8re que chez les adultes, \u00e0 savoir quils sont probablement moins susceptibles \u00e0 linfection et moins contagieux. Mais on veut pouvoir le v\u00e9rifier. D\u00e9pister pr\u00e9cocement et, de ce fait, mieux prendre en charge les grossesses \u00e0 risque m\u00e9dico-psycho social.  Action des contraintes sur les os du cr\u00e2ne et leur traduction ost\u00e9opathique Votre test de grossesse vient de le confirmer, vous allez \u00eatre maman. Pendant toute la dur\u00e9e de votre grossesse, vous serez suivie et accompagn\u00e9e par des professionnels de sant\u00e9 exer\u00e7ant soit au sein de la maternit\u00e9, soit en ville par des sages femmes ou m\u00e9decins ayant des liens directs et privil\u00e9gi\u00e9s avec notre \u00e9tablissement. Cest un v\u00e9ritable cri du c\u0153ur qua lanc\u00e9 le r\u00e9put\u00e9 p\u00e9diatre Gilles Julien, qui \u0153uvre aupr\u00e8s des ados et des enfants par linterm\u00e9diaire des centres de p\u00e9diatrie sociale et de la Fondation du D r Julien. Sa tr\u00e8s grande inqui\u00e9tude est partag\u00e9e par de nombreux coll\u00e8gues des quelque 40 centres actifs pour les enfants en difficult\u00e9 \u00e0 travers le Qu\u00e9bec, soutient-il. Journ\u00e9e Portes Ouvertes Virtuelle Jeudi 11 Juin \u00e0 18h Comme lensemble du monde de la culture, la plan\u00e8te orchestrale a tr\u00e8s vite pris le pli du num\u00e9rique pour conserver une certaine visibilit\u00e9. Le premier \u00e0 prendre linitiative de r\u00e9unir les musiciens.. Cest la question que de nombreux parents de jeunes enfants se posent: le retour \u00e0 la cr\u00e8che ou \u00e0 l\u00e9cole risque-t-il d\u00eatre marqu\u00e9 par une sensibilit\u00e9 accrue aux maladies infantiles, faute dexposition \u00e0 des pathog\u00e8nes durant deux mois? En dautres termes, le confinement a-t-il pu avoir un impact sur le syst\u00e8me immunitaire de nos bambins? EM-CONSULTE.COM est d\u00e9clar\u00e9 \u00e0 la CNIL, d\u00e9claration n 1286925.<\/p>\n","protected":false},"excerpt":{"rendered":"<p>rencontres pediatriques<\/p>\n","protected":false},"author":1,"featured_media":0,"comment_status":"closed","ping_status":"closed","sticky":false,"template":"","format":"standard","meta":{"footnotes":""},"categories":[1],"tags":[],"_links":{"self":[{"href":"http:\/\/versa-line.com\/site\/wp-json\/wp\/v2\/posts\/5185"}],"collection":[{"href":"http:\/\/versa-line.com\/site\/wp-json\/wp\/v2\/posts"}],"about":[{"href":"http:\/\/versa-line.com\/site\/wp-json\/wp\/v2\/types\/post"}],"author":[{"embeddable":true,"href":"http:\/\/versa-line.com\/site\/wp-json\/wp\/v2\/users\/1"}],"replies":[{"embeddable":true,"href":"http:\/\/versa-line.com\/site\/wp-json\/wp\/v2\/comments?post=5185"}],"version-history":[{"count":1,"href":"http:\/\/versa-line.com\/site\/wp-json\/wp\/v2\/posts\/5185\/revisions"}],"predecessor-version":[{"id":5186,"href":"http:\/\/versa-line.com\/site\/wp-json\/wp\/v2\/posts\/5185\/revisions\/5186"}],"wp:attachment":[{"href":"http:\/\/versa-line.com\/site\/wp-json\/wp\/v2\/media?parent=5185"}],"wp:term":[{"taxonomy":"category","embeddable":true,"href":"http:\/\/versa-line.com\/site\/wp-json\/wp\/v2\/categories?post=5185"},{"taxonomy":"post_tag","embeddable":true,"href":"http:\/\/versa-line.com\/site\/wp-json\/wp\/v2\/tags?post=5185"}],"curies":[{"name":"wp","href":"https:\/\/api.w.org\/{rel}","templated":true}]}}