{"id":5121,"date":"2020-09-30T17:22:58","date_gmt":"2020-09-30T17:22:58","guid":{"rendered":"http:\/\/versa-line.com\/site\/?p=5121"},"modified":"2020-09-24T23:06:24","modified_gmt":"2020-09-24T23:06:24","slug":"forum-rencontre-perpignan","status":"publish","type":"post","link":"http:\/\/versa-line.com\/site\/2020\/09\/30\/forum-rencontre-perpignan\/","title":{"rendered":"Forum Rencontre Perpignan"},"content":{"rendered":"<p>Je viens de minstaller sur Perpignan et la solitude me p\u00e8se, je d\u00e9sire faire des rencontres amicales avec des hommes et peute etre me sortir de cette monotonie qui est la mienne. <img decoding=\"async\" src=\"http:\/\/www.ravanns.tk\/images\/Hetre_pleureur_01.jpg\" alt=\"forum rencontre perpignan\" align=\"left\"> Sorties entre amis Repas entre amis Chevaux, \u00e9quitation Preuve de cette vitalit\u00e9 nouvelle, la cr\u00e8che interentreprises Les Petits Chaperons Rouges a vu le jour en janvier 2009. Cette r\u00e9alisation sest faite en partenariat avec lassociation des entreprises. Elle permet aux salari\u00e9s travaillant sur lespace Polygone Nord de b\u00e9n\u00e9ficier dun cadre de qualit\u00e9 pour la garde et l\u00e9veil de leurs enfants.  Bonjour, je recherche des partenaires pour jouer de la musique. Amateur piano, je souhaiterais simplement partager des inspirations et des compositions, pas de reprises. Se rassembler et laisser libre cours aux improvisations, tout en faisant connaissance et liant amiti\u00e9 autour d\u00e9v\u00e9nements culturels. Lors de cette journ\u00e9e sont \u00e9galement pr\u00e9vus des s\u00e9ances de coaching minute durant lesquels les membres de l\u00e9quipe de la Rencontre des M\u00e9tiers vous donneront des conseils sur les entretiens dembauche, les stages etc. Tecnosud est une zone dactivit\u00e9 \u00e9conomique situ\u00e9e au sud de Perpignan, \u00e0 c\u00f4t\u00e9 du Mas Balande et au sud du Moulin \u00e0 Vent. Cest une zone qui accueille Le P\u00f4le DERBI ainsi que des entreprises de haute technologie, un laboratoire de recherche PROMES ainsi que des entreprises aux activit\u00e9s tertiaires publicit\u00e9 par exemple. On se tient au courant suivant l\u00e9volution des choses. Ce forum des m\u00e9tiers ma permis de d\u00e9couvrir des m\u00e9tiers diff\u00e9rents les uns des autres. Jai pu poser des questions a diff\u00e9rentes personnes. M\u00eame si cela ne ma pas permis de me faire une id\u00e9e sur mon orientation, jai trouv\u00e9 cette apr\u00e8s midi tr\u00e8s enrichissante. F Cl\u00e9ment 3\u00e8me5 Une a succ\u00e9d\u00e9 \u00e0 ce r\u00e9seau \u00e0 partir de 1952 ; elle fut d\u00e9mantel\u00e9e une quinzaine dann\u00e9es plus tard, en. Depuis, le service est exclusivement assur\u00e9 par des bus. Carole DELGA, Pr\u00e9sidente de la R\u00e9gion Occitanie, Christine DELAMARRE, Groupe Cr\u00e9dit Agricole, Lionel ZINSOU, \u00e9conomiste, ancien Premier Ministre du B\u00e9nin, Patrice FONLLADOSA, Comit\u00e9 Afrique de MEDEF International, Pierre Ren\u00e9 LEMAS, France Active, Anne GUERIN, BPI France, Corinne DAGRAIN, IRDI, Pascal BRIAN, Banque Populaire du Sud <img decoding=\"async\" src=\"http:\/\/www.mairie-perpignan.fr\/sites\/mairie-perpignan.fr\/files\/images\/dsc00714.jpg\" alt=\"forum rencontre perpignan\" align=\"right\">, 1802-1892 : \u00e9crivain et homme politique, maire de au lendemain de la \u00e0 partir de 1870 ; \u00c2g\u00e9 de 70 ans ou plus ou porteur dune maladie chronique, je ne mengage que dans des missions \u00e0 distance, depuis mon domicile, pour prot\u00e9ger au maximum ma sant\u00e9 et celle des autres. Cr\u00e9ez votre page, faites-vous conna\u00eetre et reconna\u00eetre par la Communaut\u00e9 Fut\u00e9e, et profitez de tous nos services!, sur Atlas fran\u00e7ais de la coop\u00e9ration d\u00e9centralis\u00e9e et des autres actions ext\u00e9rieures, Commission nationale de la coop\u00e9ration d\u00e9centralis\u00e9e consult\u00e9 le 30 novembre 2016.  Avis de situation P\u00f4le Emploi datant de moins de 1 mois Bonjour J habite \u00e0 perpignan. J aimerais rencontrer des camarades pour voyager sortir marcher Avoir des centres d int\u00e9r\u00eats communs Partager.. Avec d autres. Ce que j aime. Pourquoi pas m int\u00e9resser \u00e0 autre chose. Rares sont les personnes qui se manifestent lorsque on les contacte.. POURQUOI \u03b1\u03bb\u03bb\u03b7\u03bb\u03b5\u03b3\u03b3\u03cd\u03b7 \u03c0\u03b5\u03b9\u03c1\u03b1\u03b9\u03ac \u03c0\u03b1\u03bc\u03c0\u03b5\u03b9\u03c1\u03b1\u03ca\u03ba\u03ae \u03c0\u03c1\u03c9\u03c4\u03bf\u03b2\u03bf\u03c5\u03bb\u03af\u03b1 \u03c5\u03c0\u03bf\u03c3\u03c4\u03ae\u03c1\u03b9\u03be\u03b7\u03c2 \u03c0\u03c1\u03bf\u03c3\u03c6\u03cd\u03b3\u03c9\u03bd \u03bc\u03b5\u03c4\u03b1\u03bd\u03b1\u03c3\u03c4\u03ce\u03bd 3,68 \u03b7 \u03ba\u03b1\u03c4\u03b1\u03c3\u03c4\u03c1\u03bf\u03c6\u03ae \u03c4\u03c9\u03bd \u03b4\u03b1\u03c3\u03ce\u03bd \u03ba\u03bb\u03b5\u03b9\u03c3\u03c4\u03b5\u03c2 \u03c0\u03bf\u03c1\u03c4\u03b5\u03c2 10\u03b7 \u03b5\u03bd\u03c4\u03bf\u03bb\u03b7 \u0391\u039c\u0395\u03a3\u0391 \u0394\u0399\u0391\u0398\u0395\u03a3\u0399\u039c\u039f Jai trouv\u00e9 ce forum fort int\u00e9ressent et instructif, jai \u00e9galement observ\u00e9 que lid\u00e9e de nous imposer certains m\u00e9tiers \u00e9tait bonne car il est vrai que ce ne sont pas forc\u00e9ment des m\u00e9tiers vers lesquels nous nous serions dirig\u00e9s de nous-m\u00eame et il est toujours int\u00e9ressent de d\u00e9couvrir. Jy ai pass\u00e9 un moment tr\u00e8s agr\u00e9able et instructif. F Joris 3\u00e8me5  <img decoding=\"async\" src=\"http:\/\/www.medfel.com\/images\/rs\/image-rs.jpg\" alt=\"forum rencontre perpignan\" align=\"left\"> Je suis simple et jaime les personnes simples vrais et enti\u00e8res. Jaime dialoguer, rire. Je ne veux pas vivre sous le m\u00eame toit, avoir une relatio.. L\u00e9volution du nombre dhabitants est connue \u00e0 travers les effectu\u00e9s dans la commune depuis 1793. \u00c0 partir de 2006, les des communes sont publi\u00e9es annuellement par l. Le recensement repose d\u00e9sormais sur une collecte dinformation annuelle, concernant successivement tous les territoires communaux au cours dune p\u00e9riode de cinq ans. Pour les communes de plus de 10 000 habitants les recensements ont lieu chaque ann\u00e9e \u00e0 la suite dune enqu\u00eate par sondage aupr\u00e8s dun \u00e9chantillon dadresses repr\u00e9sentant 8 de leurs logements, contrairement aux autres communes qui ont un recensement r\u00e9el tous les cinq ans,. Des jeunes du SPF66 partageront leurs exp\u00e9riences et des nouvelles missions seront propos\u00e9es Des multinationales ont profit\u00e9 de la crise sanitaire pour avancer leur agenda et d\u00e9fendre leurs int\u00e9r\u00eats industriels aupr\u00e8s de Bruxelles. Dune main, elles mettent en place de vastes campagnes de Autres march\u00e9s de quartiers : Saint-Martin, Place de Belgique, Haut-Vernet, etc. Pour \u00eatre r\u00e9guli\u00e8rement inform\u00e9s de nos publications, abonnez-vous en un clic \u00e0 notre chaine YouTube. Jean JOUZEL,, Climatologue intervention vid\u00e9o, Pierre-Jean COULON, Comit\u00e9 \u00e9conomique et social europ\u00e9en, Marie-H\u00e9l\u00e8ne MORVAN, Air France, Frank LACROIX, TER France.<\/p>\n","protected":false},"excerpt":{"rendered":"<p>forum rencontre perpignan<\/p>\n","protected":false},"author":1,"featured_media":0,"comment_status":"closed","ping_status":"closed","sticky":false,"template":"","format":"standard","meta":{"footnotes":""},"categories":[1],"tags":[],"_links":{"self":[{"href":"http:\/\/versa-line.com\/site\/wp-json\/wp\/v2\/posts\/5121"}],"collection":[{"href":"http:\/\/versa-line.com\/site\/wp-json\/wp\/v2\/posts"}],"about":[{"href":"http:\/\/versa-line.com\/site\/wp-json\/wp\/v2\/types\/post"}],"author":[{"embeddable":true,"href":"http:\/\/versa-line.com\/site\/wp-json\/wp\/v2\/users\/1"}],"replies":[{"embeddable":true,"href":"http:\/\/versa-line.com\/site\/wp-json\/wp\/v2\/comments?post=5121"}],"version-history":[{"count":1,"href":"http:\/\/versa-line.com\/site\/wp-json\/wp\/v2\/posts\/5121\/revisions"}],"predecessor-version":[{"id":5122,"href":"http:\/\/versa-line.com\/site\/wp-json\/wp\/v2\/posts\/5121\/revisions\/5122"}],"wp:attachment":[{"href":"http:\/\/versa-line.com\/site\/wp-json\/wp\/v2\/media?parent=5121"}],"wp:term":[{"taxonomy":"category","embeddable":true,"href":"http:\/\/versa-line.com\/site\/wp-json\/wp\/v2\/categories?post=5121"},{"taxonomy":"post_tag","embeddable":true,"href":"http:\/\/versa-line.com\/site\/wp-json\/wp\/v2\/tags?post=5121"}],"curies":[{"name":"wp","href":"https:\/\/api.w.org\/{rel}","templated":true}]}}