{"id":5087,"date":"2020-09-30T12:56:29","date_gmt":"2020-09-30T12:56:29","guid":{"rendered":"http:\/\/versa-line.com\/site\/?p=5087"},"modified":"2020-09-24T22:05:06","modified_gmt":"2020-09-24T22:05:06","slug":"rencontre-avec-marocaine-en-france","status":"publish","type":"post","link":"http:\/\/versa-line.com\/site\/2020\/09\/30\/rencontre-avec-marocaine-en-france\/","title":{"rendered":"Rencontre Avec Marocaine En France"},"content":{"rendered":"<p>De 2012 \u00e0 2019, l\u00e9quipementier de l\u00e9quipe du Maroc est succ\u00e9dant ainsi \u00e0. Bonjour,pour avoir \u00e9tait au Maroc depuis 10 ans, beau royaume aux charmes certains, jai \u00e9galement \u00e9t\u00e9 la proie de certaines personnes, mais vite r\u00e9solu, il suffit de leur parler avec des mots attention \u00e9coutes tes propos, je vais voir la police ils ont peur de la police et souvent ils comprennent le fran\u00e7ais. Tout ce qui sera affich\u00e9 cest lhistoire telle que racont\u00e9e  Nous devons aussi am\u00e9liorer le management des \u00e9quipes \u00e0 lint\u00e9rieur des entreprises et sassurer de projet int\u00e9ressants pour retenir les jeunes talents, avoue-t-elle. En attendant, elle a travaill\u00e9 avec le gouvernement pour pouvoir faciliter le recrutement de collaborateurs des pays subsahariens qui ont \u00e9tudi\u00e9 au Maroc. A voir si ces mesures seront suffisantes pour stopper lh\u00e9morragie. <img decoding=\"async\" src=\"http:\/\/topinfomedia.com\/wp-content\/uploads\/2018\/02\/collage-sans-titre-1-668x380.jpg\" alt=\"rencontre avec marocaine en france\" align=\"right\"> \u00c0 l\u00e9poque, y avait-il beaucoup de restaurants marocains \u00e0 Paris? Le Maroc dispute donc sa premi\u00e8re en tant que deuxi\u00e8me nation africaine qualifi\u00e9e sous la houlette du yougoslave, avec une \u00e9quipe compos\u00e9e exclusivement de joueurs \u00e9voluant au championnat local dont et. Lors du premier match disput\u00e9 le face \u00e0 l devant 12 942 spectateurs, le Maroc cr\u00e9e la surprise en ouvrant le score \u00e0 la 21 e minute par linterm\u00e9diaire de. Menant \u00e0 la mi-temps 1-0, les Allemands reprennent rapidement lavantage gr\u00e2ce des r\u00e9alisations de et et remportent le match par 2-1. Les Lions de lAtlas affrontent ensuite le devant plus de 13 537 spectateurs. Cette fois-ci le Maroc ne r\u00e9ussit pas \u00e0 inscrire le moindre but, et apr\u00e8s avoir tenu plus dune heure, la s\u00e9lection marocaine est \u00e9cras\u00e9e et conc\u00e8de 3 buts aux P\u00e9ruviens en 10 minutes de jeu. \u00c0 la suite de cette d\u00e9faite la qualification au tour suivant est d\u00e9finitivement impossible. Pour le dernier match face \u00e0 la qui a lieu le, l\u00e9quipe du Maroc arrache le nul par 1-1 apr\u00e8s louverture du score par les bulgares lors de la 40 e minute, \u00e9galise \u00e0 la 60 e minute, ce qui permet au Maroc dobtenir le premier point africain dans la comp\u00e9tition. Pour conserver le pr\u00e9c\u00e9dent brouillon, cliquez sur annuler. De fait, si les besoins du continent africain sont immenses, lapp\u00e9tit de d\u00e9veloppement du Maroc nen est pas moins important. \u00c0 commencer par les secteurs en forte croissance, comme les fili\u00e8res num\u00e9rique, agricole et agro-industrielle. Mais aussi en mati\u00e8re de mont\u00e9e en gamme de ses industries automobile, a\u00e9ronautique, etc, de valorisation des ressources humaines, d\u00e9ducation et de formation. <img decoding=\"async\" src=\"http:\/\/www.freeali.eu\/wp-content\/uploads\/2018\/03\/Nicolas-Cohen-Conf%C3%A9rence-de-presse-Mrax-002-Houria-480x384.jpg\" alt=\"rencontre avec marocaine en france\" align=\"right\">  Je pense quavec 1200 ans de monarchie, on peut quand m\u00eame se projeter sur les 20 \u00e0 30 prochaines ann\u00e9es.. La monarchie actuelle reigne depuis 1664. Concr\u00e9tiser des partenariat avec des entreprises africaines et europ\u00e9ennes La gente f\u00e9minine naime pas et votre orthographe trahis votre niveau d\u00e9ducation. Le PDG de Danone, Emmanuel Faber, a assur\u00e9 mardi vouloir \u00e9couter et comprendre le message port\u00e9 par la campagne de boycott visant la marque depuis deux mois, dans une vid\u00e9o sur Facebook adress\u00e9e aux consommateurs marocains, sur Storyfoot.com consult\u00e9 le 29 janvier 2013. Salut je suis marocaine je cherche un marocain de marrakech Face \u00e0 une telle situation, le partage de renseignements devient capital pour la s\u00e9curit\u00e9 des Etats. La notion dinformation, dans tout cela, est tout \u00e0 fait centrale, conclut Pierre Vermerem. Cest autour de cette notion quil y a pu y avoir cette reprise de la coop\u00e9ration qui risque d\u00eatre consacr\u00e9e par une rencontre entre le roi du Maroc et le pr\u00e9sident Hollande, puisque, de toute mani\u00e8re, cest \u00e0 ce niveau-l\u00e0 que les affaires bilat\u00e9rales se r\u00e8glent entre les deux pays. Ayant chacun un bon travail, nous restons dans nos pays, nous souhaitons nous marier mais nous avons pas assez de connaissance en terme de documentations field2,contains,,redirect_to,null,https:www.proche2moi.comgatewaybilling.php?ida6998id_product29offerdating1rebill0comfromcatcher60main_id_cat49trackerPCS_surphotouser_emailTon Emailuser_ip_addressuser_is_male1user_nicknameuser_passworduser_birthdateuser_ageuser_age_rangeuser_cityuser_search_age_rangeuser_search_male0user_search_female1,null,Planculpcs,and : Directeur Executif en charge de lexport, Bpifrance Partagez vos plus belles exp\u00e9riences en Alsace avec visitalsace Sartek mon ami! belles paroles que voil\u00e0. Je ne suis pas marocain, mais ma nourrice l\u00e9tait et ma toujours consid\u00e9r\u00e9 comme lun de ses enfants, bien que je sois Noir Antillais. Mes amis denfance \u00e9taient marocains. Jai d\u00e9couvert plus profond\u00e9ment le Maroc avec lun de mes amis qui a mis \u00e0 ma disposition une de ses maisons et le repas my \u00e9tait apport\u00e9 quotidiennement bien que je my opposait M\u00eame hospitalit\u00e9 quaux Antilles. Lorsque mon ami puis son \u00e9pouse sont d\u00e9c\u00e9d\u00e9s, cest tout naturellement que leurs enfants du m\u00eame \u00e2ge que les miens mont choisi comme tuteur l\u00e9gal en France jusqu\u00e0 leur majorit\u00e9 et sans opposition des autres membres de la familles. <img decoding=\"async\" src=\"http:\/\/fedeguicoelglande.com\/img\/c4fbf7c4c9151cf1462ca24b283bd437.jpg\" alt=\"rencontre avec marocaine en france\" align=\"center\">  Laspect religieux ne fait que renforcer le lien qui vous unira \u00e0 une musulmane M. Rachid BENMOKHTAR, ministre de lEducation Nationale et de la Formation professionnelle du Maroc 28 janvier, journ\u00e9e de r\u00e9flexion et de mobilisation sur lavenir des jeunesses euro-m\u00e9diterran\u00e9ennes, UNESCO Parfois il neigeait, \u00e7a sentait la soupe et le pain de campagne, et on finissait par s\u00e9crouler, repues, sous des \u00e9dredons de plumes.<\/p>\n","protected":false},"excerpt":{"rendered":"<p>rencontre avec marocaine en france<\/p>\n","protected":false},"author":1,"featured_media":0,"comment_status":"closed","ping_status":"closed","sticky":false,"template":"","format":"standard","meta":{"footnotes":""},"categories":[1],"tags":[],"_links":{"self":[{"href":"http:\/\/versa-line.com\/site\/wp-json\/wp\/v2\/posts\/5087"}],"collection":[{"href":"http:\/\/versa-line.com\/site\/wp-json\/wp\/v2\/posts"}],"about":[{"href":"http:\/\/versa-line.com\/site\/wp-json\/wp\/v2\/types\/post"}],"author":[{"embeddable":true,"href":"http:\/\/versa-line.com\/site\/wp-json\/wp\/v2\/users\/1"}],"replies":[{"embeddable":true,"href":"http:\/\/versa-line.com\/site\/wp-json\/wp\/v2\/comments?post=5087"}],"version-history":[{"count":1,"href":"http:\/\/versa-line.com\/site\/wp-json\/wp\/v2\/posts\/5087\/revisions"}],"predecessor-version":[{"id":5088,"href":"http:\/\/versa-line.com\/site\/wp-json\/wp\/v2\/posts\/5087\/revisions\/5088"}],"wp:attachment":[{"href":"http:\/\/versa-line.com\/site\/wp-json\/wp\/v2\/media?parent=5087"}],"wp:term":[{"taxonomy":"category","embeddable":true,"href":"http:\/\/versa-line.com\/site\/wp-json\/wp\/v2\/categories?post=5087"},{"taxonomy":"post_tag","embeddable":true,"href":"http:\/\/versa-line.com\/site\/wp-json\/wp\/v2\/tags?post=5087"}],"curies":[{"name":"wp","href":"https:\/\/api.w.org\/{rel}","templated":true}]}}