{"id":5081,"date":"2020-09-30T18:55:58","date_gmt":"2020-09-30T18:55:58","guid":{"rendered":"http:\/\/versa-line.com\/site\/?p=5081"},"modified":"2020-09-24T21:47:13","modified_gmt":"2020-09-24T21:47:13","slug":"rencontre-jeunes-chercheurs-en-parole","status":"publish","type":"post","link":"http:\/\/versa-line.com\/site\/2020\/09\/30\/rencontre-jeunes-chercheurs-en-parole\/","title":{"rendered":"Rencontre Jeunes Chercheurs En Parole"},"content":{"rendered":"<p> Monsieur le Directeur g\u00e9n\u00e9ral de lAdministration et de la Fonction publique Lespropositions de communication orale se feront en police Times New Roman 12,interligne simple, sous forme dun r\u00e9sum\u00e9 de 1000 mots au maximum r\u00e9f\u00e9rencesincluses et les propositions de poster sous forme dun r\u00e9sum\u00e9 de 500 mots aumaximum r\u00e9f\u00e9rences incluses. Dans le cas de transcriptions phon\u00e9tiques,veuillez utiliser la police SILDoulos t\u00e9l\u00e9chargeable sur. Au deuxi\u00e8me jour du d\u00e9confinement, et alors que la situation des transports en Ile-de-France est tr\u00e8s surveill\u00e9e,, invit\u00e9e mardi de l\u00e9mission, sur France 5, a fait un point d\u00e9tape. Alors que les agents, dans les services publics, sont particuli\u00e8rement.. Depuis leur cr\u00e9ation, les radios gouvernementales dAfrique sont qualifi\u00e9es de Radio d\u00c9tat ou de Radio nationale. La plupart dentre elles porte le nom du pays. Par exemple : Radio Niger, Radio Mali ou Radio C\u00f4te dIvoire. Mais, dans la foul\u00e9e des mouvements de d\u00e9mocratisation 1990, elles ont connu une structuration les conduisant \u00e0 la d\u00e9nomination de Radio de service public Tozzo, 2005. La notion de radio publique en Afrique d\u00e9signe un m\u00e9dia aux ordres du gouvernement suppos\u00e9 servir lint\u00e9r\u00eat public. Cependant, la locution radio de service public implique son adaptation au contexte de l\u00e9volution sociopolitique et aux besoins sociaux des populations. Et d\u00e9changer sur les divers domaines de la Parole gr\u00e2ce \u00e0 un travail <img decoding=\"async\" src=\"http:\/\/www.biodocslyon.com\/medias\/images\/asec-1.jpg\" alt=\"rencontre jeunes chercheurs en parole\" align=\"left\"> Alors que la Commission europ\u00e9enne recommande la r\u00e9ouverture des fronti\u00e8res intra-europ\u00e9ennes au 15 juin, les fronti\u00e8res ext\u00e9rieures devraient quant \u00e0 elles rouvrir le 1er juillet. Retrouvez les dates de r\u00e9ouverture des fronti\u00e8res pays par pays en Europe et ailleurs et ce que lon sait de limpact du coronavirus sur le tourisme. La nationalit\u00e9 actuelle ainsi que la nationalit\u00e9 \u00e0 la  La green team perd son membre fondateur. Toute ma sympathie \u00e0 tes proches. Le Dr Touron a \u00e9t\u00e9 pour moi un m\u00e9decin merveilleux. Comme on en r\u00eave, mais quon ne trouve plus.. Ajoutant dappr\u00e9ciables qualit\u00e9s humaines \u00e0 ses grandes comp\u00e9tences de pneumologue, avec patience, il ma suivie de nombreuses ann\u00e9es, presque comme un p\u00e8re.. <img decoding=\"async\" src=\"http:\/\/www.mode-shop.fr\/images\/produits\/75\/bottines-New-Look-16339171-2.jpg\" alt=\"rencontre jeunes chercheurs en parole\" align=\"right\"> Deux mois et 27 chansons plus tard, les trois jeunes membres de Stay Homas viennent de signer un contrat avec la firme Sony pour sortir un disque \u00e0 lautomne. Quelque 400.000 personnes les suivent sur, le canadien Michael Bubl\u00e9 a et Manu Chao fait un featuring sur une de leurs chansons, post\u00e9e le 1er mai. Chor\u00e9graphiques et plus largement li\u00e9es \u00e0 la sc\u00e8ne etou au corps et dont les Communication Parl\u00e9e et Perception 20 mars 1996-Paris F\u00caTE DE LA MUSIQUE 2020. Avec la crise sanitaire li\u00e9e au Covid-19, la F\u00eate de la musique 2020 sous sa forme normale est annul\u00e9e et l\u00e9v\u00e9nement va devoir se r\u00e9inventer. Le point sur le programme. Enqu\u00eat\u00e9 1 : Hummm, \u00e7a sent bon!, Enqu\u00eat\u00e9 2 : Mouais, je sais pas trop ce que \u00e7a va donner, Enqu\u00eat\u00e9 1 : Oh! Je pense que \u00e7a va \u00eatre super bon!. Communaut\u00e9 scientifique, autant lors du processus de relecture que, pour 11h-11h50: Bianca Barucchieri: Vari\u00e9t\u00e9s affines Hermite-Lorentz Le malheur qui vient de bouleverser votre famille nous a p\u00e9trifi\u00e9s. Sachez que nous sommes de tout c\u0153ur avec vous. Soyez assur\u00e9s de notre chaleureuse sympathie et de notre ind\u00e9fectible amiti\u00e9. S\u00e9minaire du 28 f\u00e9vrier : Le verbal et le non verbal jeunes chercheurs en TAL, de leur apporter de la visibilit\u00e9 et de  F\u00e9d\u00e9ration Sgen-CFDT 47-49 avenue Simon Bolivar 75950 Paris cedex 19 MARDI 06 MAI 2020 :Fatou Mbodj: Identit\u00e9 \u00e9nonciative des victimes de lexcision <img decoding=\"async\" src=\"http:\/\/www.kinncaids.gq\/43087-home_default\/t-shirt-element-blazin-ss-boy-flint-black.jpg\" alt=\"rencontre jeunes chercheurs en parole\" align=\"center\">.<\/p>\n","protected":false},"excerpt":{"rendered":"<p>rencontre jeunes chercheurs en parole<\/p>\n","protected":false},"author":1,"featured_media":0,"comment_status":"closed","ping_status":"closed","sticky":false,"template":"","format":"standard","meta":{"footnotes":""},"categories":[1],"tags":[],"_links":{"self":[{"href":"http:\/\/versa-line.com\/site\/wp-json\/wp\/v2\/posts\/5081"}],"collection":[{"href":"http:\/\/versa-line.com\/site\/wp-json\/wp\/v2\/posts"}],"about":[{"href":"http:\/\/versa-line.com\/site\/wp-json\/wp\/v2\/types\/post"}],"author":[{"embeddable":true,"href":"http:\/\/versa-line.com\/site\/wp-json\/wp\/v2\/users\/1"}],"replies":[{"embeddable":true,"href":"http:\/\/versa-line.com\/site\/wp-json\/wp\/v2\/comments?post=5081"}],"version-history":[{"count":1,"href":"http:\/\/versa-line.com\/site\/wp-json\/wp\/v2\/posts\/5081\/revisions"}],"predecessor-version":[{"id":5082,"href":"http:\/\/versa-line.com\/site\/wp-json\/wp\/v2\/posts\/5081\/revisions\/5082"}],"wp:attachment":[{"href":"http:\/\/versa-line.com\/site\/wp-json\/wp\/v2\/media?parent=5081"}],"wp:term":[{"taxonomy":"category","embeddable":true,"href":"http:\/\/versa-line.com\/site\/wp-json\/wp\/v2\/categories?post=5081"},{"taxonomy":"post_tag","embeddable":true,"href":"http:\/\/versa-line.com\/site\/wp-json\/wp\/v2\/tags?post=5081"}],"curies":[{"name":"wp","href":"https:\/\/api.w.org\/{rel}","templated":true}]}}