{"id":5079,"date":"2020-09-30T23:07:39","date_gmt":"2020-09-30T23:07:39","guid":{"rendered":"http:\/\/versa-line.com\/site\/?p=5079"},"modified":"2020-09-24T21:42:07","modified_gmt":"2020-09-24T21:42:07","slug":"rencontres-europeennes-de-cluj","status":"publish","type":"post","link":"http:\/\/versa-line.com\/site\/2020\/09\/30\/rencontres-europeennes-de-cluj\/","title":{"rendered":"Rencontres Europ\u00e9ennes De Cluj"},"content":{"rendered":"<p> <img decoding=\"async\" src=\"http:\/\/www.durrantgs.tk\/wp-content\/uploads\/2018\/07\/retraites-reversion-reforme-pensions-veufs-533x261.jpg\" alt=\"rencontres europ\u00e9ennes de cluj\" align=\"right\">  Le coup franc de la disgr\u00e2ce on ne voit malheureusement pas les r\u00e9actions d\u00e9pit\u00e9es du camp qui vient pourtant d\u00e9galiser. Elle place les producteurs, distributeurs et consommateurs des aliments au c\u0153ur des syst\u00e8mes et politiques alimentaires en lieu et place des exigences des march\u00e9s et des transnationales. En ce jour de tirage au sort de C3 et alors que nous sommes plac\u00e9s pour la premi\u00e8re fois dans le 3 e chapeau comment ne pas mesurer le chemin parcouru? Nous remercions les entreprises partenaires du projet pour la phase Roumanie : APULUM et IPEC Rmcsport 2019-10-24 09:10:31 2019-10-24 09:10:47 2019-10-24 09:10:31 2019-10-24 09:10:47 Le si\u00e8ge Steelcase Series 1 offre ce quil y a de plus important, \u00e0 savoir : la performance, le style et la possibilit\u00e9 de choisir. Il poss\u00e8de lensemble des arguments qui sont appr\u00e9ci\u00e9s dans un si\u00e8ge, tout en \u00e9tant accessible \u00e0 tous. Un exemple de rayonnement universitaire occidental en Europe centrale et orientale : \u00e9tude de cas sur les enseignants fran\u00e7ais embauch\u00e9s \u00e0 luniversit\u00e9 roumaine de Cluj apr\u00e8s 1919 2013-2014 : Premi\u00e8re ann\u00e9e de collaboration, jumelage et rencontre, aux congr\u00e8s de Lyon, rendues possibles par le soutien de lambassade de France, de linstitut fran\u00e7ais en Roumanie et des associations MATh.en.JEANS et Animath. A partir de 14h30 : Rendez-vous individuels avec les experts du march\u00e9 roumain et des grands comptes de Roumanie ca va etre difficile mais ca va se jouer entre la lazio favori normal le celtic et nous Loccasion pour Cluj! Apr\u00e8s un bon centre venu de la gauche et une premi\u00e8re t\u00eate, dans la surface de r\u00e9paration, de Lacina Traor\u00e9 contr\u00e9e par J\u00e9r\u00e9my Morel, Ciprian Deac, aux six m\u00e8tres, ne parvient pas \u00e0 cadrer sa propre t\u00eate. Le ballon passe au-dessus. 1 En t\u00e9moignent lajout du nom romain Napoca au nom de la ville pour en montrer la romanit\u00e9 ou l\u00e9lection dun ultra-nationaliste anti-hongrois, Gheorghe Funar, comme maire de Cluj de 1992 \u00e0 2004. Roumanie, direction r\u00e9gionale de Cluj-Napoca IFC, recherche un g. \u00c0 d. Dana Gruia Dufaut, conseiller consulaire ; Olivier Cadic ; Fran\u00e7ois Saint-Paul, ambassadeur ; Christian Le Ma\u00eetre, conseiller consulaire ; Benoit Mayrand, conseiller consulaire Culture fran\u00e7aise De 25 m\u00e8tres, Bourigeaud prend sa chance. Puissante, sa tentative est l\u00e9g\u00e8rement trop crois\u00e9e. Rafik est interne en fili\u00e8re dentaire \u00e0 Cluj dans le nord de la Roumanie. Il est originaire de la r\u00e9gion parisienne. Apr\u00e8s avoir \u00e9chou\u00e9 une premi\u00e8re fois au concours de m\u00e9decine \u00e0 Paris VI, il a fait le choix daller poursuivre ses \u00e9tudes en Roumanie. Un choix quil ne regrette pas du tout. Puisquil nexclut pas dy rester une fois son dipl\u00f4me en poche : 18h55 : Saint-\u00c9tienne-Olexandriya Gr I en direct sur RMC Sport 1 et RMC Story 2 D\u00e9cret royal n o 4090 de 12 septembre 1919, publi\u00e9 dans le Moniteur Officiel.  <img decoding=\"async\" src=\"http:\/\/i.imgur.com\/OcluzZV.jpg\" alt=\"rencontres europ\u00e9ennes de cluj\" align=\"left\"> <img decoding=\"async\" src=\"http:\/\/cdn.gamingcloud.com\/img\/general\/dlgames\/200x150\/25621.jpg\" alt=\"rencontres europ\u00e9ennes de cluj\" align=\"left\">.<\/p>\n","protected":false},"excerpt":{"rendered":"<p>rencontres europ\u00e9ennes de cluj<\/p>\n","protected":false},"author":1,"featured_media":0,"comment_status":"closed","ping_status":"closed","sticky":false,"template":"","format":"standard","meta":{"footnotes":""},"categories":[1],"tags":[],"_links":{"self":[{"href":"http:\/\/versa-line.com\/site\/wp-json\/wp\/v2\/posts\/5079"}],"collection":[{"href":"http:\/\/versa-line.com\/site\/wp-json\/wp\/v2\/posts"}],"about":[{"href":"http:\/\/versa-line.com\/site\/wp-json\/wp\/v2\/types\/post"}],"author":[{"embeddable":true,"href":"http:\/\/versa-line.com\/site\/wp-json\/wp\/v2\/users\/1"}],"replies":[{"embeddable":true,"href":"http:\/\/versa-line.com\/site\/wp-json\/wp\/v2\/comments?post=5079"}],"version-history":[{"count":1,"href":"http:\/\/versa-line.com\/site\/wp-json\/wp\/v2\/posts\/5079\/revisions"}],"predecessor-version":[{"id":5080,"href":"http:\/\/versa-line.com\/site\/wp-json\/wp\/v2\/posts\/5079\/revisions\/5080"}],"wp:attachment":[{"href":"http:\/\/versa-line.com\/site\/wp-json\/wp\/v2\/media?parent=5079"}],"wp:term":[{"taxonomy":"category","embeddable":true,"href":"http:\/\/versa-line.com\/site\/wp-json\/wp\/v2\/categories?post=5079"},{"taxonomy":"post_tag","embeddable":true,"href":"http:\/\/versa-line.com\/site\/wp-json\/wp\/v2\/tags?post=5079"}],"curies":[{"name":"wp","href":"https:\/\/api.w.org\/{rel}","templated":true}]}}