{"id":5059,"date":"2020-09-30T17:47:17","date_gmt":"2020-09-30T17:47:17","guid":{"rendered":"http:\/\/versa-line.com\/site\/?p=5059"},"modified":"2020-09-24T20:51:47","modified_gmt":"2020-09-24T20:51:47","slug":"radio-rencontres","status":"publish","type":"post","link":"http:\/\/versa-line.com\/site\/2020\/09\/30\/radio-rencontres\/","title":{"rendered":"Radio Rencontres"},"content":{"rendered":"<p> <img decoding=\"async\" src=\"http:\/\/bestwebgallery.com\/wp-content\/uploads\/2017\/11\/website-builders-1300x680.png\" alt=\"radio rencontres\" align=\"left\">  en public et en direct des Grandes Tables de 18h \u00e0 19h \u00c0 lair livre, rencontre publique enregistr\u00e9e et rediffus\u00e9e par Radio Grenouille. LE DON 35 : Les dessous du financement participatif rencontre de Marc Texier le directeur du festival Archipel \u00e0 Gen\u00e8ve du 26 mars au 6 avril 2020. Le programme du festival des musiques daujourdhui a \u00e9t\u00e9 d\u00e9voil\u00e9 hier \u00e0 la presse. Radio Cit\u00e9 Gen\u00e8ve \u00e9tait sur place. Afin dassurer la s\u00e9curit\u00e9 et la qualit\u00e9 de ce site, nous vous demandons de vous identifier pour laisser vos commentaires. Cette inscription sera valable sur le site RTL.fr. R\u00e9\u00e9couter St\u00e9phanie Solinas, photographe \u00e9couter 5 min 5 min Rencontre de Jean S\u00e9bastien Amiguet dAmiAmi, un \u00e9diteur Lausannois dobjets de design qui travaille avec des jeunes cr\u00e9atrices et cr\u00e9ateurs issus de lEcole Cantonale dArt de Lausanne. Applaudir chaque soir le personnel soignant depuis sa fen\u00eatre ou son balcon, quest ce que cela signifie dun point de vue sociologique? Fiorenza Gamba, professeur, sociologue \u00e0 luniversit\u00e9 de Gen\u00e8ve et sp\u00e9cialiste des rituels sociaux, nous \u00e9claire. <img decoding=\"async\" src=\"http:\/\/www.lemouv.fr\/sites\/default\/files\/2013\/12\/07\/112982\/luz1.JPG\" alt=\"radio rencontres\" align=\"left\"> Crise sanitaire oblige, les Rencontres \u00e9conomiques DAix annoncent quelles se tiendront cette ann\u00e9e exceptionnellement depuis la Maison de la radio les 3, 4 et 5 juillet. Dans un format in\u00e9dit depuis la Maison de la radio, elles deviennent d\u00e8s lors Aix en Seine. Un reportage multimedia, r\u00e9alis\u00e9 par les \u00e9l\u00e8ves de 4D en 2013, et premier prix du concours r\u00e9gional Raconte-moi mon Histoire. A la t\u00eate des \u00e9ditions \u00e9ponymes cr\u00e9\u00e9es en 2002, Xavier Barral, ancien navigateur en qu\u00eate dhorizons, pr\u00e9alablement form\u00e9 aux arts graphiques, maintient.. VIVANT : lexp\u00e9rimentation, linnovation et les nouvelles organisations du travail au c\u0153ur de la ligne \u00e9ditoriale Le 23112018, Yann Bury du domaine alsacien La Grange de loncle Charles nous rendait visite \u00e0 En Vrac, rue de lolive \u00e0 Paris. <img decoding=\"async\" src=\"http:\/\/cache.media.education.gouv.fr\/image\/actualites\/09\/7\/web_radio_533097.jpg\" alt=\"radio rencontres\" align=\"right\"> D\u00e9couverte de Compliqu\u00e9 de faire simple le dernier album des Soul Pleureurs, groupe genevois de rap fusion, avec Thomas Schnyder et Renaud De Crousaz. Les \u00e9l\u00e8ves de 3E sengagent eux aussi dans la satire de la soci\u00e9t\u00e9.Faits dactualit\u00e9, enjeux politiques, sociaux ou environnementaux, chacun a choisi de d\u00e9noncer avec ironie un sujet. On \u00e9coute leurs billets dhumeur! Goldfrapp est un groupe de musique \u00e9lectronique.. .<\/p>\n","protected":false},"excerpt":{"rendered":"<p>radio rencontres<\/p>\n","protected":false},"author":1,"featured_media":0,"comment_status":"closed","ping_status":"closed","sticky":false,"template":"","format":"standard","meta":{"footnotes":""},"categories":[1],"tags":[],"_links":{"self":[{"href":"http:\/\/versa-line.com\/site\/wp-json\/wp\/v2\/posts\/5059"}],"collection":[{"href":"http:\/\/versa-line.com\/site\/wp-json\/wp\/v2\/posts"}],"about":[{"href":"http:\/\/versa-line.com\/site\/wp-json\/wp\/v2\/types\/post"}],"author":[{"embeddable":true,"href":"http:\/\/versa-line.com\/site\/wp-json\/wp\/v2\/users\/1"}],"replies":[{"embeddable":true,"href":"http:\/\/versa-line.com\/site\/wp-json\/wp\/v2\/comments?post=5059"}],"version-history":[{"count":1,"href":"http:\/\/versa-line.com\/site\/wp-json\/wp\/v2\/posts\/5059\/revisions"}],"predecessor-version":[{"id":5060,"href":"http:\/\/versa-line.com\/site\/wp-json\/wp\/v2\/posts\/5059\/revisions\/5060"}],"wp:attachment":[{"href":"http:\/\/versa-line.com\/site\/wp-json\/wp\/v2\/media?parent=5059"}],"wp:term":[{"taxonomy":"category","embeddable":true,"href":"http:\/\/versa-line.com\/site\/wp-json\/wp\/v2\/categories?post=5059"},{"taxonomy":"post_tag","embeddable":true,"href":"http:\/\/versa-line.com\/site\/wp-json\/wp\/v2\/tags?post=5059"}],"curies":[{"name":"wp","href":"https:\/\/api.w.org\/{rel}","templated":true}]}}