{"id":5045,"date":"2020-09-30T09:16:19","date_gmt":"2020-09-30T09:16:19","guid":{"rendered":"http:\/\/versa-line.com\/site\/?p=5045"},"modified":"2020-09-24T20:24:38","modified_gmt":"2020-09-24T20:24:38","slug":"yves-rencontre","status":"publish","type":"post","link":"http:\/\/versa-line.com\/site\/2020\/09\/30\/yves-rencontre\/","title":{"rendered":"Yves Rencontre"},"content":{"rendered":"<p>Rencontre avec un 12\u00e8me Homme du FCNantes-Jean Yves Gueho-Mediafactory Le 12 octobre 1948, Jacques Pr\u00e9vert, avec,, et, se rend au 116 de l, dans les bureaux de la, invit\u00e9 par Simone Dubreuilh, charg\u00e9e de l\u00e9mission de cin\u00e9ma Actualit\u00e9s de Paris. Il doit y parler du, un court-m\u00e9trage danimation de dont il est co-sc\u00e9nariste et d H\u00e9catombe dont il a \u00e9crit le sc\u00e9nario et qui est en attente de r\u00e9alisation le projet sera abandonn\u00e9 \u00e0 la suite de laccident. Alors quil discute dans le bureau 102, au 2 e \u00e9tage, il prend l\u00e9g\u00e8rement appui sur une porte-fen\u00eatre. Mais celle-ci n\u00e9tait pas verrouill\u00e9e, avec ses deux battants souvrant vers lext\u00e9rieur et un garde-corps absent les Allemands, qui occupaient limmeuble pendant lOccupation, lavait enlev\u00e9 pour installer une mitrailleuse. La porte-fen\u00eatre souvrit donc brutalement et Pr\u00e9vert, d\u00e9s\u00e9quilibr\u00e9, tomba dans le vide. Dans sa chute, il tenta de prendre appui sur une plaque en t\u00f4le qui supportait lenseigne du cin\u00e9ma des Champs-\u00c9lys\u00e9es mais celle-ci c\u00e9da et il heurta alors, la t\u00eate la premi\u00e8re, le trottoir 5 m\u00e8tres plus bas. Il sera rapidement emmen\u00e9 \u00e0 l tout proche, \u00e9vacu\u00e9 par un car de police. De nombreuses forces de police se trouvaient alors sur lavenue, en pr\u00e9vision dune foule venue pour le apr\u00e8s son titre de champion du monde. Il souffre alors dune fracture du crane, dautres factures et son pronostic vital est engag\u00e9. Pr\u00e9vert restera dix jours dans le coma et en convalescence pendant plusieurs mois. Source : par Dominique Mabin, m\u00e9decin, janvier 2018., Fr\u00e9d\u00e9ric Lewino et Marie Salah,.fr, 1 er novembre 2014 consult\u00e9 le 4 juillet 2016. 11h30-Rencontre avec Yves Narduzzi-24h inside avec Tony Estanguet Non. Vous pouvez vous connecter avec votre compte sur autant dappareils que vous le souhaitez, mais en les utilisant \u00e0 des moments diff\u00e9rents. 5 parvis Corto Maltese, CS 91994 33088 Bordeaux Cedex, France. Ouvert du mardi au samedi de 13h \u00e0 18h30, le 1 er dimanche du mois de 13h \u00e0 18h30 entr\u00e9e gratuite, et le 3 e jeudi de chaque mois jusqu\u00e0 21h. Tarif dentr\u00e9e libre 1 minimum. Saisissez les caract\u00e8res que vous voyez ci-dessous <img decoding=\"async\" src=\"http:\/\/www.dubaimadame.com\/images\/stories\/DubaiMonsieur\/PortraitsHommes\/JYCarmino\/img_0158.jpg\" alt=\"yves rencontre\" align=\"right\">  Ce nest quapr\u00e8s sa premi\u00e8re confession que la question se pose \u00e0 elle. Jai d\u00e9cid\u00e9 de me confesser pour la premi\u00e8re fois de ma vie. Comme je ne savais pas comment faire, jai demand\u00e9 au pr\u00eatre de maider, il ma alors pos\u00e9 des questions sur ma vie. Je lui ai dit entre autres que javais un copain, et que je vivais avec lui. Il ma dit: Vous savez que vous vivez dans le p\u00e9ch\u00e9? Vous devez vivre comme fr\u00e8re et soeur dor\u00e9navant, jusquau mariage. Surprise, Pauline ne comprend pas, elle ignore tout de la notion du p\u00e9ch\u00e9. Seulement si Dieu nous le dit, alors il faut se marier se dit telle. Le soir m\u00eame, port\u00e9e par le sacrement de la confession et les paroles du pr\u00eatre, elle lance lid\u00e9e du mariage. Yann et Pauline Destal  Votre adresse e-mail nous permettra de vous envoyer les newsletters auxquelles vous vous \u00eates inscrit. Pour exercer vos droits, consultez notre Jair Bolsonaro annule une rencontre avec Jean-Yves Le Drian pour une coupe de cheveux Jean-Yves Le Drian rencontre les jeunes du plan 47 000 formations pour lemploi : Die Windrose de et, dans le sketch :-Yves <img decoding=\"async\" src=\"http:\/\/kathydorl.com\/wp-content\/uploads\/2015\/04\/yves1.jpg\" alt=\"yves rencontre\" align=\"right\"> RapeX : le pi\u00e8ge invent\u00e9 en Afrique-du-Sud pour punir les violeurs date de 2005-accentuer les conditions du bien-vivre dans les Ardennes.  Dani\u00e8le Gasiglia-Laster, Jacques Pr\u00e9vert, celui qui rouge de c\u0153ur, biographie, S\u00e9guier, 1994, 320 p. Ne pouvant participer aux championnats dEurope de judo de Bruxelles, il y assiste en spectateur. Il fait ensuite un voyage aux Pays-Bas et en Belgique. <img decoding=\"async\" src=\"http:\/\/poutan.fr\/site\/wp-content\/uploads\/2016\/10\/Dedicace-Empreinte-Site-Poutan.jpg\" alt=\"yves rencontre\" align=\"left\">.<\/p>\n","protected":false},"excerpt":{"rendered":"<p>yves rencontre<\/p>\n","protected":false},"author":1,"featured_media":0,"comment_status":"closed","ping_status":"closed","sticky":false,"template":"","format":"standard","meta":{"footnotes":""},"categories":[1],"tags":[],"_links":{"self":[{"href":"http:\/\/versa-line.com\/site\/wp-json\/wp\/v2\/posts\/5045"}],"collection":[{"href":"http:\/\/versa-line.com\/site\/wp-json\/wp\/v2\/posts"}],"about":[{"href":"http:\/\/versa-line.com\/site\/wp-json\/wp\/v2\/types\/post"}],"author":[{"embeddable":true,"href":"http:\/\/versa-line.com\/site\/wp-json\/wp\/v2\/users\/1"}],"replies":[{"embeddable":true,"href":"http:\/\/versa-line.com\/site\/wp-json\/wp\/v2\/comments?post=5045"}],"version-history":[{"count":1,"href":"http:\/\/versa-line.com\/site\/wp-json\/wp\/v2\/posts\/5045\/revisions"}],"predecessor-version":[{"id":5046,"href":"http:\/\/versa-line.com\/site\/wp-json\/wp\/v2\/posts\/5045\/revisions\/5046"}],"wp:attachment":[{"href":"http:\/\/versa-line.com\/site\/wp-json\/wp\/v2\/media?parent=5045"}],"wp:term":[{"taxonomy":"category","embeddable":true,"href":"http:\/\/versa-line.com\/site\/wp-json\/wp\/v2\/categories?post=5045"},{"taxonomy":"post_tag","embeddable":true,"href":"http:\/\/versa-line.com\/site\/wp-json\/wp\/v2\/tags?post=5045"}],"curies":[{"name":"wp","href":"https:\/\/api.w.org\/{rel}","templated":true}]}}