{"id":5009,"date":"2020-09-30T04:09:48","date_gmt":"2020-09-30T04:09:48","guid":{"rendered":"http:\/\/versa-line.com\/site\/?p=5009"},"modified":"2020-09-24T19:02:33","modified_gmt":"2020-09-24T19:02:33","slug":"rencontre-entre-randonneurs","status":"publish","type":"post","link":"http:\/\/versa-line.com\/site\/2020\/09\/30\/rencontre-entre-randonneurs\/","title":{"rendered":"Rencontre Entre Randonneurs"},"content":{"rendered":"<p>Pensez \u00e9galement \u00e0 vous pourvoir largement deau. M\u00eame en hiver, sur les versants sud des massifs, \u00e0 labri du vent et avec laccumulation des d\u00e9nivel\u00e9s, il fait vite et souvent soif, et les fontaines ou sources deau potable ne se rencontrent pas \u00e0 tous les virages de pistes DFCI. Outre les traditionnels bidons fix\u00e9s dans le triangle du cadre, vous pouvez emprunter aux v\u00e9t\u00e9tistes les sacs \u00e0 dos avec poche \u00e0 eau, ou installer sur vos montures des syst\u00e8me de fixation suppl\u00e9mentaires, par exemple sur les c\u00f4t\u00e9s de la fourche ou derri\u00e8re la selle. Les sources et les fontaines ne se rencontrent pas \u00e0 tous les virages des pistes DFCI, et encore faut-il quelles soient potables photo Dan de Rosilles  perrier Membre Inscription : 21-01-2009 Messages : 145 Dans un hameau en pleine nature, cette ancienne ferme r\u00e9nov\u00e9e vous permettra un s\u00e9jour authentique. Au rez-de-chauss\u00e9e, une chambre double avec salle deau adapt\u00e9e aux personnes \u00e0 mobilit\u00e9 r\u00e9duites. Au premier \u00e9tage 4 vastes chambres pour 2 \u00e0 4 personnes. Max 15 couchages Go\u00fbtez au luxe, \u00e0 l\u00e9l\u00e9gance, au design et au grand confort de cette villa exceptionnelle. Situ\u00e9e dans les plaines pittoresques du village de Chamaret en Dr\u00f4me proven\u00e7ale la villa est implant\u00e9e sur un terrain de plus de 2200 m en pleine campagne. Cest un havre de paix id\u00e9al pour se ressourcer et profiter des plaisirs de la Provence en toute intimit\u00e9. Con\u00e7ue par un architecte.. Max 12 couchages-Piscine Rando Sant\u00e9-Samedi matin 23 juillet 2016-neuilly sous Clermont-La commanderie Un parcours in\u00e9dit ce jeudi, Tourcoing par le canal de Roubaix etc.. Le soleil \u00e9tait pr\u00e9sent et retour en Mongy, lautomate na plus de secret pour nous. Besoin de toucher? Dessayer votre futur mat\u00e9riel? De conseils de pros? les fondamentaux en \u00e9thologie, le travail \u00e0 pied et la libert\u00e9 Nous, cavaliers ou meneurs devons \u00eatre titulaire dune RC assurant la pratique de l\u00e9quitation pour nous-m\u00eames et dune RC propri\u00e9taire d\u00e9quid\u00e9s. L\u00e9quitation dext\u00e9rieure nest pas sans risque, il est de notre int\u00e9r\u00eat d\u00eatre assur\u00e9 personnellement en risque corporel couramment appel\u00e9 individuelle accident. Bien qu\u00e0 Equilibert\u00e9 le port du casque pour la pratique de la randonn\u00e9e \u00e9questre nest pas obligatoire, il est aussi dans notre int\u00e9r\u00eat de le porter, ainsi que le gilet de s\u00e9curit\u00e9. <img decoding=\"async\" src=\"http:\/\/www.avant-monts.fr\/2015\/wp-content\/uploads\/2018\/04\/20180506-48-300x200.jpg\" alt=\"rencontre entre randonneurs\" align=\"center\"> Bonjour \u00e0 tous je souhaite effectuer des randos moyenne montagne800 \u00e0 900 m de d\u00e9nivel\u00e9pour le plaisir de red\u00e9couvrir la montagne,amoureuse de la nature aimerait partager avec des personnes simples, entre 50 et 60 ans habitant Landes et Pays Basque et tisser des liens. A bient\u00f4t Ne plus marcher seule Dame 65 ans, r\u00e9gion 42 Roche la Moli\u00e8re cherche compagne pour petite rando, 6 \u00e0 15 km maxi, Concr\u00e8tement, les sentiers de randonn\u00e9e du PDIPR sont identifi\u00e9s sur le terrain par le d\u00e9ploiement dune signal\u00e9tique sp\u00e9cifique, notamment des panneaux dinformation sur les aires de stationnement et au d\u00e9part des itin\u00e9raires et des poteaux directionnels jaunes indiquant le nom de la destination et la distance \u00e0 parcourir, \u00e0 laquelle sajoute un balisage peinture. Ces \u00e9quipements sont r\u00e9vis\u00e9s et entretenus en permanence.  visite des jardins Mallet-Stevens \u00e0 Croix et de la chapelle Ste Th\u00e9r\u00e8se \u00e0 Hem. Le temps \u00e9tait beaucoup plus clair quen d\u00e9cembre 2017 o\u00f9 cette belle randonn\u00e9e avait \u00e9t\u00e9 faite dans le brouillard. Capitaine Philippe. Initi\u00e9es par lassociation Accueil Paysan Is\u00e8re, les Randos Paysannes ont \u00e9t\u00e9 cr\u00e9\u00e9e dans le but de relier les adh\u00e9rents de notre r\u00e9seau susceptibles daccueillir des randonneurs. Ces sentiers sont loccasion Le Guide pratique du randonneur, \u00e9dit\u00e9 par la FFRP, juillet 1998 Jadore! Je me reconnais dans ton coup de gueule et suis 100 daccord avec toi. Un accompagnateur en montagne local pour r\u00e9pondre \u00e0 toutes leurs questions Rencontre entre un randonneur et une marmotte-Vid\u00e9o Dailymotion <img decoding=\"async\" src=\"http:\/\/madebymaider.com\/wp-content\/uploads\/2016\/11\/Randonneur-GR.jpg\" alt=\"rencontre entre randonneurs\" align=\"left\">  2018 Saint-Gervais Mont-Blanc. Tous droits r\u00e9serv\u00e9s <img decoding=\"async\" src=\"http:\/\/www.montdelenclus.be\/webbbcontent\/uploads\/2013\/06\/Maison-des-randonneurs-03.jpg\" alt=\"rencontre entre randonneurs\" align=\"right\"> Offrez-vous une photographie dexception de GEO magazine.<\/p>\n","protected":false},"excerpt":{"rendered":"<p>rencontre entre randonneurs<\/p>\n","protected":false},"author":1,"featured_media":0,"comment_status":"closed","ping_status":"closed","sticky":false,"template":"","format":"standard","meta":{"footnotes":""},"categories":[1],"tags":[],"_links":{"self":[{"href":"http:\/\/versa-line.com\/site\/wp-json\/wp\/v2\/posts\/5009"}],"collection":[{"href":"http:\/\/versa-line.com\/site\/wp-json\/wp\/v2\/posts"}],"about":[{"href":"http:\/\/versa-line.com\/site\/wp-json\/wp\/v2\/types\/post"}],"author":[{"embeddable":true,"href":"http:\/\/versa-line.com\/site\/wp-json\/wp\/v2\/users\/1"}],"replies":[{"embeddable":true,"href":"http:\/\/versa-line.com\/site\/wp-json\/wp\/v2\/comments?post=5009"}],"version-history":[{"count":1,"href":"http:\/\/versa-line.com\/site\/wp-json\/wp\/v2\/posts\/5009\/revisions"}],"predecessor-version":[{"id":5010,"href":"http:\/\/versa-line.com\/site\/wp-json\/wp\/v2\/posts\/5009\/revisions\/5010"}],"wp:attachment":[{"href":"http:\/\/versa-line.com\/site\/wp-json\/wp\/v2\/media?parent=5009"}],"wp:term":[{"taxonomy":"category","embeddable":true,"href":"http:\/\/versa-line.com\/site\/wp-json\/wp\/v2\/categories?post=5009"},{"taxonomy":"post_tag","embeddable":true,"href":"http:\/\/versa-line.com\/site\/wp-json\/wp\/v2\/tags?post=5009"}],"curies":[{"name":"wp","href":"https:\/\/api.w.org\/{rel}","templated":true}]}}