{"id":4993,"date":"2020-09-30T08:02:32","date_gmt":"2020-09-30T08:02:32","guid":{"rendered":"http:\/\/versa-line.com\/site\/?p=4993"},"modified":"2020-09-24T18:12:32","modified_gmt":"2020-09-24T18:12:32","slug":"quand-jean-rencontre-jean","status":"publish","type":"post","link":"http:\/\/versa-line.com\/site\/2020\/09\/30\/quand-jean-rencontre-jean\/","title":{"rendered":"Quand Jean Rencontre Jean"},"content":{"rendered":"<p>Rencontre Jean-Baptiste Soufron, avocat chez FWPA Master DMC Pourquoi avoir choisi de r\u00e9aliser la plupart des motifs en jacquard? Quand Marcel Marceau rencontre Jean-Jacques Rousseau EnBeauce.com  avec des titres comme Il suffira dun signe 1981, 1982, Je te donne 1985 ou L\u00e0-bas 1987. De 1990 \u00e0 1995, il fait partie du trio Fredericks Goldman Jones avec le Franco-Gallois Michael Jones et la Nord-Am\u00e9ricaine Carole Fredericks, avant de reprendre une carri\u00e8re solo, interrompue en 2003. Au total, il a vendu plus de 30 millions de disques. La star des fourneaux sera pr\u00e9sente sur le salon durant la journ\u00e9e de samedi. Le jeudi : fermeture \u00e0 17h30, pas de permanence le samedi matin Lorsque Jean \u00e0 lib\u00e9r\u00e9 son pouvoir La Force Ph\u00e9nix ses pouvoirs se sont d\u00e9multipli\u00e9s et non fais que cro\u00eetre en puissance ce qui fit delle une mutante de type om\u00e9ga la plus puissante connue. La Fontaine exerce sa charge pendant vingt ans avant de sen dessaisir. Il sera amen\u00e9 aussi \u00e0 vendre son patrimoine, accabl\u00e9 de dettes en partie par sa gestion insouciante, et plus encore peut-\u00eatre par le d\u00e9sordre trouv\u00e9 dans lh\u00e9ritage paternel et une r\u00e9vision des structures administratives qui, en 1670, rend son emploi incertain 47.10 Je r\u00e9ponds davance \u00e0 une observation. Jean dit dans son \u00e9vangile, en parlant de sa rencontre avec moi : Le lendemain. Cela semble laisser entendre que Jean-Baptiste ma d\u00e9sign\u00e9 le lendemain de mon bapt\u00eame et que Jean et Jacques mont suivi aussit\u00f4t. Cela contredit ce que rapportent les autres \u00e9vang\u00e9listes au sujet des quarante jours pass\u00e9s au d\u00e9sert. Mais il faut le lire de la mani\u00e8re suivante : Apr\u00e8s larrestation de Jean, le lendemain, les deux disciples de Jean-Baptiste \u00e0 qui il mavait d\u00e9sign\u00e9 en disant : Voici lAgneau de Dieu, me revoyant, mappel\u00e8rent et me suivirent, apr\u00e8s mon retour du d\u00e9sert. Les scientifiques nous lannoncent, la Terre est entr\u00e9e dans une nouvelle \u00e9poque : lAnthropoc\u00e8ne. Ce qui nous arrive nest pas une crise environnementale, cest une r\u00e9volution g\u00e9ologique dorigine humaine. Depuis la r\u00e9volution industrielle, notre plan\u00e8te a bascul\u00e9 vers un \u00e9tat in\u00e9dit. Les traces de notre \u00e2ge urbain, consum\u00e9riste, chimique et nucl\u00e9aire resteront des milliers voire des millions dann\u00e9es dans les archives g\u00e9ologiques de la plan\u00e8te et soumettront les soci\u00e9t\u00e9s humaines \u00e0 des difficult\u00e9s consid\u00e9rables. Faisant dialoguer science et histoire, cette conf\u00e9rence vise \u00e0 donner une r\u00e9ponse historique \u00e0 une question simple : comment en sommes-nous arriv\u00e9s l\u00e0? Une proc\u00e9dure doit avoir lieu au tribunal de commerce ce jeudi 11 juin lImperial College de Londres, il est d\u00e9sormais charg\u00e9 de recherche au Retrouvez la derni\u00e8re parution du magazine de la R\u00e9gion Grand Est <img decoding=\"async\" src=\"http:\/\/www.tribvn-hc.com\/wp-content\/uploads\/2017\/11\/newsletter_7.jpg\" alt=\"quand jean rencontre jean\" align=\"right\"> <img decoding=\"async\" src=\"http:\/\/ekladata.com\/VFcmNE1Qtx3AVxNccC6RXL9eSNE.jpg\" alt=\"quand jean rencontre jean\" align=\"left\"> Sur le film Un singe en hiver que jappelle Deux singes en hiver Gabin et lui!, pendant les pauses, il jouait sur la plage. Un jour, Jean Gabin dun pointu, lui marque un but. Le lendemain, les techniciens narr\u00eataient pas den parler sur le plateau. Un singe en hiver a \u00e9t\u00e9 un tournage extraordinaire: Gabin, Belmondo et Audiard ne parlaient que de foot, de cyclisme et de boxe. Sur ces disciplines, ils \u00e9taient incollables, ils connaissaient tout. Un jour, jai voulu intervenir pour donner mon avis, on ma dit: Tu fermes ta gueule, t\u00e9coutes, un point cest tout. Et Michel Audiard sest tourn\u00e9 vers moi en ajoutant: Le jour o\u00f9 on mettra les cons sur orbite tas pas fini de tourner. La r\u00e9plique que Gabin dira dans Le pacha. <img decoding=\"async\" src=\"http:\/\/img2.wikia.nocookie.net\/__cb20130404064354\/lesmiserables\/images\/2\/25\/Vlcsnap-2013-04-04-14h05m22s12.png\" alt=\"quand jean rencontre jean\" align=\"center\"> Phototrend.fr est votre rendez-vous pour mieux ma\u00eetriser votre mat\u00e9riel photo, suivre lactualit\u00e9 et d\u00e9couvrir de nouveaux artistes ou techniques photo.  Je retourne voir ma biblioth\u00e8que, elle ma manqu\u00e9 .<\/p>\n","protected":false},"excerpt":{"rendered":"<p>quand jean rencontre jean<\/p>\n","protected":false},"author":1,"featured_media":0,"comment_status":"closed","ping_status":"closed","sticky":false,"template":"","format":"standard","meta":{"footnotes":""},"categories":[1],"tags":[],"_links":{"self":[{"href":"http:\/\/versa-line.com\/site\/wp-json\/wp\/v2\/posts\/4993"}],"collection":[{"href":"http:\/\/versa-line.com\/site\/wp-json\/wp\/v2\/posts"}],"about":[{"href":"http:\/\/versa-line.com\/site\/wp-json\/wp\/v2\/types\/post"}],"author":[{"embeddable":true,"href":"http:\/\/versa-line.com\/site\/wp-json\/wp\/v2\/users\/1"}],"replies":[{"embeddable":true,"href":"http:\/\/versa-line.com\/site\/wp-json\/wp\/v2\/comments?post=4993"}],"version-history":[{"count":1,"href":"http:\/\/versa-line.com\/site\/wp-json\/wp\/v2\/posts\/4993\/revisions"}],"predecessor-version":[{"id":4994,"href":"http:\/\/versa-line.com\/site\/wp-json\/wp\/v2\/posts\/4993\/revisions\/4994"}],"wp:attachment":[{"href":"http:\/\/versa-line.com\/site\/wp-json\/wp\/v2\/media?parent=4993"}],"wp:term":[{"taxonomy":"category","embeddable":true,"href":"http:\/\/versa-line.com\/site\/wp-json\/wp\/v2\/categories?post=4993"},{"taxonomy":"post_tag","embeddable":true,"href":"http:\/\/versa-line.com\/site\/wp-json\/wp\/v2\/tags?post=4993"}],"curies":[{"name":"wp","href":"https:\/\/api.w.org\/{rel}","templated":true}]}}