{"id":4987,"date":"2020-09-30T03:41:08","date_gmt":"2020-09-30T03:41:08","guid":{"rendered":"http:\/\/versa-line.com\/site\/?p=4987"},"modified":"2020-09-24T18:04:10","modified_gmt":"2020-09-24T18:04:10","slug":"rencontres-musique-de-chambre-ivry","status":"publish","type":"post","link":"http:\/\/versa-line.com\/site\/2020\/09\/30\/rencontres-musique-de-chambre-ivry\/","title":{"rendered":"Rencontres Musique De Chambre Ivry"},"content":{"rendered":"<p>Professeur au Pole dEnseignement Sup\u00e9rieur de Musique et de Danse de Bx-Aquitaine S\u00e9bastien B\u00e9ranger, compositeur en r\u00e9sidence aupr\u00e8s des Rencontres D\u00e9partementales de Musique de Chambre, nous propose la cr\u00e9ation de pi\u00e8ces pour harpes. Ces compositions originales seront interpr\u00e9t\u00e9es par les \u00e9l\u00e8ves de la classe de V\u00e9ronique Musson-Gonneaud du Conservatoire dIvry-sur-Seine. Combien de fois a-t-on entendu ces phrases \u00e0 lissue des concerts de C\u00e9line Caussimon? Elles r\u00e9sonnaient dans les provinces fran\u00e7aises et lointaines : Paris, Rive-de-Gier, Lyon, Rangoun, le Club de Boule de Fort des Rairies.. Une m\u00eame interrogation, une m\u00eame attente. -Troisi\u00e8me r\u00eave : pour violon, violoncelle et piano avec ou sans \u00e9lectronique. <img decoding=\"async\" src=\"http:\/\/www.scaner.ca\/wp-content\/uploads\/2016\/06\/Alexandre_Scaner24.jpg\" alt=\"rencontres musique de chambre ivry\" align=\"right\"> R\u00e9unis par un d\u00e9sir commun de partager leur passion pour la musique, les trois jeunes musiciens du Trio Metral sont reconnus pour leur engagement et leur recherche constante dune riche palette sonore. Les caract\u00e8res sensibles et compl\u00e9mentaires des membres du Trio en font un ensemble poss\u00e9dant une \u00e9nergie cr\u00e9atrice et une complicit\u00e9 r\u00e9elle d\u00e9passant le seul domaine musical puisque les musiciens sont unis par les liens familiaux forts. Fr\u00e8res et soeur, ils gardent leur nom de famille pour nommer leur trio, revendiquant une libert\u00e9 expressive ind\u00e9pendante et une joie de vivre communicatrice \u00e0 travers un riche savoir musical. Kirby, Emma-Jane. Auteur Livre Equateurs. Paris DL 2016 SACR\u00c9 PAN! PETER PAN GOES WRONG TEXTE HENRY LEWIS, JONATHAN SAYER, HENRY SHIELDS MISE EN SC\u00c8NE GWEN ADUH AVEC DENIS DARCANGELO, JEAN-MARIE LECOQ, GWEN ADUH, MIREN PRADIER, HENRI COSTA, AUR\u00c9LIE DE CAZANOVE, YANN PAPIN, XAVIER FERRAN, PIERRE DUMUR, HUGO BARILLER PAN, CEST LE NOM DUN DIEU qui sonne comme un d\u00e9but de fess\u00e9e bien m\u00e9rit\u00e9e! Chaque printemps, Les Baladins de l\u00c9 Ivry Gitlis Itamar Golan, r\u00e9cital exceptionnel en l\u00e9glise Notre-Dame de Lourdes \u00e0 Bron, jeudi 17 mars 20H30 Projets en lien avec le territoire espace public, projet participatif, habitants, probl\u00e9matiques urbaines etc. <img decoding=\"async\" src=\"http:\/\/www.upfacttory.ga\/content\/uploads\/2018\/05\/BM06913-285x160.jpg\" alt=\"rencontres musique de chambre ivry\" align=\"left\"> Professeur \u00e0 luniversit\u00e9 de Penn State aux Etats-Unis Lassociation MusEA est partenaire de conservatoires du Val-de-Marne et dassociations \u00e0 d\u00e9couvrir dans notre page Partenaires la contrebasse jazz au conservatoire Erik Satie du 7e arrondissement.  Au-del\u00e0 de lanimation de cette \u00e9quipe je suis en relation avec nos 4 partenaires majeurs : lEtat, la Ville, la R\u00e9gion et le D\u00e9partement, ce qui implique disponibilit\u00e9, implication et p\u00e9dagogie I. LARIAM Ile-de-France : conseil formation service  <img decoding=\"async\" src=\"http:\/\/www.musiqueengraves.com\/phototheque\/Anne-Claire_Choasson.jpg\" alt=\"rencontres musique de chambre ivry\" align=\"right\"> Renvoyer le dossier de candidature avant le 15 juin 2020 \u00e0 ladresse En parall\u00e8le \u00e0 sa carri\u00e8re dinterpr\u00e8te, elle exerce le m\u00e9tier de pianiste accompagnatrice au CNSM de Lyon puis aux Conservatoires du VII\u00e8me et XVI\u00e8me arrondissements de Paris. Cr\u00e9teil o\u00f9 il a obtenu un Dipl\u00f4me d\u00c9tudes Musicales D.E.M. De violoncelle et de formation musicale en 2015. Parall\u00e8lement, il a \u00e9t\u00e9 \u00e9tudiant \u00e0 la Sorbonne o\u00f9 il a obtenu un master 2 de En musique de chambre elle se produit aux cot\u00e9s d A. Meunier, R. Pidoux, T. Zimmerman, J.G. Queyras, N. Dautricourt, du quintette Moragues, j.M. Luisada et bien dautres lors de divers concerts et festivals, avec les Concerts de Poche, La Chambre d Amis, les FestivAcad\u00e9mies Elle est \u00e9galement r\u00e9guli\u00e8rement sollicit\u00e9es par les plus belles formations orchestrales fran\u00e7aises lOrchestre de Paris, lOpera Bastille, lEnsemble Orchestral de Paris, l ONPL, l Orchestre du Capitole, l Orchestre de Lille,etc.<\/p>\n","protected":false},"excerpt":{"rendered":"<p>rencontres musique de chambre ivry<\/p>\n","protected":false},"author":1,"featured_media":0,"comment_status":"closed","ping_status":"closed","sticky":false,"template":"","format":"standard","meta":{"footnotes":""},"categories":[1],"tags":[],"_links":{"self":[{"href":"http:\/\/versa-line.com\/site\/wp-json\/wp\/v2\/posts\/4987"}],"collection":[{"href":"http:\/\/versa-line.com\/site\/wp-json\/wp\/v2\/posts"}],"about":[{"href":"http:\/\/versa-line.com\/site\/wp-json\/wp\/v2\/types\/post"}],"author":[{"embeddable":true,"href":"http:\/\/versa-line.com\/site\/wp-json\/wp\/v2\/users\/1"}],"replies":[{"embeddable":true,"href":"http:\/\/versa-line.com\/site\/wp-json\/wp\/v2\/comments?post=4987"}],"version-history":[{"count":1,"href":"http:\/\/versa-line.com\/site\/wp-json\/wp\/v2\/posts\/4987\/revisions"}],"predecessor-version":[{"id":4988,"href":"http:\/\/versa-line.com\/site\/wp-json\/wp\/v2\/posts\/4987\/revisions\/4988"}],"wp:attachment":[{"href":"http:\/\/versa-line.com\/site\/wp-json\/wp\/v2\/media?parent=4987"}],"wp:term":[{"taxonomy":"category","embeddable":true,"href":"http:\/\/versa-line.com\/site\/wp-json\/wp\/v2\/categories?post=4987"},{"taxonomy":"post_tag","embeddable":true,"href":"http:\/\/versa-line.com\/site\/wp-json\/wp\/v2\/tags?post=4987"}],"curies":[{"name":"wp","href":"https:\/\/api.w.org\/{rel}","templated":true}]}}