{"id":4967,"date":"2020-09-30T14:04:52","date_gmt":"2020-09-30T14:04:52","guid":{"rendered":"http:\/\/versa-line.com\/site\/?p=4967"},"modified":"2020-09-24T17:26:07","modified_gmt":"2020-09-24T17:26:07","slug":"rencontre-chirac-le-pen","status":"publish","type":"post","link":"http:\/\/versa-line.com\/site\/2020\/09\/30\/rencontre-chirac-le-pen\/","title":{"rendered":"Rencontre Chirac Le Pen"},"content":{"rendered":"<p>Laudition du g\u00e9n\u00e9ral a \u00e9t\u00e9 int\u00e9gralement publi\u00e9e sur le site internet du magazine LExpress www.lexpress.fr, qui rapporte donc ses propos concernant le pr\u00e9tendu compte bancaire du pr\u00e9sident Chirac au Japon: Ce compte \u00e9tait aliment\u00e9 par le versement r\u00e9gulier dune somme tr\u00e8s importante, dont je nai pas le montant pr\u00e9cis en t\u00eate, provenant dune fondation culturelle dont M. Chirac \u00e9tait membre du conseil dadministration. Il est indiqu\u00e9 sur les documents que vous avez saisis \u00e0 mon domicile que ce compte a \u00e9t\u00e9 ouvert \u00e0 la Tokyo Sowa Bank et a \u00e9t\u00e9 cr\u00e9dit\u00e9 dune somme totale \u00e9valu\u00e9e par les services de la DGSE \u00e0 300 millions de francs. A ma connaissance, ce compte avait \u00e9t\u00e9 ouvert en 1992. Br\u00e8ve romance. Iris Mittenaere et Anthony Collette ont v\u00e9cu une jolie idylle. Miss Univers a m\u00eame rencontr\u00e9 les parents du danseur, selon Closer. Ma famille la rencontr\u00e9e sur les primes de Danse avec les stars et la vue \u00e0 certaines soir\u00e9es que nous avons organis\u00e9es ensemble, a-t-il confi\u00e9 avant de temporiser : Ce nest pas \u00e9vident d\u00eatre le mec de Miss Univers et jai eu du mal avec les comparaisons. Dans son \u00e9dition \u00e0 para\u00eetre mercredi le Canard Encha\u00een\u00e9 affirme que le g\u00e9n\u00e9ral Rondot, citant des documents de la DGSE, a fait \u00e9tat devant les juges de laffaire Clearstream, Jean-Marie dHuy et Henri Pons, le 28 mars, dun compte du pr\u00e9sident Chirac \u00e0 la Tokyo Sowa Bank avec un montant de 300 millions de francs vers\u00e9 par une myst\u00e9rieuse fondation culturelle. Petit rafraichissement de m\u00e9moire concernant les faits darmes de nos pr\u00e9sidents respectifs de la V\u00e8me r\u00e9publique histoire de relativiser ces \u00e9lans dempathie et de sympathie Depuis lannonce du d\u00e9c\u00e8s de lancien pr\u00e9sident Jacques Chirac,, les r\u00e9actions affluent, aussi bien danonymes que de personnalit\u00e9s publiques et politiques. Est un ph\u00e9nom\u00e8ne sorti de l\u0153uvre de Rabelais qui \u00e9crivait, <img decoding=\"async\" src=\"http:\/\/cdn.sandals.com\/sandals\/v11\/media\/seb\/accommodations\/medium\/seb-224-medium.jpg\" alt=\"rencontre chirac le pen\" align=\"left\"> <img decoding=\"async\" src=\"http:\/\/archives.nicematin.com\/media_nicematin\/imagecache\/article-taille-normale-nm\/image-rca15q19_fc_carla_bruni_sarkozy.jpg\" alt=\"rencontre chirac le pen\" align=\"left\"> Myriam L\u00e9vy, Le Parisien, mercredi 27 octobre 2004, p. 4 LArabie saoudite continue dessayer de redorer son image. Un duel entre deux animaux politiques dou\u00e9s d\u00e9loquence et de savoir. Nathalie MP Meyer est n\u00e9e en 1962. Elle est dipl\u00f4m\u00e9e de lESSEC et a travaill\u00e9 dans le secteur de la banque et lassurance. Depuis 2015, elle tient Le Blog de Nathalie MP avec lobjectif de faire conna\u00eetre le lib\u00e9ralisme et dexpliquer en quoi il constituerait une r\u00e9ponse adapt\u00e9e aux probl\u00e8mes actuels de la France aussi bien sur le plan des libert\u00e9s individuelles que sur celui de la prosp\u00e9rit\u00e9 \u00e9conomique g\u00e9n\u00e9rale. En attendant, il continue, comme il la dit, \u00e0 \u00eatre pr\u00e9sident. Le 21 janvier, il a organis\u00e9 \u00e0 lElys\u00e9e une grande r\u00e9ception dintellectuels \u00e0 laquelle sont pr\u00e9sents un grand nombre de personnalit\u00e9s de renom, artistes, \u00e9crivains, universitaires. Ce qui a le don d\u00e9nerver Chirac-lui-m\u00eame candidat depuis quelques jours, qui, devant les directeurs de journaux, se montre tr\u00e8s agressif \u00e0 l\u00e9gard de Mitterrand, ce qui ne peut que servir celui-ci. Barre vient \u00e0 son tour de se d\u00e9clarer, nous constatons que le mouvement en faveur de la candidature de Mitterrand est tel quil nest pas n\u00e9cessaire de multiplier les appels. Alors que tous les sondages le donnent largement gagnant au second tour, il r\u00e9pond \u00e0 une question de Patrick Poivre dArvor : En tous cas, jai pris ma d\u00e9cision. Fran\u00e7ois Mitterrand est \u00e9lu au second tour le 10 mai 1981 avec 51, 76 face \u00e0 son adversaire centriste Val\u00e9ry Giscard dEstaing, qui nobtient que 48, 24 des suffrages exprim\u00e9s.  Dans cette chronique, le Cercle Maurice Cohen, qui rassemble \u00e9lus du personnel, experts du CSE, juristes et syndicalistes, revient sur les textes adopt\u00e9s par le gouvernement pendant la crise sanitaire. Pour ce cercle de r\u00e9flexion, tout se passe comme si laction des repr\u00e9sentants du personnel \u00e9tait consid\u00e9r\u00e9e comme une entrave potentielle \u00e0 la reprise de lactivit\u00e9 \u00e9conomique.  <img decoding=\"async\" src=\"http:\/\/www.nalijns.cf\/photos\/photo_6575.jpg\" alt=\"rencontre chirac le pen\" align=\"center\">-Lombre de Jacques Chirac plane \u00e9galement sur deux autres feuilletons judiciaires, Clearstream et lAngolagate. Coup de coeur. Si Sophie Davant a \u00e9t\u00e9 critiqu\u00e9e sur la Toile pour son attitude pas toujours tr\u00e8s aimable avec les candidats d Affaire conclue, elle a \u00e9t\u00e9 particuli\u00e8rement avenante avec Florian, un d\u00e9corateur dint\u00e9rieur de 29 ans. Pas mal ce petit jeune homme!, a glouss\u00e9 lanimatrice de 56 ans avant dajouter quelle attendait son retour avec grand plaisir! A lUMP, o\u00f9 Nicolas Sarkozy a calm\u00e9 le jeu ces derniers temps sur ce dossier, tout en r\u00e9affirmant son opposition \u00e0 la candidature turque, les r\u00e9actions \u00e9taient plus mesur\u00e9es. Le pr\u00e9sident de lUMP na pas r\u00e9agi mardi \u00e0 louverture des n\u00e9gociations, envoyant au front son conseiller politique Patrick Devedjian. Ce dernier a jug\u00e9 que le processus \u00e9tait r\u00e9versible. Je me suis peut-\u00eatre trouv\u00e9 dans un endroit avec lui, mais je ne le connaissais pas personnellement. Passionn\u00e9 de civilisations anciennes, Jacques Chirac ira jusqu\u00e0 prendre des cours de sanskrit et sera \u00e0 lorigine de la cr\u00e9ation du mus\u00e9e Quai Branly \u00e0 Paris. En 2016, pour f\u00eater les dix ans de l\u00e9tablissement, il est dailleurs rebaptis\u00e9 mus\u00e9e du Quai Branly-Jacques Chirac. Une exposition intitul\u00e9e Jacques Chirac, le dialogue des cultures rendait alors hommage \u00e0 ce passionn\u00e9 des Arts premiers. Ils ont choisi des \u0153uvres venues du monde entier qui illustrent le dialogue des cultures tel que mon mari la con\u00e7u depuis quil est tout jeune, s\u00e9tait alors f\u00e9licit\u00e9e Bernadette Chirac, en soulignant que son \u00e9poux passait d\u00e9j\u00e0 des heures au mus\u00e9e Guimet lorsquil avait douze ans. Le 12 juillet 2016, Jacques Chirac sest rendu en toute discr\u00e9tion d\u00e9couvrir lexposition avec sa fille Claude et son \u00e9pouse. En 2007, Nicolas Sarkozy succ\u00e8de \u00e0 Jacques Chirac \u00e0 lElys\u00e9e. Le temps de la retraite est venu. Le Pr\u00e9sident a alors 74 ans. Il peut sadonner plus librement \u00e0 ses passions, quil a toujours cultiv\u00e9 avec discr\u00e9tion. Jai continu\u00e9, \u00e0 l\u00e2ge adulte, \u00e0 ne rien livrer de mes hobbies personnels, au point quon a fini par me croire imperm\u00e9able \u00e0 toute culture. Un quiproquo que jai soigneusement entretenu, il est vrai, en laissant penser que je navais pas dautre passion que les romans policiers et la musique militaire, \u00e9crit-il dans ses m\u00e9moires. Sa passion pour les arts premiers fait dailleurs partie de son h\u00e9ritage pr\u00e9sidentiel. Il a inaugur\u00e9 en 2006 le mus\u00e9e du Quai Branly, qui porte aujourdhui son nom. Il a aussi d\u00e9velopp\u00e9 des arguments de fond en expliquant que la Turquie apportera une puissance consid\u00e9rable \u00e0 lEurope. Le chef de lEtat a \u00e9galement mis en garde les Fran\u00e7ais contre le risque de basculement de ce pays dans lint\u00e9grisme si les Europ\u00e9ens lui claquent la porte au nez. LINA vient de republier le discours du pr\u00e9sident au moment de son d\u00e9part de l\u00c9lys\u00e9e en 2007. Devant un drapeau tricolore et un autre de lUnion europ\u00e9enne, Jacques Chirac fait une v\u00e9ritable d\u00e9claration damour \u00e0 ses chers compatriotes. Pas un instant vous navez cess\u00e9 dhabiter mon c\u0153ur et mon esprit, d\u00e9clarait-il. Son entourage fait dire que le sommet lavait attendu pour adopter les textes politiques. Ce nest pas vrai. Cest moi qui lui ai fait porter \u00e0 son h\u00f4tel o\u00f9 il attendait les textes d\u00e9j\u00e0 adopt\u00e9s. Comme tout le monde, j\u00e9prouve de la tristesse. Nous avions tous de la tendresse pour Jacques Chirac. Je le vois encore peiner avec les noms des joueurs de l\u00e9quipe de France lors de la coupe du monde de 1998. C\u00e9tait un homme de terrain. Il avait de lempathie pour les autres, il \u00e9tait en phase avec eux. Tout le monde laimait bien. .<\/p>\n","protected":false},"excerpt":{"rendered":"<p>rencontre chirac le pen<\/p>\n","protected":false},"author":1,"featured_media":0,"comment_status":"closed","ping_status":"closed","sticky":false,"template":"","format":"standard","meta":{"footnotes":""},"categories":[1],"tags":[],"_links":{"self":[{"href":"http:\/\/versa-line.com\/site\/wp-json\/wp\/v2\/posts\/4967"}],"collection":[{"href":"http:\/\/versa-line.com\/site\/wp-json\/wp\/v2\/posts"}],"about":[{"href":"http:\/\/versa-line.com\/site\/wp-json\/wp\/v2\/types\/post"}],"author":[{"embeddable":true,"href":"http:\/\/versa-line.com\/site\/wp-json\/wp\/v2\/users\/1"}],"replies":[{"embeddable":true,"href":"http:\/\/versa-line.com\/site\/wp-json\/wp\/v2\/comments?post=4967"}],"version-history":[{"count":1,"href":"http:\/\/versa-line.com\/site\/wp-json\/wp\/v2\/posts\/4967\/revisions"}],"predecessor-version":[{"id":4968,"href":"http:\/\/versa-line.com\/site\/wp-json\/wp\/v2\/posts\/4967\/revisions\/4968"}],"wp:attachment":[{"href":"http:\/\/versa-line.com\/site\/wp-json\/wp\/v2\/media?parent=4967"}],"wp:term":[{"taxonomy":"category","embeddable":true,"href":"http:\/\/versa-line.com\/site\/wp-json\/wp\/v2\/categories?post=4967"},{"taxonomy":"post_tag","embeddable":true,"href":"http:\/\/versa-line.com\/site\/wp-json\/wp\/v2\/tags?post=4967"}],"curies":[{"name":"wp","href":"https:\/\/api.w.org\/{rel}","templated":true}]}}