{"id":4943,"date":"2020-09-30T13:47:32","date_gmt":"2020-09-30T13:47:32","guid":{"rendered":"http:\/\/versa-line.com\/site\/?p=4943"},"modified":"2020-09-24T16:18:16","modified_gmt":"2020-09-24T16:18:16","slug":"rencontres-nationales-familles-rurales","status":"publish","type":"post","link":"http:\/\/versa-line.com\/site\/2020\/09\/30\/rencontres-nationales-familles-rurales\/","title":{"rendered":"Rencontres Nationales Familles Rurales"},"content":{"rendered":"<p>Inaugur\u00e9 en janvier dernier mais op\u00e9rationnel depuis pr\u00e8s dun an, le nouvel abattoir dAutun est un bel outil au service du territoire. R\u00e9pondant parfaitement aux aspirations contemporaines de circuits courts, de bien-\u00eatre animal et de produits de qualit\u00e9, labattoir de proximit\u00e9 est un atout pour tout un bassin de production, une population et bien au-del\u00e0. Terres desp\u00e9rance : rencontres nationales du rural du 24 au 26 avril Dioc\u00e8se de Digne You have reached your viewing limit for this book. Agricultures et biodiversit\u00e9 : Des pistes pour lavenir 10h15-10h30 : Pause-caf\u00e9 10h30-12h45 : Premi\u00e8re session de panels  You have reached your viewing limit for this book. <img decoding=\"async\" src=\"http:\/\/www.atton.eu\/ATTON-EU\/mairie-2008\/noir%20premier\/2009-NOIR-PREMIER\/2009-09-11-AFR-REPRISE-MAINTIEN-EN-FORME-02.jpg\" alt=\"rencontres nationales familles rurales\" align=\"center\"> Soucieux dam\u00e9liorer continuellement la qualit\u00e9 de ses accueils et la qualification des personnels qui y participent, l a F\u00e9d\u00e9ration de la Loire sinvestit \u00e9galement pour la formation des jeunes en organisant des sessions de formation BAFA et BAFD et des formations continues tout au long de lann\u00e9e. Pour plus de renseignements :. Lallocation personnalis\u00e9e dautonomie au 31 mars 2006. DREES-juillet 2006  Le d\u00e9crochage scolaire. \u00c9tat des lieux, pr\u00e9vention et innovations en Essonne La FEMDH a pour but de garantir aux jeunes malades et accident\u00e9s leur droit \u00e0 la scolarit\u00e9, assur\u00e9e par des b\u00e9n\u00e9voles qualifi\u00e9s. Lassociation Twict\u00e9e a pour objet de d\u00e9velopper et de promouvoir lenseignement collaboratif de lorthographe \u00e0 l\u00e9cole, et plus largement dans tous les espaces \u00e9ducatifs, en appui sur les solutions num\u00e9riques, notamment les r\u00e9seaux sociaux et plus particuli\u00e8rement le microblogage. Aide les parents \u00e0 comprendre le diagnostic de lenfant, \u00e0 envisager leur avenir et les accompagne dans leurs d\u00e9marches <img decoding=\"async\" src=\"http:\/\/www.autismesba.org\/wp-content\/uploads\/2016\/10\/visite.ministre.solidarite.a.sidi_.bel_.abbes-2016-11-300x199.jpg\" alt=\"rencontres nationales familles rurales\" align=\"left\"> Pour les questions li\u00e9es \u00e0 la Mission de lEglise dans le monde rural : Une d\u00e9l\u00e9gation du dioc\u00e8se de Digne sy rendra avec Mgr Nault, co-organisateur de ce rassemblement. Club de lamiti\u00e9 : Salle dactivit\u00e9s de Bourgu\u00e9bus. Mme Hausknost : 02 31 23 12 73 <img decoding=\"async\" src=\"http:\/\/www.minagri.dz\/Diaporama\/2017\/Rencontre_investisement_02_10_2017\/06.jpg\" alt=\"rencontres nationales familles rurales\" align=\"left\"> Le Souvenir Fran\u00e7ais contribue \u00e0 maintenir la m\u00e9moire de tous ceux qui, combattants de la libert\u00e9 et du droit, sont morts pour la France, ou lont bien servie, quils soient Fran\u00e7ais ou \u00e9trangers. Il a pour mission lentretien des s\u00e9pultures et des monuments comm\u00e9moratifs, lorganisation dactions de M\u00e9moire pour rendre hommage au courage et \u00e0 la fid\u00e9lit\u00e9 de tous les hommes et les femmes morts aux champs dhonneur. Mercredi, le S\u00e9nat a vot\u00e9 \u00e0 la quasi-unanimit\u00e9 un texte de loi propos\u00e9 par lUMP, pr\u00e9voyant la suppression des allocations familiales aux familles ayant perdu la garde de leurs enfants par d\u00e9cision de justice.  6\u00e8mes rencontres nationales \u00c9nergie et territoires ruraux, vers des territoires \u00e0 \u00e9nergie positive-Vall\u00e9e de Kaysersberg Services \u00e0 la personne : les bonnes pratiques partenariales de lEconomie Sociale et Solidaire en Nord-Pas-de-Calais, 2008.<\/p>\n","protected":false},"excerpt":{"rendered":"<p>rencontres nationales familles rurales<\/p>\n","protected":false},"author":1,"featured_media":0,"comment_status":"closed","ping_status":"closed","sticky":false,"template":"","format":"standard","meta":{"footnotes":""},"categories":[1],"tags":[],"_links":{"self":[{"href":"http:\/\/versa-line.com\/site\/wp-json\/wp\/v2\/posts\/4943"}],"collection":[{"href":"http:\/\/versa-line.com\/site\/wp-json\/wp\/v2\/posts"}],"about":[{"href":"http:\/\/versa-line.com\/site\/wp-json\/wp\/v2\/types\/post"}],"author":[{"embeddable":true,"href":"http:\/\/versa-line.com\/site\/wp-json\/wp\/v2\/users\/1"}],"replies":[{"embeddable":true,"href":"http:\/\/versa-line.com\/site\/wp-json\/wp\/v2\/comments?post=4943"}],"version-history":[{"count":1,"href":"http:\/\/versa-line.com\/site\/wp-json\/wp\/v2\/posts\/4943\/revisions"}],"predecessor-version":[{"id":4944,"href":"http:\/\/versa-line.com\/site\/wp-json\/wp\/v2\/posts\/4943\/revisions\/4944"}],"wp:attachment":[{"href":"http:\/\/versa-line.com\/site\/wp-json\/wp\/v2\/media?parent=4943"}],"wp:term":[{"taxonomy":"category","embeddable":true,"href":"http:\/\/versa-line.com\/site\/wp-json\/wp\/v2\/categories?post=4943"},{"taxonomy":"post_tag","embeddable":true,"href":"http:\/\/versa-line.com\/site\/wp-json\/wp\/v2\/tags?post=4943"}],"curies":[{"name":"wp","href":"https:\/\/api.w.org\/{rel}","templated":true}]}}