{"id":4925,"date":"2020-09-30T07:25:44","date_gmt":"2020-09-30T07:25:44","guid":{"rendered":"http:\/\/versa-line.com\/site\/?p=4925"},"modified":"2020-09-24T15:43:11","modified_gmt":"2020-09-24T15:43:11","slug":"ma-maman-est-en-amerique-elle-a-rencontre-buffalo-bill-critique-telerama","status":"publish","type":"post","link":"http:\/\/versa-line.com\/site\/2020\/09\/30\/ma-maman-est-en-amerique-elle-a-rencontre-buffalo-bill-critique-telerama\/","title":{"rendered":"Ma Maman Est En Am\u00e9rique Elle A Rencontr\u00e9 Buffalo Bill Critique Telerama"},"content":{"rendered":"<p>\u0395\u03c5\u03b1\u03b9\u03c3\u03b8\u03b7\u03c4\u03bf\u03c0\u03bf\u03b9\u03b7\u03bc\u03ad\u03bd\u03bf \u03b4\u03ad\u03c1\u03bc\u03b1 : \u03bc\u03b5\u03c1\u03b9\u03ba\u03ad\u03c2 \u03b4\u03c5\u03c3\u03b1\u03bd\u03b5\u03be\u03af\u03b5\u03c2 \u03c3\u03b5 \u03c0\u03c1\u03bf\u03ca\u03cc\u03bd\u03c4\u03b1 \u03c5\u03b3\u03b9\u03b5\u03b9\u03bd\u03ae\u03c2 \u03ba\u03b1\u03b9 \u03c0\u03b5\u03c1\u03b9\u03c0\u03bf\u03af\u03b7\u03c3\u03b7\u03c2 \u03b5\u03af\u03bd\u03b1\u03b9 \u03c3\u03c4\u03b7\u03bd \u03c0\u03c1\u03b1\u03b3\u03bc\u03b1\u03c4\u03b9\u03ba\u03cc\u03c4\u03b7\u03c4\u03b1 \u03b1\u03bb\u03b7\u03b8\u03b9\u03bd\u03ad\u03c2 \u03b1\u03bb\u03bb\u03b5\u03c1\u03b3\u03af\u03b5\u03c2, \u03c5\u03c0\u03b5\u03cd\u03b8\u03c5\u03bd\u03b5\u03c2 \u03b3\u03b9\u03b1 \u03ad\u03ba\u03b6\u03b5\u03bc\u03b1 \u03ae \u03ba\u03bd\u03af\u03b4\u03c9\u03c3\u03b7. \u03a3\u03c5\u03bc\u03b2\u03bf\u03c5\u03bb\u03b5\u03c5\u03c4\u03b5\u03af\u03c4\u03b5 \u03c4\u03bf \u03b3\u03b9\u03b1\u03c4\u03c1\u03cc \u03c3\u03b1\u03c2 \u03b3\u03b9\u03b1 \u03bd\u03b1 \u03c8\u03ac\u03be\u03b5\u03c4\u03b5 \u03bc\u03b1\u03b6\u03af \u03c4\u03b1 \u03b1\u03af\u03c4\u03b9\u03b1 \u03b1\u03c5\u03c4\u03ae\u03c2 \u03c4\u03b7\u03c2 \u03b1\u03bb\u03bb\u03b5\u03c1\u03b3\u03af\u03b1\u03c2. Lhistoire, universelle, traverse les \u00e9poques. Cest celle dun petit gar\u00e7on qui grandit et se confronte \u00e0 une v\u00e9rit\u00e9, \u00e9dulcor\u00e9e par les adultes, d\u00e9sireux de le maintenir dans linsouciance de lenfance. Si le film a ces accents de v\u00e9rit\u00e9 si prononc\u00e9s, cest quil s\u00e9crit \u00e0 laune de la biographie de Jean Regnaud, lauteur de la BD. <img decoding=\"async\" src=\"http:\/\/catalogue.gazette-drouot.com\/images\/perso\/phare\/VENTE\/85\/81869\/214.jpg\" alt=\"ma maman est en am\u00e9rique elle a rencontr\u00e9 buffalo bill critique telerama\" align=\"right\">  Ma maman est en Am\u00e9rique, elle a rencontr\u00e9 Buffalo Bill-film 2013-AlloCin\u00e9 \u03bd\u03b5\u03b1 \u03c3\u03b5\u03bb\u03b7\u03bd\u03b7 18 \u03b1\u03c0\u03c1\u03b9\u03bb\u03b9\u03bf\u03c5 \u03b1\u03b9\u03bc\u03b1\u03c4\u03c9\u03bc\u03b1 \u03c3\u03c4\u03bf \u03bc\u03b1\u03c4\u03b9 \u03b2\u03c1\u03b5\u03c6\u03bf\u03c5\u03c2 \u03b1\u03bd\u03c5\u03c0\u03bf\u03c4\u03b1\u03ba\u03c4\u03b5\u03c2 \u03ba\u03b1\u03c1\u03b4\u03b9\u03b5\u03c2 2\u03bf\u03c2 \u03ba\u03c5\u03ba\u03bb\u03bf\u03c2 \u03b5\u03c0\u03b5\u03b9\u03c3\u03bf\u03b4\u03b9\u03bf 1 <img decoding=\"async\" src=\"http:\/\/docplayer.fr\/docs-images\/59\/43556794\/images\/13-4.png\" alt=\"ma maman est en am\u00e9rique elle a rencontr\u00e9 buffalo bill critique telerama\" align=\"right\"> Entrez votre E-mail ou pseudo, un nouveau mot de passe vous sera envoy\u00e9 par e-mail Ma maman est en Am\u00e9rique, elle a rencontr\u00e9 Buffalo Bill a \u00e9t\u00e9 pr\u00e9sent\u00e9 au Festival du Film dAnimation dAnnecy 2013. Il \u00e9tait nomm\u00e9 au Cristal du long m\u00e9trage mais na pas remport\u00e9 la distinction au profit de Uma Hist\u00f3ria de Amor e F\u00faria 2012, film br\u00e9silien. Le film a re\u00e7u n\u00e9anmoins la Mention Sp\u00e9ciale du Jury \u00e0 Annecy et le Best European Film Award au Lucas Internationales Kinderfilmfestival de Francfort. Extrait n11 de la bd Ma maman est en Am\u00e9rique, elle a rencontr\u00e9 Buffalo Bill par Jean Regnaud  \u03b5\u03ba\u03bb\u03bf\u03b3\u03b5\u03c2 \u03b5\u03bb\u03bb\u03b1\u03b4\u03b1\u03c2 2015 \u03a0\u03b9\u03b8\u03b1\u03bd\u03ae \u03b5\u03bd\u03b4\u03b5\u03ba\u03ac\u03b4\u03b1 \u039f\u03a3\u03a6\u03a0 \u03bc\u03b5 \u0391\u03c4\u03c1\u03cc\u03bc\u03b7\u03c4\u03bf Sur le th\u00e8me des choses graves que lon cache aux enfants, cette BD-roman est formidable. Tendre et r\u00e9aliste. Dr\u00f4le et triste. Il a re\u00e7u le Prix Tam-Tam au salon du livre de MontreuilOuest France, d\u00e9cembre 2008. <img decoding=\"async\" src=\"http:\/\/www.take.christianhydrick.com\/Fiches\/images-fiches\/cm2\/grammaire\/exercices-adverbes-1a.jpg\" alt=\"ma maman est en am\u00e9rique elle a rencontr\u00e9 buffalo bill critique telerama\" align=\"center\"> Critique : Journal du dimanche-Danielle Attali-A lefficacit\u00e9 de la mise en sc\u00e8ne sajoute un sc\u00e9nario \u00e0 la m\u00e9canique redoutable. Loin de lIran, qui lui offrait un contexte politique particuli\u00e8rement fort,.. Inside Llewyn Davis-Com\u00e9die dramatique-Date de sortie : 06 novembre 2013-R\u00e9alis\u00e9 par : Joel Coen,Ethan Coen-Avec : Oscar Isaac, Carey Mulligan, John Goodman-Dur\u00e9e : 1h45min-Pays de production : Etats-Unis-Ann\u00e9e de production : 2013-Distributeur : StudioCanal Je continue mes achats sur internet, comme avant Ames d\u00e9licates, mieux vaut passer votre chemin, et m\u00eame faire un large d\u00e9tour plut\u00f4t que de croiser celui de Martina Cole. Romanci\u00e8re anglaise \u00e0 succ\u00e8s lexpression suffit-elle pour qualifier un auteur omnipr\u00e9sent outre-Manche dans les listes de best-sellers depuis quinze ans, et qui a vendu pl.. Un r\u00e9cit pudique et bouleversant, tr\u00e8s bien servi par les images dEmile Bravo Soir, ao\u00fbt 2007. \u0391\u03c3\u03ba\u03b7\u03c3\u03b5\u03b9\u03c2 \u03b1\u03bf\u03c1\u03b9\u03c3\u03c4\u03bf\u03c5 \u03b2 \u03b3 \u03b3\u03c5\u03bc\u03bd \u0395\u03bb\u03c0\u03af\u03b6\u03c9 \u03bd\u03b1 \u03bc\u03b7\u03bd \u03ba\u03b1\u03c4\u03b5\u03b2\u03ac\u03c3\u03b5\u03b9 \u03ba\u03b1\u03bc\u03b9\u03ac&#8230;\u03c6\u03b1\u03b5\u03b9\u03bd\u03ae \u03b9\u03b4\u03ad\u03b1 \u03bf \u039c\u03ac\u03c1\u03c4\u03b9\u03bd\u03c2 \u03ba\u03b1\u03b9 \u03bd\u03b1 \u03b2\u03ac\u03bb\u03b5\u03b9 \u03c3\u03ad\u03bd\u03c4\u03b5\u03c1-\u03c6\u03cc\u03c1 \u03c4\u03bf\u03bd \u03c7\u03b1\u03c3\u03bf\u03b3\u03ba\u03cc\u03bb\u03b7 \u0393\u03ba\u03b5\u03c1\u03ad\u03c1\u03bf \u03b1\u03bd\u03c4\u03af \u03c4\u03bf\u03c5 \u039c\u03ac\u03bd\u03bf\u03c5. \u039c\u03b5\u03c4\u03b1\u03c3\u03c7\u03b7\u03bc\u03b1\u03c4\u03b9\u03c3\u03c4\u03ae\u03c2 220V \u03a3\u03b5 12DC 1.25-2\u0391 \u0393\u03b9\u03b1 \u03a3\u03c5\u03c3\u03c4\u03ae\u03bc\u03b1\u03c4\u03b1 Access \u039a\u0399\u039d\u0395\u0396\u0399\u039a\u0391 \u0395\u03a1\u0393\u039f\u03a3\u03a4\u0391\u03a3\u0399\u0391 Votre abonnement CANAL vous permet de b\u00e9n\u00e9ficier des contenus T\u00e9l\u00e9rama r\u00e9serv\u00e9s aux abonn\u00e9s. Sur le th\u00e8me des choses graves que lon cache aux enfants, cette BD-roman est formidable. Tendre et r\u00e9aliste. Dr\u00f4le et triste ; Une BD tr\u00e8s justement prim\u00e9e au festival dAngoul\u00eame Ouest France. .<\/p>\n","protected":false},"excerpt":{"rendered":"<p>ma maman est en am\u00e9rique elle a rencontr\u00e9 buffalo bill critique telerama<\/p>\n","protected":false},"author":1,"featured_media":0,"comment_status":"closed","ping_status":"closed","sticky":false,"template":"","format":"standard","meta":{"footnotes":""},"categories":[1],"tags":[],"_links":{"self":[{"href":"http:\/\/versa-line.com\/site\/wp-json\/wp\/v2\/posts\/4925"}],"collection":[{"href":"http:\/\/versa-line.com\/site\/wp-json\/wp\/v2\/posts"}],"about":[{"href":"http:\/\/versa-line.com\/site\/wp-json\/wp\/v2\/types\/post"}],"author":[{"embeddable":true,"href":"http:\/\/versa-line.com\/site\/wp-json\/wp\/v2\/users\/1"}],"replies":[{"embeddable":true,"href":"http:\/\/versa-line.com\/site\/wp-json\/wp\/v2\/comments?post=4925"}],"version-history":[{"count":1,"href":"http:\/\/versa-line.com\/site\/wp-json\/wp\/v2\/posts\/4925\/revisions"}],"predecessor-version":[{"id":4926,"href":"http:\/\/versa-line.com\/site\/wp-json\/wp\/v2\/posts\/4925\/revisions\/4926"}],"wp:attachment":[{"href":"http:\/\/versa-line.com\/site\/wp-json\/wp\/v2\/media?parent=4925"}],"wp:term":[{"taxonomy":"category","embeddable":true,"href":"http:\/\/versa-line.com\/site\/wp-json\/wp\/v2\/categories?post=4925"},{"taxonomy":"post_tag","embeddable":true,"href":"http:\/\/versa-line.com\/site\/wp-json\/wp\/v2\/tags?post=4925"}],"curies":[{"name":"wp","href":"https:\/\/api.w.org\/{rel}","templated":true}]}}