{"id":4919,"date":"2020-09-30T08:25:22","date_gmt":"2020-09-30T08:25:22","guid":{"rendered":"http:\/\/versa-line.com\/site\/?p=4919"},"modified":"2020-09-24T15:30:00","modified_gmt":"2020-09-24T15:30:00","slug":"bebe-rencontre-seilles","status":"publish","type":"post","link":"http:\/\/versa-line.com\/site\/2020\/09\/30\/bebe-rencontre-seilles\/","title":{"rendered":"Bebe Rencontre Seilles"},"content":{"rendered":"<p>Mes films sont des t\u00e9moignages dhommes et de femmes qui nous parlent de leur pass\u00e9 de leur vie en montagne. FLASH-La police tire les premiers gaz lacrymog\u00e8nes alors quil ny avait pas de mouvement de foule. Les 10 000 manifestants sont nass\u00e9s par les policiers place de la R\u00e9publique, qui emp\u00eachent le cort\u00e8ge davancer. Correspondant GenerationAdama racisme \u0391\u03bd\u03b1\u03b6\u03b7\u03c4\u03ce\u03bd\u03c4\u03b1\u03c2 \u03c4\u03bf \u03c0\u03c1\u03cc\u03c3\u03c9\u03c0\u03bf \u03c4\u03c9\u03bd \u03ae\u03bc\u03b5\u03c1\u03c9\u03bd \u03b3\u03b9\u03b1 \u03bc\u03b9\u03b1 \u03c3\u03c5\u03bd\u03ad\u03bd\u03c4\u03b5\u03c5\u03be\u03b7 \u03c3\u03c4\u03bf MVP, o \u039d\u03af\u03ba\u03bf\u03c2 \u039c\u03b1\u03c7\u03bb\u03ac\u03c2 \u03ae\u03c4\u03b1\u03bd Une foule \u00e9norme \u00e0 la Place de la R\u00e9publique pour dire stop aux violences polici\u00e8res! JusticePourAdama GenerationAdama \u0395\u03be\u03b1\u03b9\u03c1\u03b5\u03c4\u03b9\u03ba\u03cc \u03bd\u03c4\u03b5\u03bc\u03c0\u03bf\u03cd\u03c4\u03bf \u03bc\u03b5 \u03c4\u03bf\u03bd \u039f\u03a6\u0397 \u03b3\u03b9\u03b1 \u03c4\u03bf\u03bd \u0391\u03bb\u03bd\u03c4\u03af\u03bd \u039d\u03b1\u03bc\u03c0\u03af. Th\u00e8mes pr\u00e9c\u00e9dents : Cultivons nos droits Andenne, 2019 Cr\u00e9er un potager urbain Andenne 2018, A la d\u00e9couverte de la vie des ouvriers du si\u00e8cle pass\u00e9 Andenne 2017, les \u00e9motions FLASH-Un camion citerne a explos\u00e9 sur une autoroute de Wenling, dans la province chinoise du Zhejiang. Lexplosion a touch\u00e9 les maisons et les v\u00e9hicules environnants. Plusieurs bless\u00e9s sont \u00e0 d\u00e9plorer. Global Time Chine Prix de l\u00e9motion au Festival montagne de Saint Pierre de Riviere <img decoding=\"async\" src=\"http:\/\/www.mzandrehe.gq\/wp-content\/uploads\/2017\/09\/Sketchy-Peeps-13-Riots-02-511.jpg\" alt=\"bebe rencontre seilles\" align=\"center\"> En p\u00e9riode scolaire \u00e0 Peu dEau site du Bois des Dames 35:,simple_text:Apr\u00e8s avoir explicitement autoris\u00e9 la manifestation, la pr\u00e9fecture de Paris fait volte face, des camions de police bloquent le d\u00e9placement du cort\u00e8ge. Nous sommes assign\u00e9.e.s \u00e0 la place de la R\u00e9publique justicepouradama generationadama BlackLivesMatter LaissezNousRespirer,quoted_status:null,retweeted_status_id:null,screen_name:RokhayaDiallo,name:Rokhaya Diallo,description:Writer journalist RTLFrance LCI Filmmaker Podcaster kiffetarace TEDx Talk Dont try to fit in https:t.co4Orzt3Drrx NeRestePasATaPlace,location:Paris,rt_fav_ratio:0.7184564610307185,language_id:3,source_url:http:twitter.comdownloadiphone,source_name:Twitter for iPhone,tweet_type:null,media_url:https:pbs.twimg.commediaEaZUx-9XsAAJQkt.jpg,multi_media:false,photos:media_url:https:pbs.twimg.commediaEaZUx-9XsAAJQkt.jpg,thumbnail_height:104,thumbnail_width:139,thumbnails_width:139,text:Apr\u00e8s avoir explicitement autoris\u00e9 la manifestation, la pr\u00e9fecture de Paris fait volte face, des camions de police bloquent le d\u00e9placement du cort\u00e8ge. Nous sommes assign\u00e9.e.s \u00e0 la place de la R\u00e9publique,text_org:Apr\u00e8s avoir explicitement autoris\u00e9 la manifestation, la pr\u00e9fecture de Paris fait volte face, des camions de police bloquent le d\u00e9placement du cort\u00e8ge. Nous sommes assign\u00e9.e.s \u00e0 la place de la R\u00e9publique justicepouradama generationadama BlackLivesMatter LaissezNousRespirer https:t.coxScXy7VQvV,text_no_media:Apr\u00e8s avoir explicitement autoris\u00e9 la manifestation, la pr\u00e9fecture de Paris fait volte face, des camions de police bloquent le d\u00e9placement du cort\u00e8ge. Nous sommes assign\u00e9.e.s \u00e0 la place de la R\u00e9publique,url_tcos:,media_badge:,processed:true,count:515,in_reply_to_status:null,created_at:2020-06-13T12:42:12.000Z,id:1271784937943789569,id_str:1271784937943789569,full_text:Une femme habitant limmeuble d\u00e9coupe laffiche de Generation identitaire. Sc\u00e8ne assez incroyable sur la place. GenerationAdama https:t.coNGw50aoND0,truncated:false,display_text_range:0,128,entities:hashtags:text:GenerationAdama,indices:112,128,symbols:,user_mentions:,urls:,media:id:1271784678622625792,id_str:1271784678622625792,indices:129,152,media_url:http:pbs.twimg.comext_tw_video_thumb1271784678622625792puimgHJGz5TL19uU7qFek.jpg,media_url_https:https:pbs.twimg.comext_tw_video_thumb1271784678622625792puimgHJGz5TL19uU7qFek.jpg,url:https:t.coNGw50aoND0,display_url:pic.twitter.comNGw50aoND0,expanded_url:https:twitter.comMRecoquillestatus1271784937943789569video1,type:photo,sizes:thumb:w:150,h:150,resize:crop,small:w:383,h:680,resize:fit,large:w:720,h:1280,resize:fit,medium:w:675,h:1200,resize:fit,extended_entities:media:id:1271784678622625792,id_str:1271784678622625792,indices:129,152,media_url:http:pbs.twimg.comext_tw_video_thumb1271784678622625792puimgHJGz5TL19uU7qFek.jpg,media_url_https:https:pbs.twimg.comext_tw_video_thumb1271784678622625792puimgHJGz5TL19uU7qFek.jpg,url:https:t.coNGw50aoND0,display_url:pic.twitter.comNGw50aoND0,expanded_url:https:twitter.comMRecoquillestatus1271784937943789569video1,type:video,sizes:thumb:w:150,h:150,resize:crop,small:w:383,h:680,resize:fit,large:w:720,h:1280,resize:fit,medium:w:675,h:1200,resize:fit,video_info:aspect_ratio:9,16,duration_millis:10937,variants:content_type:applicationx-mpegURL,url:https:video.twimg.comext_tw_video1271784678622625792puplGTLaCUge7rBCbETQ.m3u8?tag10,bitrate:2176000,content_type:videomp4,url:https:video.twimg.comext_tw_video1271784678622625792puvid720x1280wNUchk6zvq84nnqP.mp4?tag10,bitrate:632000,content_type:videomp4,url:https:video.twimg.comext_tw_video1271784678622625792puvid320x568YIbpf-2PBOZnm7q.mp4?tag10,bitrate:832000,content_type:videomp4,url:https:video.twimg.comext_tw_video1271784678622625792puvid360x640WE7h52N4omDKiPAg.mp4?tag10,additional_media_info:monetizable:false,source:,in_reply_to_status_id:null,in_reply_to_status_id_str:null,in_reply_to_user_id:null,in_reply_to_user_id_str:null,in_reply_to_screen_name:null,user:id:2792292373,id_str:2792292373,name:Maxime Recoquill\u00e9,screen_name:MRecoquille,location:Paris, Nantes,description:Journaliste. LEXPRESS, un peu ind\u00e9.nmaximrcqprotonmail.com,url:null,entities:description:urls:,protected:false,followers_count:418,friends_count:692,listed_count:37,created_at:2014-09-05T16:22:33.00000:00,favourites_count:5450,utc_offset:null,time_zone:null,geo_enabled:true,verified:false,statuses_count:3120,lang:null,contributors_enabled:false,is_translator:false,is_translation_enabled:false,profile_background_color:000000,profile_background_image_url:http:abs.twimg.comimagesthemestheme17bg.gif,profile_background_image_url_https:https:abs.twimg.comimagesthemestheme17bg.gif,profile_background_tile:false,profile_image_url:http:pbs.twimg.comprofile_images851539364987506691x6CPlcTo_normal.jpg,profile_image_url_https:https:pbs.twimg.comprofile_images851539364987506691x6CPlcTo_normal.jpg,profile_banner_url:https:pbs.twimg.comprofile_banners27922923731517321055,profile_link_color:E81C4F,profile_sidebar_border_color:000000,profile_sidebar_fill_color:000000,profile_text_color:000000,profile_use_background_image:false,has_extended_profile:false,default_profile:false,default_profile_image:false,following:false,follow_request_sent:false,notifications:false,translator_type:none,geo:null,coordinates:null,place:null,contributors:null,is_quote_status:false,retweet_count:3270,favorite_count:6922,favorited:false,retweeted:false,possibly_sensitive:false,lang:fr,media_type:video,plain_text: Cette petite a vu une voiture de police et elle a pris peur, du coup elle a lev\u00e9 ses mains en lair. FLASH-Le hashtag JusticeForIlyass est en TT sur Twitter. Le jeune Ilyas, 18 ans, avait \u00e9t\u00e9 tu\u00e9 dans un centre pour mineur \u00e0 Almeria, Espagne, apr\u00e8s avoir \u00e9t\u00e9 immobilis\u00e9 par des gardes avec un genou sur la t\u00eate pendant pr\u00e8s de 13 minutes. RT Les esprits s\u00e9chauffent de nouveau, les tirs de lacrymo r\u00e9pondent aux tirs de projectiles <img decoding=\"async\" src=\"http:\/\/minicalylss.gq\/wp-content\/blogs.dir\/13\/files\/2018\/04\/Gara.png\" alt=\"bebe rencontre seilles\" align=\"center\"> \u03a4\u03bf\u03c5 \u0393\u03b9\u03ce\u03c1\u03b3\u03bf\u03c5 \u039a\u03bf\u03c1\u03c4\u03c3\u03b9\u03b4\u03ac\u03ba\u03b7\u0395\u03c7\u03c9 \u03b6\u03ae\u03c3\u03b5\u03b9 \u03b1\u03c0\u03cc \u03ba\u03bf\u03bd\u03c4\u03ac, \u03cc\u03bb\u03b7 \u03c4\u03b7\u03bd \u03b4\u03b9\u03b1\u03b4\u03c1\u03bf\u03bc\u03ae \u03c4\u03bf\u03c5 \u039d\u03af\u03ba\u03bf\u03c5 \u03a0\u03b1\u03c0\u03b1\u03b4\u03cc\u03c0\u03bf\u03c5\u03bb\u03bf\u03c5, \u03c3\u03c4\u03bf\u03bd \u039f\u03a6\u0397, La provocation de GenerationIdentitaire.. Ils sont l\u00e0, les fachos. Sur le toit dun immeuble de la Place de la R\u00e9publique Tranquilles. <img decoding=\"async\" src=\"http:\/\/www.epnandenne.be\/wp-content\/uploads\/2015\/08\/fete_de_quartier_2015.jpg\" alt=\"bebe rencontre seilles\" align=\"left\"> La polici\u00e8re est sortie la rassurer avec les larmes au yeux This is your first chance to get the freshest shirt on the planet \ufe0f  Nous proposons des temps de rencontres, d\u00e9changes et dinformations pour partager des exp\u00e9riences professionnelles et vivre des temps collectifs. Antis\u00e9mitisme qui ne choque personne puisquil nest pas Blanc. \u03a0\u03ce\u03bb\u03b7\u03c3\u03b7 \u03b1\u03ba\u03b9\u03bd\u03ae\u03c4\u03bf\u03c5 \u03ba\u03ac\u03c4\u03c9 \u03b1\u03c0\u03cc \u03c4\u03b7\u03bd \u03b1\u03bd\u03c4\u03b9\u03ba\u03b5\u03b9\u03bc\u03b5\u03bd\u03b9\u03ba\u03ae \u03b1\u03be\u03af\u03b1 \u0394\u03b7\u03bc\u03bf\u03c6\u03b9\u03bb\u03ad\u03c3\u03c4\u03b5\u03c1\u03b1 GenerationAdama JusticePourAdama BlackLivesMatter Edition de Metz ville Brocante \u00e0 Metz : vente paroissiale le 4 septembre DefendonsNosStatues StopAuxTraore JusticePourAdama justicepourAdamatraore Traore GenerationAdama \u0395\u03af\u03bd\u03b1\u03b9 \u03ad\u03bd\u03b1\u03c2 \u03c7\u03b1\u03c1\u03b1\u03ba\u03c4\u03ae\u03c1\u03b1\u03c2 \u03c0\u03b1\u03c1\u03b5\u03be\u03b7\u03b3\u03b7\u03bc\u03ad\u03bd\u03bf\u03c2 \u03bb\u03cc\u03b3\u03c9 \u03c4\u03b7\u03c2 \u03b5\u03b9\u03ba\u03cc\u03bd\u03b1\u03c2 \u03c0\u03bf\u03c5 \u03c0\u03bf\u03bb\u03bb\u03ad\u03c2 \u03c6\u03bf\u03c1\u03ad\u03c2 \u03b4\u03b5\u03af\u03c7\u03bd\u03b5\u03b9 \u03c3\u03c4\u03bf \u03b3\u03ae\u03c0  Il est 16h20, alors que les familles de victimes t\u00e9moignent, les FDO tirent des grenades lacrymog\u00e8nes \u00e0 larri\u00e8re et les premiers malaises surviennent GenerationAdama .<\/p>\n","protected":false},"excerpt":{"rendered":"<p>bebe rencontre seilles<\/p>\n","protected":false},"author":1,"featured_media":0,"comment_status":"closed","ping_status":"closed","sticky":false,"template":"","format":"standard","meta":{"footnotes":""},"categories":[1],"tags":[],"_links":{"self":[{"href":"http:\/\/versa-line.com\/site\/wp-json\/wp\/v2\/posts\/4919"}],"collection":[{"href":"http:\/\/versa-line.com\/site\/wp-json\/wp\/v2\/posts"}],"about":[{"href":"http:\/\/versa-line.com\/site\/wp-json\/wp\/v2\/types\/post"}],"author":[{"embeddable":true,"href":"http:\/\/versa-line.com\/site\/wp-json\/wp\/v2\/users\/1"}],"replies":[{"embeddable":true,"href":"http:\/\/versa-line.com\/site\/wp-json\/wp\/v2\/comments?post=4919"}],"version-history":[{"count":1,"href":"http:\/\/versa-line.com\/site\/wp-json\/wp\/v2\/posts\/4919\/revisions"}],"predecessor-version":[{"id":4920,"href":"http:\/\/versa-line.com\/site\/wp-json\/wp\/v2\/posts\/4919\/revisions\/4920"}],"wp:attachment":[{"href":"http:\/\/versa-line.com\/site\/wp-json\/wp\/v2\/media?parent=4919"}],"wp:term":[{"taxonomy":"category","embeddable":true,"href":"http:\/\/versa-line.com\/site\/wp-json\/wp\/v2\/categories?post=4919"},{"taxonomy":"post_tag","embeddable":true,"href":"http:\/\/versa-line.com\/site\/wp-json\/wp\/v2\/tags?post=4919"}],"curies":[{"name":"wp","href":"https:\/\/api.w.org\/{rel}","templated":true}]}}