{"id":4837,"date":"2020-09-30T19:04:05","date_gmt":"2020-09-30T19:04:05","guid":{"rendered":"http:\/\/versa-line.com\/site\/?p=4837"},"modified":"2020-09-24T11:36:44","modified_gmt":"2020-09-24T11:36:44","slug":"rencontre-avec-loeb","status":"publish","type":"post","link":"http:\/\/versa-line.com\/site\/2020\/09\/30\/rencontre-avec-loeb\/","title":{"rendered":"Rencontre Avec Loeb"},"content":{"rendered":"<p>Glissez et d\u00e9posez un v\u00e9hicule de votre panier ci-dessous vers lun des 3 emplacements ci-dessus destin\u00e9 \u00e0 la comparaison. Quote citeDavy JeanneyEn 2015, pour ma premi\u00e8re saison en Championnat du monde au sein du Team Peugeot Hansen, jai gagn\u00e9 au Canada et en Allemagne et jai termin\u00e9 cinqui\u00e8me au classement g\u00e9n\u00e9ral. Je suis tr\u00e8s heureux de continuer \u00e0 \u0153uvrer dans le giron de lune des \u00e9quipes les plus comp\u00e9titives de la discipline et de partager mon exp\u00e9rience avec Kevin dans le cadre de ses d\u00e9buts au plus haut niveau international.quote Que pensez-vous des moteurs \u00e9lectriques en Rallycross? <img decoding=\"async\" src=\"http:\/\/blog.autosphere.fr\/file\/thumb\/224a54c0102e9bbc1da26ce41041cf75.jpg\" alt=\"rencontre avec loeb\" align=\"left\">  To view this video please enable JavaScript, and consider upgrading to a web browser that D\u00e9sormais lib\u00e9r\u00e9 de son programme WRC avec Hyundai, qui sest achev\u00e9 en par une 4e place, le nonuple champion du monde des rallyes fera une nouvelle apparition en championnat de France lors du rallye du Var, fin novembre.  Sur une \u00e9preuve r\u00e9put\u00e9e \u00eatre un enfer pour la m\u00e9canique, S\u00e9bastien Loeb et allient vitesse et fiabilit\u00e9 en enregistrant quatorze temps scratchs cons\u00e9cutifs lors de l\u00e9dition du. Dominateur sur les manches asphalte depuis ses d\u00e9buts, le duo est alors en passe de trouver la m\u00eame recette \u00e0 succ\u00e8s sur le gravier. Laur\u00e9ats du Concours International de piano 4 mains de Valberg, le Duo Solot joue dans les plus grandes salles de Belgique leur pays dorigine, dans toute lEurope et jusquen Asie. Profitez de leur venue \u00e0 lUniversit\u00e9. Globalement c\u00e9tait un tr\u00e8s beau week-end! En terme de performance, je pense que nous navons jamais \u00e9t\u00e9 aussi bien. D\u00e8s les essais libres, nous avons r\u00e9ussi \u00e0 \u00eatre dans le coup ce qui navait pas toujours \u00e9t\u00e9 le cas jusqu\u00e0 pr\u00e9sent. On a bien travaill\u00e9 sur la voiture et jai compris pas mal de choses en ce qui concerne mon pilotage. On poursuit donc notre progression et on a m\u00eame fait un gros bond en avant. Plus \u00e7a va, et plus nous sommes proches des demi-finales donc cest tr\u00e8s positif. Dans lensemble, toute l\u00e9quipe est satisfaite et je le suis aussi. Il me tarde d\u00e9j\u00e0 d\u00eatre \u00e0 nouveau install\u00e9 au volant de la voiture avec tous les r\u00e9glages que nous avons trouv\u00e9 ce week-end. Comme lors de chaque chronique, je vous pr\u00e9sente un membre de l\u00e9quipe et cette fois-ci, cest au tour de Franck Tin\u00e9 notre Directeur Sportif. Il arrive \u00e0 bien g\u00e9rer le c\u00f4t\u00e9 sportif et organisationnel mais aussi laspect humain de l\u00e9quipe. Cest une de nos forces car tout le monde sentend bien au sein du team, et il ny est pas \u00e9tranger! Franck sait \u00eatre tr\u00e8s s\u00e9rieux et rigoureux quand il le faut, mais il nest pas non plus le dernier pour de franches parties de rigolades lorsque cest le moment de d\u00e9compresser. Cest un r\u00e9el plaisir de travailler avec lui. Je pense quen d\u00e9but de saison il y avait \u00e9norm\u00e9ment de choses compliqu\u00e9es \u00e0 mettre en place et je naurais pas aim\u00e9 \u00eatre \u00e0 sa place, mais tout fonctionne tr\u00e8s bien et cest le v\u00e9ritable chef dorchestre de l\u00e9quipe. Le championnat du monde endurance motocycliste d\u00e9marre fort! En effet, les 15, 16 et 17 septembre 2017 se tenait la 81\u00e8me \u00e9dition du Bol dOr, sur le circuit Paul Ricard. Musique par Philippe Chany en 1986, a \u00e9t\u00e9 un tube en France, en Europe et en Am\u00e9rique Latine. Je pr\u00e9f\u00e8re laspect mat. Cest moins clinquant. Les yeux riv\u00e9s sur les diff\u00e9rents cadrans que lui propose le designer horloger S\u00e9bastien Perret, le pilote \u00e9gr\u00e8ne ses pr\u00e9f\u00e9rences. Le ma\u00eetre absolu des voies carrossables scrute chaque d\u00e9tail, en \u00e9vitant les commentaires superflus. Appliqu\u00e9 et taciturne, dans une ambiance pourtant d\u00e9tendue, il se montre introverti. La discr\u00e9tion quil souhaite pour la montre cens\u00e9e lui ressembler est bien celle quil affiche au naturel. <img decoding=\"async\" src=\"http:\/\/medias.lequipe.fr\/img-photo-jpg\/loeb-sebastien-fra\/1500000000693735\/0:164,1916:1129-624-416-75\/0c728.jpg\" alt=\"rencontre avec loeb\" align=\"left\"> Th\u00e9\u00e2tre La Compagnie Bouche \u00e0 Bouche et le festival les Nocturbaines pr\u00e9sentent Retrouvez-nous au salon des maires et des collectivit\u00e9s locales du 20 au 22 novembre Stand B 56 Pavillon 2.2 et \u00e0 Heavent du 27 au 29 novembre Stand E 38 http:www.rds.cahockeylnhequipeslandingpageSubjectsubject.sports.Hockey.NationalHockeyLeague.teams.5 Hockey Hockey Ligue nationale de hockey LNH Ligue nationale de hockey Derni\u00e8re \u00e9preuve abrasive de la saison, le repr\u00e9sente le paroxysme en mati\u00e8re dinfluence du balayage. Loeb subit sa position douvreur tout au long de la premi\u00e8re \u00e9tape et se retrouve une nouvelle fois impuissant devant les strat\u00e9gies mises en place par ses adversaires pour le laisser nettoyer la piste. Figurant parmi ces pilotes usant de tactiques peu \u00e9thiques, Ogier se voit communiquer par en labsence de le temps exact \u00e0 r\u00e9aliser pour se caler derri\u00e8re le champion du monde avant lultime \u00e9tape, engendrant pour la premi\u00e8re fois des tensions entre la marque aux chevrons et son fer de lance : L\u00e9quipe ne disposait pas des temps interm\u00e9diaires dOgier, alors dans le doute ils lui ont communiqu\u00e9 le temps \u00e0 r\u00e9aliser pour se caler derri\u00e8re moi au g\u00e9n\u00e9ral. Cest une belle strat\u00e9gie d\u00e9quipe \u00e7a me fait un peu rire. L\u00e9quipe a pr\u00e9f\u00e9r\u00e9 aider Ogier \u00e0 gagner ce rallye plut\u00f4t que maider \u00e0 gagner au championnat. Cest une bonne information pour la suite. D\u00e9sormais, on sait qui est le num\u00e9ro un : cest Ogier. LAlsacien parvient \u00e0 accrocher la deuxi\u00e8me place finale. Le balayage poursuit ses effets lors du, \u00e9preuve jusqualors \u00e9pargn\u00e9e par ce param\u00e8tre. Loeb continue dendurer son ordre de passage dans les sp\u00e9ciales ainsi que les strat\u00e9gies de fin d\u00e9tape mais parvient \u00e0 se maintenir aux avant-postes en usant de sa pointe de vitesse. Il sadjuge une nouvelle victoire, devenant ainsi le premier pilote non nordique \u00e0 simposer deux fois aux Mille Lacs, au terme dun duel serr\u00e9 contre son co\u00e9quipier parti \u00e0 la faute. \u00c9tats-Unis : Les plages rouvrent-10052020 Visionnez gratuitement les vid\u00e9os du programme Journal t\u00e9l\u00e9vis\u00e9-Sujet par sujet en streaming sur Auvio. Voir la vid\u00e9o  Nous avions laiss\u00e9 Deathstroke tentant de se racheter une conduite, aussi bien professionnelle quen tant que parent. Il avait pour cela pris la t\u00eate dune \u00e9quipe de h\u00e9ros r\u00e9unie par son ex-femme, qui travaillait pour le gouvernement, et dont faisaient partie ses enfants. Cest au volant dune Citro\u00ebn C-Elys\u00e9e que S\u00e9bastien Loeb abordera le championnat du monde des voitures de tourisme 2014. Si le nom du mod\u00e8le nest pas \u00e9vocateur, cest quil sagit dune variante tricorps de la C4, vendue en Am\u00e9rique latine, la Chine, le Russie et le bassin m\u00e9diterran\u00e9en. Des march\u00e9s o\u00f9 le WTCC fait escale et o\u00f9 Citro\u00ebn pourra v\u00e9hiculer son image de marque au travers du sport automobile. La C-Elys\u00e9e WTCC reprend le moteur 1.6 turbo de la DS3 WRC, d\u00e9veloppant ici 380 ch. Une cavalerie transmise \u00e0 la route par les seules roues avant au travers dune bo\u00eete s\u00e9quentielle \u00e0 6 rapports. <img decoding=\"async\" src=\"http:\/\/sf1.viepratique.fr\/wp-content\/uploads\/sites\/9\/2017\/01\/okimg_6467-750x410.jpg\" alt=\"rencontre avec loeb\" align=\"center\"> Dans les loges Volkswagen pour le championnat du monde de Rallycross, sur FFSA.org, 14 mai 2012 consult\u00e9 le 10 mars 2015. Vitabri sera pr\u00e9sent au 5\u00e8me congr\u00e8s national des managers de centres-villes et de territoires qui se d\u00e9roulera mercredi 5 juin au parc des expositions de la porte de Versailles de Paris. Le 4 octobre 2017, officialise son intention de rester impliqu\u00e9 sur la dur\u00e9e en rallycross avec S\u00e9bastien Loeb, et m\u00eame dy intensifier sa pr\u00e9sence au d\u00e9triment du rallye raid et dun \u00e9ventuel retour en. Ce choix est motiv\u00e9 par lattractivit\u00e9 de la discipline aupr\u00e8s du grand public, le co\u00fbt du programme moins exorbitant que les autres championnats du monde, ainsi que larriv\u00e9e \u00e0 lhorizon 2020 dune cat\u00e9gorie \u00e9lectrique en rallycross. Pr\u00e9sent pour la seconde \u00e9dition du salon Secours Expo, Vitabri a encore pu constater \u00e0 quel point les secouristes sont d\u00e9vou\u00e9s \u00e0 accomplir leurs missions.<\/p>\n","protected":false},"excerpt":{"rendered":"<p>rencontre avec loeb<\/p>\n","protected":false},"author":1,"featured_media":0,"comment_status":"closed","ping_status":"closed","sticky":false,"template":"","format":"standard","meta":{"footnotes":""},"categories":[1],"tags":[],"_links":{"self":[{"href":"http:\/\/versa-line.com\/site\/wp-json\/wp\/v2\/posts\/4837"}],"collection":[{"href":"http:\/\/versa-line.com\/site\/wp-json\/wp\/v2\/posts"}],"about":[{"href":"http:\/\/versa-line.com\/site\/wp-json\/wp\/v2\/types\/post"}],"author":[{"embeddable":true,"href":"http:\/\/versa-line.com\/site\/wp-json\/wp\/v2\/users\/1"}],"replies":[{"embeddable":true,"href":"http:\/\/versa-line.com\/site\/wp-json\/wp\/v2\/comments?post=4837"}],"version-history":[{"count":1,"href":"http:\/\/versa-line.com\/site\/wp-json\/wp\/v2\/posts\/4837\/revisions"}],"predecessor-version":[{"id":4838,"href":"http:\/\/versa-line.com\/site\/wp-json\/wp\/v2\/posts\/4837\/revisions\/4838"}],"wp:attachment":[{"href":"http:\/\/versa-line.com\/site\/wp-json\/wp\/v2\/media?parent=4837"}],"wp:term":[{"taxonomy":"category","embeddable":true,"href":"http:\/\/versa-line.com\/site\/wp-json\/wp\/v2\/categories?post=4837"},{"taxonomy":"post_tag","embeddable":true,"href":"http:\/\/versa-line.com\/site\/wp-json\/wp\/v2\/tags?post=4837"}],"curies":[{"name":"wp","href":"https:\/\/api.w.org\/{rel}","templated":true}]}}