{"id":4781,"date":"2020-09-29T22:05:25","date_gmt":"2020-09-29T22:05:25","guid":{"rendered":"http:\/\/versa-line.com\/site\/?p=4781"},"modified":"2020-09-24T09:27:42","modified_gmt":"2020-09-24T09:27:42","slug":"salon-rencontre-de-jardins-2012","status":"publish","type":"post","link":"http:\/\/versa-line.com\/site\/2020\/09\/29\/salon-rencontre-de-jardins-2012\/","title":{"rendered":"Salon Rencontre De Jardins 2012"},"content":{"rendered":"<p>Lassociation Pacte pour le jardin, dont Promojardin fait partie des membres fondateurs, vient douvrir son nouveau site : www.pacte-jardin.fr Le 1er d\u00e9cembre dernier, le groupe Premier Tech a officialis\u00e9 lacquisition, via sa filiale fran\u00e7aise Premier Tech Falienor implant\u00e9e \u00e0 Vivy Maine-et-Loire, de lactivit\u00e9 \u00e9corces de.. Plus dinformation aupr\u00e8s de : seb ou patrick-M.. <img decoding=\"async\" src=\"http:\/\/2.bp.blogspot.com\/-cQ-rAIV_K1Y\/T-ppvzwWIKI\/AAAAAAAACds\/1b1S3uelsDA\/s1600\/live-en-fete-champcevinel.jpg\" alt=\"salon rencontre de jardins 2012\" align=\"center\"> Jeudi 10 septembre dernier, P\u00e9n\u00e9lope Komit\u00e8s, adjointe \u00e0 la Maire de Paris, en charge des espaces verts, de la nature, de la biodiversit\u00e9 et des affaires fun\u00e9raires a inaugur\u00e9 220 m de.. Avec une information sur leur histoire mais aussi leurs besoins en mati\u00e8re organique et en eau, information sur la rotation des cultures, les plantes associ\u00e9es.. La mairie de Varinfroy et le Club C.A.R.O. Vous invite \u00e0 participer \u00e0 son 1er Auto R\u00e9tro lors de la f\u00eate communale et de sa brocante du village accueil des participants de 8 h 30 0 18 H; 29 et 30 septembre 2012 concours tuning auto moto. Samedi top n\u00e9on, barbecue g\u00e9ant, concert Johnny Ross, animations, stands d\u00e9mo country <img decoding=\"async\" src=\"http:\/\/www.vivrecotesud.fr\/images\/homeslides\/Cote_Decors_lAne_Bleu_AA_3915__1240_480.jpg\" alt=\"salon rencontre de jardins 2012\" align=\"left\">  Salon EquipH\u00f4tel 2012 : cest aussi pour les professionnels du bar Exposition de v\u00e9hicules anciens et de collections propir\u00e9taires de v\u00e9hicules, exposition gratuite <img decoding=\"async\" src=\"http:\/\/www.vivrecotesud.fr\/images\/AIX2016_234X266.jpg\" alt=\"salon rencontre de jardins 2012\" align=\"right\"> Ce week-end au centre Diagora-Lab\u00e8ge, le salon C\u00f4t\u00e9 jardin ouvre ses portes. Pour sa deuxi\u00e8me \u00e9dition, une centaine dexposants ont r\u00e9pondu pr\u00e9sent pour conseiller et aiguill\u00e9s les passionn\u00e9s du jardinage. Fond\u00e9e en 1946, la CS3D Chambre Syndicale D\u00e9ratisation, D\u00e9sinsectisation, D\u00e9sinfection est le syndicat de r\u00e9f\u00e9rence des principaux acteurs de lhygi\u00e8ne antiparasitaire protection contre.. Le Parlement europ\u00e9en a vot\u00e9 le 26 novembre dernier une r\u00e9solution sur le bien-\u00eatre animal qui se d\u00e9cline en 27 points dont voici les \u00e9l\u00e9ments principaux : Jean Pierre Bolognini, Thierry Th\u00e9venin, Ino Lammler-Pries, Ruth Stegassy 1 \u00c8RE BOURSE D \u00c9CHANGE ET EXPOSITION MOTOS ANCIENNES ET QUADS 2012 \u00e0 SORGEAT Jardin Nomade ist eine wundervolle Villa, welche keine W\u00fcnsche offen l\u00e4sst. Wir waren neun Personen, davon 3 Kinder im Alter von 4,6 und 8Jahren. Plus dinformation aupr\u00e8s de : asa beaune-Jeanclaude FRIONNET-Mail : janclod21yahoo.fr-Tel : 06 08 5.. Qui continuent \u00e0 fournir des produits de qualit\u00e9 pour le ravitaillement de tous.leSIAsoutientlesagris Du 27 au 29 mars au Centre St Exup\u00e9ry \u00e0 Franconville 95   Parcours comment\u00e9 : De la rose du jardinier \u00e0 la rose de lartiste Tous les 3\u00e8me dimanche du mois, Rendez-Vous informel pour une petite balade de 40KM dans la r\u00e9gion de Rambouillet. Le temps dune rencontre amicale dans le parc du Ch\u00e2teau de Rambouillet, le rendez-v.. La F\u00eate des Jardins a pour but de permettre la rencontre entre des professionnels de lhorticulture ornementale m\u00e9diterran\u00e9enne et un public damateurs et de collectionneurs. Elle permet ainsi la pr\u00e9sentation et la diffusion desp\u00e8ces attractives, particuli\u00e8res ou nouvelles dans le monde des jardins. En parall\u00e8le, des r\u00e9unions dinformation ont \u00e9t\u00e9 mises en place \u00e0 destination des institutions et des \u00e9coles pour attribuer des parcelles p\u00e9dagogiques dans un but de mixit\u00e9. Le centre de loisirs 3-11 ans, la maison de retraite du Doyenn\u00e9 du Baron, le foyer dadultes handicap\u00e9s Les Papillons Blancs et lassociation L.E.A ont r\u00e9pondu favorablement \u00e0 la proposition du collectif la premi\u00e8re ann\u00e9e. Passion cox oraganise sa 1 ere bourse couverte vw le dimanche 26 F\u00e9vrier 2012 Le prix dun emplacement de 4 x 2 m\u00e8tres est de 9 soit le prix dentr\u00e9e au Domaine du Rayol. Site publi\u00e9 par lAssociation Givernet, 38 route de Giverny, 27200 Vernon,.<\/p>\n","protected":false},"excerpt":{"rendered":"<p>salon rencontre de jardins 2012<\/p>\n","protected":false},"author":1,"featured_media":0,"comment_status":"closed","ping_status":"closed","sticky":false,"template":"","format":"standard","meta":{"footnotes":""},"categories":[1],"tags":[],"_links":{"self":[{"href":"http:\/\/versa-line.com\/site\/wp-json\/wp\/v2\/posts\/4781"}],"collection":[{"href":"http:\/\/versa-line.com\/site\/wp-json\/wp\/v2\/posts"}],"about":[{"href":"http:\/\/versa-line.com\/site\/wp-json\/wp\/v2\/types\/post"}],"author":[{"embeddable":true,"href":"http:\/\/versa-line.com\/site\/wp-json\/wp\/v2\/users\/1"}],"replies":[{"embeddable":true,"href":"http:\/\/versa-line.com\/site\/wp-json\/wp\/v2\/comments?post=4781"}],"version-history":[{"count":1,"href":"http:\/\/versa-line.com\/site\/wp-json\/wp\/v2\/posts\/4781\/revisions"}],"predecessor-version":[{"id":4782,"href":"http:\/\/versa-line.com\/site\/wp-json\/wp\/v2\/posts\/4781\/revisions\/4782"}],"wp:attachment":[{"href":"http:\/\/versa-line.com\/site\/wp-json\/wp\/v2\/media?parent=4781"}],"wp:term":[{"taxonomy":"category","embeddable":true,"href":"http:\/\/versa-line.com\/site\/wp-json\/wp\/v2\/categories?post=4781"},{"taxonomy":"post_tag","embeddable":true,"href":"http:\/\/versa-line.com\/site\/wp-json\/wp\/v2\/tags?post=4781"}],"curies":[{"name":"wp","href":"https:\/\/api.w.org\/{rel}","templated":true}]}}