{"id":4707,"date":"2020-09-29T10:24:03","date_gmt":"2020-09-29T10:24:03","guid":{"rendered":"http:\/\/versa-line.com\/site\/?p=4707"},"modified":"2020-09-24T07:57:55","modified_gmt":"2020-09-24T07:57:55","slug":"rencontres-jacques-cartier-lyon","status":"publish","type":"post","link":"http:\/\/versa-line.com\/site\/2020\/09\/29\/rencontres-jacques-cartier-lyon\/","title":{"rendered":"Rencontres Jacques Cartier Lyon"},"content":{"rendered":"<p> Le Marais, pendant le confinement Etat civil, restaurant Emeraude, Ephad, centres daction.. Ce symposium rassemblera 16 conf\u00e9renciers, issus notamment des universit\u00e9s du Qu\u00e9bec, de lIFSTTAR, du Conservatoire des Arts et M\u00e9tiers, et 70 participants venant du Qu\u00e9bec et de France. Ceux-ci sint\u00e9resseront aux innovations sociales et techniques pouvant contribuer au d\u00e9veloppement de villes inclusives favorisant la participation sociale des personnes ayant des incapacit\u00e9s physiques, sensorielles, mentales, psychiques ou cognitives.  <img decoding=\"async\" src=\"http:\/\/www.economie.grandlyon.com\/fileadmin\/user_upload\/fichiers\/images\/onlylyon_logo_bloc_blanc_2000.png\" alt=\"rencontres jacques cartier lyon\" align=\"right\"> rh\u00f4nalpin \u00e9largit et d\u00e9veloppe ses activit\u00e9s en direction du Qu\u00e9bec et Le colloque lumi\u00e8res urbaines propose de faire le point sur les actualit\u00e9s fran\u00e7aises et qu\u00e9b\u00e9coises de l\u00e9clairage des villes \u00e0 Lyon, \u00e0 partir dun \u00e9tat des lieux des instances, des organisations et des formations professionnelles. Seront ensuite d\u00e9clin\u00e9es les th\u00e9matiques de l\u00e9volution des normes au regard des enjeux soci\u00e9taux, et des politiques qui en d\u00e9coulent ou qui accompagnent, sur le mode de lexp\u00e9rimentation, le renouvellement des dispositifs techniques et organisationnels de l\u00e9clairage urbain. Sessions de conf\u00e9rences Originaire de Delhi, la photographe Dayanita Singh passe par la mise en sc\u00e8ne du r\u00e9el, mais aussi par la narration de lintime,.. La fabrication additive m\u00e9tallique : limportance de contr\u00f4ler la m\u00e9tallurgie sous-jacente. Visite et pr\u00c3sentation du lieu par Pierre Saccoman, pr\u00c3sident de lADAEP La France et le Canada se retrouvent \u00e0 Lyon et Clermont-Ferrand pour les entretiens Jacques Cartier-France 3 Auvergne-Rh\u00f4ne-Alpes Cet hiver, le mus\u00e9e Fabre pr\u00e9sente la premi\u00e8re exposition consacr\u00e9e \u00e0 Jean Ranc, peintre n\u00e9 \u00e0 Montpellier en 1674 et qui accomplit.. 102 Avenue Fran\u00e7ois Mitterand, 31800 Saint Gaudens Lyon et la r\u00e9gion Auvergne-Rh\u00f4ne-Alpes, m\u00e9tropole europ\u00e9enne et p\u00f4le \u00e9conomique majeur Le CLARA et lOncopole du Qu\u00e9bec proposent un parcours de conf\u00e9rences en canc\u00e9rologie pour la 32 \u00e9dition des Entretiens Jacques Cartier du 4 au 6 novembre 2019 au Qu\u00e9bec. Conseil en d\u00e9veloppement international Am\u00e9riques Quelles sont les situations o\u00f9 la transparence est n\u00e9cessaire et comment limpl\u00e9menter en pratique? Lampe \u00e0 poser Hilma de Pauline David, Light is More Philippe Meunier R\u00e9gion, Jean-Pierre Farandou Keolis, Karine Dognin-Sauze M\u00e9tropole de Lyon et Fr\u00e9d\u00e9ric Bove lors de la conf\u00e9rence de presse de lancement de la 31e \u00e9dition des Entretiens Jacques Cartier. Pour loccasion plus de 15 chercheurs qu\u00e9b\u00e9cois et fran\u00e7ais agiront \u00e0 titre de conf\u00e9renciers. Des repr\u00e9sentants de lindustrie seront aussi pr\u00e9sents notamment pour discuter de la production de cas cliniques en r\u00e9alit\u00e9 virtuelle.  Compte-tenu du contexte actuel li\u00e9 \u00e0 l\u00e9pid\u00e9mie du coronavirus Covid-19, les rassemblements et.. Lauteur a pass\u00e9 une partie de son enfance dans le Nord 17h45-18h15 : Fin du colloque-conclusions avec la salle <img decoding=\"async\" src=\"http:\/\/medias.estac.fr\/sites\/estac.fr\/images\/statique\/pages\/equipes\/groupe-professionnel\/img-statique-effectif-pro-une.jpg\" alt=\"rencontres jacques cartier lyon\" align=\"center\"> Rendez-vous sur la page d\u00e9di\u00e9 de lappel \u00e0 projets des 33e Entretiens Jacques Cartier : <img decoding=\"async\" src=\"http:\/\/www.kinncaids.gq\/44709-home_default\/chaussures-vans-u-authentic-platform-marshmallow.jpg\" alt=\"rencontres jacques cartier lyon\" align=\"left\">.<\/p>\n","protected":false},"excerpt":{"rendered":"<p>rencontres jacques cartier lyon<\/p>\n","protected":false},"author":1,"featured_media":0,"comment_status":"closed","ping_status":"closed","sticky":false,"template":"","format":"standard","meta":{"footnotes":""},"categories":[1],"tags":[],"_links":{"self":[{"href":"http:\/\/versa-line.com\/site\/wp-json\/wp\/v2\/posts\/4707"}],"collection":[{"href":"http:\/\/versa-line.com\/site\/wp-json\/wp\/v2\/posts"}],"about":[{"href":"http:\/\/versa-line.com\/site\/wp-json\/wp\/v2\/types\/post"}],"author":[{"embeddable":true,"href":"http:\/\/versa-line.com\/site\/wp-json\/wp\/v2\/users\/1"}],"replies":[{"embeddable":true,"href":"http:\/\/versa-line.com\/site\/wp-json\/wp\/v2\/comments?post=4707"}],"version-history":[{"count":1,"href":"http:\/\/versa-line.com\/site\/wp-json\/wp\/v2\/posts\/4707\/revisions"}],"predecessor-version":[{"id":4708,"href":"http:\/\/versa-line.com\/site\/wp-json\/wp\/v2\/posts\/4707\/revisions\/4708"}],"wp:attachment":[{"href":"http:\/\/versa-line.com\/site\/wp-json\/wp\/v2\/media?parent=4707"}],"wp:term":[{"taxonomy":"category","embeddable":true,"href":"http:\/\/versa-line.com\/site\/wp-json\/wp\/v2\/categories?post=4707"},{"taxonomy":"post_tag","embeddable":true,"href":"http:\/\/versa-line.com\/site\/wp-json\/wp\/v2\/tags?post=4707"}],"curies":[{"name":"wp","href":"https:\/\/api.w.org\/{rel}","templated":true}]}}