{"id":4683,"date":"2020-09-29T22:45:30","date_gmt":"2020-09-29T22:45:30","guid":{"rendered":"http:\/\/versa-line.com\/site\/?p=4683"},"modified":"2020-09-24T07:12:02","modified_gmt":"2020-09-24T07:12:02","slug":"les-rencontres-eco","status":"publish","type":"post","link":"http:\/\/versa-line.com\/site\/2020\/09\/29\/les-rencontres-eco\/","title":{"rendered":"Les Rencontres Eco"},"content":{"rendered":"<p>Fr\u00e9d\u00e9ric Coffy Xefi, S\u00e9gol\u00e8ne de Montgolfier Evolem Lisa Thevenet Accord Image , sur le site du minist\u00e8re de lInt\u00e9rieur consult\u00e9 le 7 ao\u00fbt 2019. RECRUTER SUR UN TERRITOIRE : PARTICIPEZ AUX RENCONTRES \u00c9CONOMIQUES LE 28 NOVEMBRE 2019 \u00c0 VANNES Les Rencontres de Plaine Commune Promotion et de la Miel-InserEco 93 LADEME soutient Rencontres \u00e9co-technologie sur lefficacit\u00e9 \u00e9nerg\u00e9tique dans lindustrie D\u00e9tails de la manifestation Quand : O 14h Lentraide et faire ensemble au sein des associations O 11h Performance Cet hiver, le ciel descend dans la montagne : une association qui a pour objectif, la transition \u00e9cologique globale! R\u00e9duire, composter, recycler et trier les d\u00e9chets sont lune de leurs missions. Soupe et verre de lamiti\u00e9 offerts par \u00c9cologie au Quotidien En effet, la fili\u00e8re de recyclage Piles et accumulateurs portables ne rencontre pas de probl\u00e8me avec les processus de conditionnement lithium mis en place, efficaces et respect\u00e9s par les acteurs de la fili\u00e8re. De nomnbreux exposants 2 Juin : Printemps de la Bio et Chevaux de Traits en Picardie En le lisant, quelles images, sensations, pens\u00e9es sinvitent en nous? Le volume de CEE susceptible d\u00eatre d\u00e9livr\u00e9 \u00e0 lop\u00e9ration sera de : <img decoding=\"async\" src=\"http:\/\/pacainfoeco.com\/wp-content\/uploads\/2018\/06\/rencontres_arles_2018-300x200.jpg\" alt=\"les rencontres eco\" align=\"center\"> Rencontres \u00e9co-r\u00e9gionales des gardes du littoral Antilles-Guyane TEMEUM <img decoding=\"async\" src=\"http:\/\/www.ecoemballages.fr\/sites\/default\/files\/images\/actualites\/image_03_se.jpg\" alt=\"les rencontres eco\" align=\"left\">   <img decoding=\"async\" src=\"http:\/\/www.eco-plainevallee.fr\/wp-content\/uploads\/sites\/2\/2017\/06\/PLAINE-VALLEE-RENCONTRES-214x300.jpg\" alt=\"les rencontres eco\" align=\"left\"> Ce formulaire de commentaire est prot\u00e9g\u00e9 contre les messages ind\u00e9sirables Inscription \u00e0 laccueil de la Salle Polyvalente le jour m\u00eame Il avait accueilli plus de 1,2 million de visiteurs en 2019. Ferm\u00e9 pendant la crise sanitaire, le mus\u00e9e parisien.. Construites en trois temps, ces rencontres th\u00e9matiques dune demi-journ\u00e9e permettent : IUT de Chamb\u00e9ry-10\u00e8me Rencontres de lEntreprise Eco Responsable 2.<\/p>\n","protected":false},"excerpt":{"rendered":"<p>les rencontres eco<\/p>\n","protected":false},"author":1,"featured_media":0,"comment_status":"closed","ping_status":"closed","sticky":false,"template":"","format":"standard","meta":{"footnotes":""},"categories":[1],"tags":[],"_links":{"self":[{"href":"http:\/\/versa-line.com\/site\/wp-json\/wp\/v2\/posts\/4683"}],"collection":[{"href":"http:\/\/versa-line.com\/site\/wp-json\/wp\/v2\/posts"}],"about":[{"href":"http:\/\/versa-line.com\/site\/wp-json\/wp\/v2\/types\/post"}],"author":[{"embeddable":true,"href":"http:\/\/versa-line.com\/site\/wp-json\/wp\/v2\/users\/1"}],"replies":[{"embeddable":true,"href":"http:\/\/versa-line.com\/site\/wp-json\/wp\/v2\/comments?post=4683"}],"version-history":[{"count":1,"href":"http:\/\/versa-line.com\/site\/wp-json\/wp\/v2\/posts\/4683\/revisions"}],"predecessor-version":[{"id":4684,"href":"http:\/\/versa-line.com\/site\/wp-json\/wp\/v2\/posts\/4683\/revisions\/4684"}],"wp:attachment":[{"href":"http:\/\/versa-line.com\/site\/wp-json\/wp\/v2\/media?parent=4683"}],"wp:term":[{"taxonomy":"category","embeddable":true,"href":"http:\/\/versa-line.com\/site\/wp-json\/wp\/v2\/categories?post=4683"},{"taxonomy":"post_tag","embeddable":true,"href":"http:\/\/versa-line.com\/site\/wp-json\/wp\/v2\/tags?post=4683"}],"curies":[{"name":"wp","href":"https:\/\/api.w.org\/{rel}","templated":true}]}}