{"id":4625,"date":"2020-09-29T03:25:37","date_gmt":"2020-09-29T03:25:37","guid":{"rendered":"http:\/\/versa-line.com\/site\/?p=4625"},"modified":"2020-09-24T04:33:12","modified_gmt":"2020-09-24T04:33:12","slug":"the-rencontres-d-arles","status":"publish","type":"post","link":"http:\/\/versa-line.com\/site\/2020\/09\/29\/the-rencontres-d-arles\/","title":{"rendered":"The Rencontres D Arles"},"content":{"rendered":"<p>L\u00cbTZ ARLES, pr\u00e9sentation de deux expositions monographiques, Aedicula de Claudia Passeri et Resonance de Krystyna Dul selectionn\u00e9es par un jury international Ouvert depuis le 25 ao\u00fbt 2010, le magasin IKEA de Reims, situ\u00e9 dans le parc dactivit\u00e9s Mill\u00e9sime. 6. : Benedikt Bock. Alexander Hall 2017. Avec laimable autorisation de Collection Fotomuseum Winterthur. Make th e tour of Euro pe : Barcelona, Saragossa, San Sebastien, Marbella, Valenc ia, Ovi edo, Arles Internationa l Meetings of Photography. Raymond Depardon, Une journ\u00e9e au SHAPE Rocquencourt, 1962 TAMECPADD\u00e9fensePAR 79-8 12h10. Le ministre de la Sant\u00e9 \u00e0 lAssembl\u00e9e nationale : Jinvite chacun \u00e0 \u00e9viter de se transformer en pr\u00e9dicateur de lapocalypse 17h06. Le march\u00e9 fran\u00e7ais de la bi\u00e8re pourrait reculer de 30 \u00e0 40 en 2020 Autres invit\u00e9s des Rencontres 88 :,,,,,,,,,,,,,,,,,,,,,,,,,,,. Ainsi que,,,,,, invit\u00e9s \u00e0 commenter leur projection priv\u00e9e lors des soir\u00e9es au, o\u00f9 organise un d\u00e9fil\u00e9 exceptionnel. Nous vous conseillons une pause d\u00e9jeuner dans le charmant restaurant La Mamma, au 20 rue de lAmphith\u00e9\u00e2tre. Cest simple, bon et pas cher. Vous aurez besoin de reprendre des forces pour attaquer votre apr\u00e8s-midi aux Ateliers. Lapr\u00e8s-midi aux ateliers!  Agence d\u00e9di\u00e9e \u00e0 la recherche demploi et aux recrutements, inscriptions et indemnisations. Veuillez entrer votre adresse e-mail pour cr\u00e9er un compte. <img decoding=\"async\" src=\"http:\/\/www.scglondon.com\/wp-content\/uploads\/2012\/06\/Arles-3.jpg\" alt=\"the rencontres d arles\" align=\"right\"> : les textes sont disponibles sous ; dautres conditions peuvent sappliquer. Voyez les pour plus de d\u00e9tails, ainsi que les. En cas de r\u00e9utilisation des textes de cette page, voyez. <img decoding=\"async\" src=\"http:\/\/menschmaus.eu\/wp-content\/uploads\/2018\/04\/20170703_L1390967.jpg\" alt=\"the rencontres d arles\" align=\"right\"> Le prochain Marathon de la Somme aura lieu le 13 octobre 2018. Marathon de la Somme :.. Info trafic et voyageurs 0 result for this filter SAV 0 result for this filter Promo 0 result for this filter Actualit\u00e9s 0 result for this filter Espace Presse 0 result for this filter Services voyageurs 0 result for this filter Services voyageurs pro 0 result for this filter Boutiques Bornes 0 result for this filter Cartes et tarifs 0 result for this filter Profil du groupe 0 result for this filter B2B et filiales 0 result for this filter Fournisseurs 0 result for this filter International 0 result for this filter Copyright 2020 THE GOOD ARLES Tous droits r\u00e9serv\u00e9s Concoct\u00e9 par Sam Stourdz\u00e9, Directeur des Rencontres dArles le 12 mars 2019 \u00c0 budget constant un peu plus de 7 millions deuros, le festival c\u00e9l\u00e8bre son jubil\u00e9 avec 50 expositions. Son succ\u00e8s grandissant lui vaut un rayonnement d\u00e9passant la seule ville dArles. Est-il devenu une marque? Seconde remarque ; ne pas avoir parler de l expo. Mathieu Ricard, de l autre c\u00f4t\u00e9 du pont du Rhone. Une sublime qualit\u00e9 de grands tirages ; \u00e0 mourir du plaisir de l oeil. Source : Temps de lecture estim\u00e9 : 8 min. Scoop\u00e9 le 5 septembre 2019 Mots cl\u00e9s : En ces temps de jeunisme, Gilbert Garcin ose tendre, en guise de miroir \u00e0 ses contemporains stress\u00e9s et angoiss\u00e9s, son corps et son visage de vieux. Et \u00e7a marche, ils sidentifient! Galeristes, professionnels de lart, \u00e9diteurs et critiques sentichent de cette \u0153uvre \u00e0 la fois universelle et unique qui senrichit, en vingt ans, de plus de 330 images. Le public adore et ach\u00e8te. Internet senflamme. Lartiste r\u00e8gne bient\u00f4t sur un site qui attire lattention du Japon au Canada et \u00e0 lAustralie. Je pars toujours dune correspondance entre la r\u00e9alit\u00e9 et une abstraction. Apr\u00e8s, cest lhumeur qui d\u00e9cide. \u00c7a coule naturellement, comme l\u00e9criture automatique  Fictions : Ayahuasca: Kosmik Journey, Bonfire, Gloomy Eyes: First Light, Luna, Luna: Moondust Garden, 7 Lives.  Le directeur actuel des Rencontres organise en plus deux conf\u00e9rences de presse. Celle dArles, tenue \u00e0 la mairie un merveilleux b\u00e2timent du XVIIe si\u00e8cle, a bien eu lieu le 12 mars. Celle de Paris na pas pu se d\u00e9rouler le 13 mars qui \u00e9tait, jour de malheur, un vendredi. La chape de plomb \u00e9tait tomb\u00e9e sur la France comme sur une bonne partie du monde. Cest donc par t\u00e9l\u00e9phone que ma cons\u0153ur Val\u00e9rie Duponchelle a consult\u00e9 un Sam Stourdz\u00e9 confin\u00e9. Lhomme sest confi\u00e9 \u00e0 la dame du Figaro. Quelques \u00e9tats d\u00e2me, puis un choix dans le programme. Un programme comme de coutume trop copieux et il y a encore en juillet le off, qui comptait pass\u00e9 140 \u00e9v\u00e9nements en 2019. Sachez que la pand\u00e9mie oblige \u00e0 tout repenser, tout r\u00e9inventer. Avec optimisme. Nous sommes d\u00e9cid\u00e9 \u00e0 faire l\u00e9dition 2020 co\u00fbte que co\u00fbte. Tout cela finit par un coup de chapeau \u00e0 la France. Elle vient de retenir la candidature de Sam \u00e0 la Villa M\u00e9dicis, o\u00f9 il devrait entrer en fonction d\u00e9but septembre. Plus que jamais, je suis heureux de vivre cette situation en France et de mesurer la force du syst\u00e8me que nous d\u00e9fendons. L\u00e0, notre ami fait du z\u00e8le! <img decoding=\"async\" src=\"http:\/\/scd.rfi.fr\/sites\/filesrfi\/imagecache\/rfi_16x9_1024_578\/sites\/images.rfi.fr\/files\/aef_image\/exposition-the-train_0.jpg\" alt=\"the rencontres d arles\" align=\"left\"> Vik Muniz, Saint Georges et le dragon, dapr\u00e8s Gustave Moreau 2018. Vik Muniz Voil\u00e0. A part cela le Mus\u00e9e Arlaten, consacr\u00e9 \u00e0 lhistoire locale, dont la ville annonce rituellement la r\u00e9ouverture chaque ann\u00e9e, aurait d\u00fb \u00eatre pr\u00eat ce printemps. Celle-ci se verra donc repouss\u00e9e. Vu les circonstances actuelles, mieux vaut cependant ne pas en faire des gorges chaudes. Ce nest pas cette fois une gal\u00e9jade de plus. Un mot proven\u00e7al sil en est pourtant. Pratique Kering et Les Rencontres dArles remettront le Prix Women In Motion 2019 pour la photographie \u00e0 Susan Meiselas Kering.<\/p>\n","protected":false},"excerpt":{"rendered":"<p>the rencontres d arles<\/p>\n","protected":false},"author":1,"featured_media":0,"comment_status":"closed","ping_status":"closed","sticky":false,"template":"","format":"standard","meta":{"footnotes":""},"categories":[1],"tags":[],"_links":{"self":[{"href":"http:\/\/versa-line.com\/site\/wp-json\/wp\/v2\/posts\/4625"}],"collection":[{"href":"http:\/\/versa-line.com\/site\/wp-json\/wp\/v2\/posts"}],"about":[{"href":"http:\/\/versa-line.com\/site\/wp-json\/wp\/v2\/types\/post"}],"author":[{"embeddable":true,"href":"http:\/\/versa-line.com\/site\/wp-json\/wp\/v2\/users\/1"}],"replies":[{"embeddable":true,"href":"http:\/\/versa-line.com\/site\/wp-json\/wp\/v2\/comments?post=4625"}],"version-history":[{"count":1,"href":"http:\/\/versa-line.com\/site\/wp-json\/wp\/v2\/posts\/4625\/revisions"}],"predecessor-version":[{"id":4626,"href":"http:\/\/versa-line.com\/site\/wp-json\/wp\/v2\/posts\/4625\/revisions\/4626"}],"wp:attachment":[{"href":"http:\/\/versa-line.com\/site\/wp-json\/wp\/v2\/media?parent=4625"}],"wp:term":[{"taxonomy":"category","embeddable":true,"href":"http:\/\/versa-line.com\/site\/wp-json\/wp\/v2\/categories?post=4625"},{"taxonomy":"post_tag","embeddable":true,"href":"http:\/\/versa-line.com\/site\/wp-json\/wp\/v2\/tags?post=4625"}],"curies":[{"name":"wp","href":"https:\/\/api.w.org\/{rel}","templated":true}]}}