{"id":4603,"date":"2020-09-29T05:15:34","date_gmt":"2020-09-29T05:15:34","guid":{"rendered":"http:\/\/versa-line.com\/site\/?p=4603"},"modified":"2020-09-24T03:39:21","modified_gmt":"2020-09-24T03:39:21","slug":"centre-de-loisirs-et-de-rencontres-de-thonex","status":"publish","type":"post","link":"http:\/\/versa-line.com\/site\/2020\/09\/29\/centre-de-loisirs-et-de-rencontres-de-thonex\/","title":{"rendered":"Centre De Loisirs Et De Rencontres De Thonex"},"content":{"rendered":"<p>Quatre Kosovars r\u00e9pondront de leurs actes d\u00e8s mardi devant Un atelier dillustration et d\u00e9criture o\u00f9 chaque enfant cr\u00e9e son propre livre, avec reliure artisanale r\u00e9alis\u00e9e par l\u00e9quipe de latelier. Et gr\u00e2ce \u00e0 vous, \u00e0 votre pr\u00e9sence, \u00e0 votre soutien, \u00e0 votre aide, \u00e0 votre patience..  Partenaires fondateurs DOSSIER DE PRESSE Dossier de presse Fais-nous r\u00eaver-fondation GDF SUEZ Fais-nous r\u00eaver-fondation GDF SUEZ, Construisons ensemble des voies nouvelles pour un sport utile \u00e0 tous Saska Circus, D\u00e9partement de lInstruction Publique, Gen\u00e8ve Saska Circus, Association Lumi\u00e8re pour Ha\u00efti Les briques LEGO, vous \u00eates fan? Convaincus de leur int\u00e9r\u00eat p\u00e9dagogique? <img decoding=\"async\" src=\"http:\/\/www.life.alwaysgreatsmile.com\/wp-content\/uploads\/2017\/03\/10-03-17-Audi-Best-Consumer-Report.jpg\" alt=\"centre de loisirs et de rencontres de thonex\" align=\"left\"> Du lundi au vendredi, les services daccueil des centres daction sociale sont \u00e0 votre disposition pour vous renseigner. Vous avez entre 18 et 25 ans? Nous vous accompagnons au mieux pour vos premiers pas dans la vie dadulte Ecrivez-nous \u00e0 en nous pr\u00e9cisant les vacances que vous recherchez pour votre enfant. Bo\u00eete \u00e0 id\u00e9es pour remplir la fiche de poste Activit\u00e9s 1 1. Pilotage, management Direction Informer et aider les \u00e9lus \u00e0 la d\u00e9cision D\u00e9finir ou participer \u00e0 la d\u00e9finition de la strat\u00e9gie de la direction  Chiffres-cl\u00e9s, newsletter, documents.. Tout savoir sur notre institution 1 ASSOCIATION HABITER ENFIN! Loi de 1901 STATUTS ARTICLE 1-DENOMINATION La pr\u00e9sente Association a pour d\u00e9nomination : Habiter Enfin. ARTICLE 2-SIEGE Le si\u00e8ge de l association est fix\u00e9 au : 14 Retrait\u00e9s, vous souhaitez en apprendre davantage sur les animations et vacances que nous proposons Site Rencontre Sexe France? Rencontre Sans Lendemain 83. Linsertion est au c\u0153ur de notre dispositif. Elle permet \u00e0 ceux qui en ont besoin de reprendre confiance, de recr\u00e9er un lien social ou de retrouver un emploi. <img decoding=\"async\" src=\"http:\/\/www.memgoforlag.tk\/upload\/podcasts\/photos\/first\/582ae1ff8ffbb8.69878699_mini.jpg\" alt=\"centre de loisirs et de rencontres de thonex\" align=\"center\"> 1958 :-Premi\u00e8re exposition importante Vend 35 toiles F\u00eate de la Maison de Quartiers et Faites de la place vide grenier R\u00e9servation jusquau 25 d\u00e9cembre au 0041.79.658.33.91 Malik. \u03a3\u03c7\u03bf\u03bb\u03ae \u03be\u03b5\u03bd\u03b1\u03b3\u03ce\u03bd 2016 airshop.gr \u03b5\u03ba\u03b1\u03c4\u03bf\u03bd\u03c4\u03b1\u03b5\u03c4\u03b7\u03c1\u03af\u03b4\u03b1 \u03c3\u03c4\u03b1 \u03b1\u03b3\u03b3\u03bb\u03b9\u03ba\u03b1 Ecole pour enfant pr\u00e9coces-Ecole pour enfant surdou\u00e9 Stage de musique le samedi et pendant les vacances.  organiser des \u00e9v\u00e9nements th\u00e9matiques : Forum jobs d\u00e9t\u00e9, de lapprentissage, s\u00e9ances de recrutement avec un employeur. \u038c\u03bb\u03b5\u03c2 \u03bf\u03b9 \u03c0\u03cc\u03bb\u03b5\u03b9\u03c2 \u03c3\u03b5 \u0393\u03b1\u03bb\u03bb\u03b9\u03ba\u03ae \u0393\u03bf\u03c5\u03b9\u03ac\u03bd\u03b1 \u03b3\u03b9\u03b1 \u03c6\u03b8\u03b7\u03bd\u03ac \u03b1\u03b5\u03c1\u03bf\u03c0\u03bf\u03c1\u03b9\u03ba\u03ac \u03b5\u03b9\u03c3\u03b9\u03c4\u03ae\u03c1\u03b9\u03b1 <img decoding=\"async\" src=\"http:\/\/nunchakkus.gq\/image\/5a675ac1cab9d_vfO-_Y63fR3h4VdqrlY_IGW8JEA.png\" alt=\"centre de loisirs et de rencontres de thonex\" align=\"left\"> 11 ACTIONS ENTRETIEN ET D\u00c9VELOPPEMENT DU R\u00c9SEAU La Coordination s est r\u00e9unie les 20 janvier, 10 mars, 5 mai, 16 juin, 15 septembre et 17 novembre 2011, respectivement \u00e0 La Source, \u00e0 la Maison de quartier des Asters-Servette, \u00e0 Pr\u00e9-en-Bulle, \u00e0 la Maison de quartier des Acacias puis \u00e0 celle des Eaux-Vives. Outre ses obligations ordinaires telles que r\u00e9unir les demandes des subventions de fonctionnement, des deux tranches de la subvention Projets de culture de proximit\u00e9, des deux tranches de la subvention mat\u00e9riel, \u00e9quipement et travaux, etc, analyser le pr\u00e9avis qu \u00e9met le Service de la jeunesse et \u00e9laborer d \u00e9ventuelles r\u00e9ponses, n\u00e9gocier des possibles propositions et d \u00e9ventuelles directives \u00e0 venir, r\u00e9diger un bilan de ses activit\u00e9s annuelles, la Coordination a continu\u00e9 l ann\u00e9e durant \u00e0 se pencher sur les travaux de ses deux groupes de travail qui planchaient, d une part, avec la Ville de Gen\u00e8ve sur l adaptation du mod\u00e8le de convention tripartite et, d autre part, avec la Ville de Gen\u00e8ve et le Groupement intercommunal des activit\u00e9s parascolaires GIAP sur l accueil continu des enfants de quatre \u00e0 quinze ans. Sans compter la rencontre du 15 f\u00e9vrier 2011 avec Manuel Tornare, encore Conseiller administratif du D\u00e9partement de la coh\u00e9sion sociale des sports et des \u00e9coles, et ses \u00e9quipes, puis celle du 22 septembre 2011 avec Esther Alder, nouvelle Conseill\u00e8re administrative du tout nouvellement relook\u00e9 D\u00e9partement de la coh\u00e9sion sociale et de la jeunesse. Mais ce ne sont pas l\u00e0 les seuls objets qui retinrent son attention.. La Coordination a continu\u00e9, notamment, ses n\u00e9gociations sur les probl\u00e8mes de voirie lors des f\u00eates de quartiers organis\u00e9es par les associations de centres en ville de Gen\u00e8ve, ses r\u00e9flexions sur le R\u00e8glement interne de la FASe, ses interrogations sur les nouvelles exigences de formation pour la conduite des minibus, son \u00e9tude des processus relatifs \u00e0 l appel \u00e0 projet lanc\u00e9 par la ville de Gen\u00e8ve ainsi que la diffusion desdits projets aupr\u00e8s des quinze associations de centres concern\u00e9es, sa collaboration avec le service de la jeunesse, anciennement la D\u00e9l\u00e9gation \u00e0 la jeunesse, sur de nouvelles proc\u00e9dures de financement de l \u00e9quipement et des centres a\u00e9r\u00e9s. La F\u00e9d\u00e9ration est inform\u00e9e des activit\u00e9s de la Coordination, re\u00e7oit les ordres du jour et les proc\u00e8s-verbaux, est invit\u00e9e \u00e0 apporter des pr\u00e9cisions sur des objets qui pr\u00e9occuperaient les associations de centres ouet bien les \u00e9clairer sur des nouveaut\u00e9s. Pr\u00e9sence dans les regroupements Groupes de Centres FCLR Jardins Robinson-Terrains d Aventures Le groupe r\u00e9unissant les pr\u00e9sidentes ou d\u00e9l\u00e9gu\u00e9es des Jardins Robinson et des Terrains d Aventures du canton s est r\u00e9uni une seule fois cette ann\u00e9e : le 5 mars, sur demande d un membre. Le th\u00e8me central de cette s\u00e9ance a \u00e9t\u00e9 de discuter du document en pr\u00e9paration par les professionnels du JRTA sur l accueil libre. La r\u00e9gionalisation de la FASe va-t-elle sonner le glas de ce groupe? Pour la FCLR, les pr\u00e9occupations sp\u00e9cifiques de ces centres devraient pouvoir se poursuivre, toutefois peut-\u00eatre \u00e0 un rythme semestriel. Un sondage aupr\u00e8s des membres de ce groupe sera propos\u00e9. Suburbains A nouveau, ce groupe ne s est pas r\u00e9uni en Contrairement \u00e0 la coordination des Centres-Ville de Gen\u00e8ve ou au groupe Jardins Robinson Terrains d Aventures, ce groupe diss\u00e9min\u00e9 sur toute l \u00e9tendue du canton et ayant des probl\u00e9matiques locales relativement \u00e9loign\u00e9es, n a jamais vraiment d\u00e9coll\u00e9. Le d\u00e9coupage de la FASe en plusieurs r\u00e9gions qui ne recoupent pas les groupes de Centres FCLR sauf pour la commune Ville de Gen\u00e8ve, n a pas incit\u00e9 le comit\u00e9 FCLR \u00e0 renouveler l organisation de rencontres. Les associations membres devront d\u00e9cider du sort de ce groupe. Pr\u00e9sence dans les regroupements Assembl\u00e9es g\u00e9n\u00e9rales de la FCLR En 2011, la FCLR a organis\u00e9 trois assembl\u00e9es g\u00e9n\u00e9rales : 27 janvier \u00e0 la MQ des Asters Adh\u00e9sion de l association de la MQ des Libellules Discussion et vote sur le projet de R\u00e8glement interne de la FASe 26 mai, Assembl\u00e9e statutaire \u00e0 l Orangerie du Parc Chuit Lancy et F\u00eate de l anniversaire des 40 ans de la FCLR Discours de Monsieur Charles Beer, Conseiller d \u00e9tat Adoption des rapports et \u00e9lection des membres du comit\u00e9 et des commissions ainsi que des v\u00e9rificateurs aux comptes Perspectives et programme d action Invitation \u00e0 la partie festive 8 d\u00e9cembre Report\u00e9e en d\u00e9but d ann\u00e9e.<\/p>\n","protected":false},"excerpt":{"rendered":"<p>centre de loisirs et de rencontres de thonex<\/p>\n","protected":false},"author":1,"featured_media":0,"comment_status":"closed","ping_status":"closed","sticky":false,"template":"","format":"standard","meta":{"footnotes":""},"categories":[1],"tags":[],"_links":{"self":[{"href":"http:\/\/versa-line.com\/site\/wp-json\/wp\/v2\/posts\/4603"}],"collection":[{"href":"http:\/\/versa-line.com\/site\/wp-json\/wp\/v2\/posts"}],"about":[{"href":"http:\/\/versa-line.com\/site\/wp-json\/wp\/v2\/types\/post"}],"author":[{"embeddable":true,"href":"http:\/\/versa-line.com\/site\/wp-json\/wp\/v2\/users\/1"}],"replies":[{"embeddable":true,"href":"http:\/\/versa-line.com\/site\/wp-json\/wp\/v2\/comments?post=4603"}],"version-history":[{"count":1,"href":"http:\/\/versa-line.com\/site\/wp-json\/wp\/v2\/posts\/4603\/revisions"}],"predecessor-version":[{"id":4604,"href":"http:\/\/versa-line.com\/site\/wp-json\/wp\/v2\/posts\/4603\/revisions\/4604"}],"wp:attachment":[{"href":"http:\/\/versa-line.com\/site\/wp-json\/wp\/v2\/media?parent=4603"}],"wp:term":[{"taxonomy":"category","embeddable":true,"href":"http:\/\/versa-line.com\/site\/wp-json\/wp\/v2\/categories?post=4603"},{"taxonomy":"post_tag","embeddable":true,"href":"http:\/\/versa-line.com\/site\/wp-json\/wp\/v2\/tags?post=4603"}],"curies":[{"name":"wp","href":"https:\/\/api.w.org\/{rel}","templated":true}]}}