{"id":4537,"date":"2020-09-29T05:43:46","date_gmt":"2020-09-29T05:43:46","guid":{"rendered":"http:\/\/versa-line.com\/site\/?p=4537"},"modified":"2020-09-24T00:34:23","modified_gmt":"2020-09-24T00:34:23","slug":"rencontre-vieux-tracteurs-suisse","status":"publish","type":"post","link":"http:\/\/versa-line.com\/site\/2020\/09\/29\/rencontre-vieux-tracteurs-suisse\/","title":{"rendered":"Rencontre Vieux Tracteurs Suisse"},"content":{"rendered":"<p>Dont les clich\u00e9s ressemblent \u00e0 sy m\u00e9prendre \u00e0 des peintures. Tout un art. Mus\u00e9e de lautomobile et du tracteur au bord du lac de Constance A la fin du mois, il y a Villeret, cest \u00e0 40 km de la Br\u00e9vine direction Bienne, dans le Vallon de St Imier. Cest toujours une tr\u00e8s belle expo.. Pouru-aux-bois 08 Contact : Denis Fourrier au 06 88 87 40 66 Contact : Laurence Balseau 071880 985 ou www.villers.be  Ce week-end, Bernex a vibr\u00e9 pour laccord\u00e9on schwytzois Tribune de Gen\u00e8ve Exposition de 85 tracteurs et de mat\u00e9riels anciens. D\u00e9monstrations de r\u00e9colte du foin dhier \u00e0 aujourdhui, depuis le cheval jusquaux \u00e9quipements actuels. D\u00e9fil\u00e9 \u00e0 11h. Moteurs fixes et m\u00e9tiers dautrefois. Programme non contractuel peut subir quelques modifications. Samedi 21 mars 2020 09:00-dimanche 22 mars 2020 17:00 Si le c\u0153ur lui en dit, votre enfant pourra d\u00e9couvrir lexposition \u00e0 bord dun tracteur \u00e0 p\u00e9dales. En outre, certains objets dexposition interactifs invitent vos bambins \u00e0 entrer en contact \u00e9troit avec le pass\u00e9. Les tout-petits sont \u00e9galement les bienvenus: ils peuvent commencer la visite du mus\u00e9e \u00e0 bord dune poussette, et m\u00eame M\u00e9dor ne devra pas attendre \u00e0 la porte que sa famille revienne. \u00c0 noter toutefois que la visite peut durer un bon moment au vu de lint\u00e9r\u00eat des objets expos\u00e9s. Si apr\u00e8s toutes ces histoires du pass\u00e9, vous souhaitez reprendre des forces dans le pr\u00e9sent, le propose une carte tr\u00e8s all\u00e9chante. Et la vue sur la mer de Souabe est incluse. \u00c2ge de pierre, fi\u00e8vre insulaire et adorables singes: excursions pr\u00e8s de Uhldingen-M\u00fchlhofen Du 3 au 5 Novembre 2020 : Expoprotection Paris Porte de Versailles <img decoding=\"async\" src=\"http:\/\/www.20th.ch\/tracteur_Lanz_Bulldog.jpg\" alt=\"rencontre vieux tracteurs suisse\" align=\"right\"> Bonjour \u00e0 tous, pour la 6e \u00e9dition de la rencontre des tracteurs anciens de Charrat nous vous souhaitons la bienvenue le 20 juillet 2019 \u00e0 la rue des Gd-Mara\u00eeches 26 \u00e0 10h. Nous vous invitons \u00e0 visiter ce site pour vous plonger dans cette ambiance. Merci \u00e0 ceux qui viennent de loin T\u00e9l : 41 032 421 70 40-Fax : 41 032 421 70 27&#8211; <img decoding=\"async\" src=\"http:\/\/clicenfance.com\/img\/7e51a7e08b1725b6d1d4858e19fa22c9.jpg\" alt=\"rencontre vieux tracteurs suisse\" align=\"left\"> <img decoding=\"async\" src=\"http:\/\/www.nice.10000koans.com\/bibliotheque_image\/Actualites\/decembre\/20171201_tracteur_electrique_vignerons_independants_sitevi.jpg\" alt=\"rencontre vieux tracteurs suisse\" align=\"center\">  Tous droits de reproduction et de repr\u00e9sentation r\u00e9serv\u00e9s. 2020 Agence France-Presse. Toutes les informations texte, photo, vid\u00e9o, infographie fixe ou anim\u00e9e, contenu sonore ou multim\u00e9dia reproduites dans cette page sont prot\u00e9g\u00e9es par la l\u00e9gislation en vigueur sur les droits de propri\u00e9t\u00e9 intellectuelle. Par cons\u00e9quent, toute reproduction, repr\u00e9sentation, modification, traduction, exploitation commerciale ou r\u00e9utilisation de quelque mani\u00e8re que ce soit est interdite sans laccord pr\u00e9alable \u00e9crit de lAFP, \u00e0 lexception de lusage non commercial personnel. LAFP ne pourra \u00eatre tenue pour responsable des retards, erreurs, omissions qui ne peuvent \u00eatre exclus dans le domaine des informations de presse, ni des cons\u00e9quences des actions ou transactions effectu\u00e9es sur la base de ces informations. AFP et son logo sont des marques d\u00e9pos\u00e9es Exposition de 50 tracteurs et divers mat\u00e9riels anciens. D\u00e9fil\u00e9 des tracteurs. Vous voulez participer? R\u00e9servez votre place par email \u00e0. Incluses dans ladh\u00e9sion \u00e0 la FFCC ou optionnelles, elles vous permettent de voyager en toute s\u00e9curit\u00e9, que vous soyez en tente, en camping-car, en mobil-home ou en caravane statique. Consultez-nous et profitez de nos offres cibl\u00e9es! VOLTERA Le Balze. Parking r\u00e9serv\u00e9 AUTO RETRO PASSION 49.  Exposition de voitures, poids lourds, deux-roues avec ou sans moteur, 20 \u00e0 30 tracteurs anciens. Une f\u00eate particuli\u00e8rement bien r\u00e9ussie sous un beau et chaud soleil, avec la contribution denviron 80 b\u00e9n\u00e9voles. Lamicale des Savigny de France et de Suisse rassemble 26 villages qui ont le m\u00eame toponyme. 23 \u00e9taient repr\u00e9sent\u00e9s. Pour des propri\u00e9taires fonciers dans les cantons de NE, BE et SO, nous recherchons un.<\/p>\n","protected":false},"excerpt":{"rendered":"<p>rencontre vieux tracteurs suisse<\/p>\n","protected":false},"author":1,"featured_media":0,"comment_status":"closed","ping_status":"closed","sticky":false,"template":"","format":"standard","meta":{"footnotes":""},"categories":[1],"tags":[],"_links":{"self":[{"href":"http:\/\/versa-line.com\/site\/wp-json\/wp\/v2\/posts\/4537"}],"collection":[{"href":"http:\/\/versa-line.com\/site\/wp-json\/wp\/v2\/posts"}],"about":[{"href":"http:\/\/versa-line.com\/site\/wp-json\/wp\/v2\/types\/post"}],"author":[{"embeddable":true,"href":"http:\/\/versa-line.com\/site\/wp-json\/wp\/v2\/users\/1"}],"replies":[{"embeddable":true,"href":"http:\/\/versa-line.com\/site\/wp-json\/wp\/v2\/comments?post=4537"}],"version-history":[{"count":1,"href":"http:\/\/versa-line.com\/site\/wp-json\/wp\/v2\/posts\/4537\/revisions"}],"predecessor-version":[{"id":4538,"href":"http:\/\/versa-line.com\/site\/wp-json\/wp\/v2\/posts\/4537\/revisions\/4538"}],"wp:attachment":[{"href":"http:\/\/versa-line.com\/site\/wp-json\/wp\/v2\/media?parent=4537"}],"wp:term":[{"taxonomy":"category","embeddable":true,"href":"http:\/\/versa-line.com\/site\/wp-json\/wp\/v2\/categories?post=4537"},{"taxonomy":"post_tag","embeddable":true,"href":"http:\/\/versa-line.com\/site\/wp-json\/wp\/v2\/tags?post=4537"}],"curies":[{"name":"wp","href":"https:\/\/api.w.org\/{rel}","templated":true}]}}