{"id":4531,"date":"2020-09-29T01:12:14","date_gmt":"2020-09-29T01:12:14","guid":{"rendered":"http:\/\/versa-line.com\/site\/?p=4531"},"modified":"2020-09-24T00:20:32","modified_gmt":"2020-09-24T00:20:32","slug":"rencontre-doha","status":"publish","type":"post","link":"http:\/\/versa-line.com\/site\/2020\/09\/29\/rencontre-doha\/","title":{"rendered":"Rencontre Doha"},"content":{"rendered":"<p>Contrairement \u00e0 certaines compagnies a\u00e9riennes, Qatar Airways a fait de son Super Jumbo un avion phare de sa flotte, en y proposant notamment son produit de Premi\u00e8re classe ainsi quun bar parfaitement con\u00e7u et am\u00e9nag\u00e9. Le pr\u00e9sident am\u00e9ricain Donald Trump a par ailleurs affirm\u00e9 dans un entretien diffus\u00e9 lundi quil comptait garder une tr\u00e8s forte pr\u00e9sence du renseignement en Afghanistan apr\u00e8s le retrait des troupes am\u00e9ricaines, qualifiant ce pays de Harvard pour terroristes. Le Qatar va accueillir les 2 et 3 mai un dialogue national Nous sommes en collocation dans un appartement \u00e0 Zig Zag tower 23eme etage. Nous recherchons un colocataire pour la 3eme chambre qui se lib\u00e8re fin Mai. Serais tu interess\u00e9? B\u00e9n\u00e9ficiez dune exposition publicitaire mod\u00e9r\u00e9e Le magazine professionnel de l\u00e9ducation! Pour d\u00e9velopper sa r\u00e9flexion p\u00e9dagogique et sinspirer \u00e0 l\u00e8re du num\u00e9rique. <img decoding=\"async\" src=\"http:\/\/qataractu.com\/wp-content\/uploads\/2017\/12\/Zepha-2-225x210.jpg\" alt=\"rencontre doha\" align=\"left\"> <img decoding=\"async\" src=\"http:\/\/images.indianexpress.com\/2017\/06\/kuwait759.jpg\" alt=\"rencontre doha\" align=\"center\"> Le Onze Parisien 20142019 Tous Droits R\u00e9serv\u00e9s Il a commenc\u00e9 \u00e0 importer 4.000 vaches-destin\u00e9es \u00e0 produire du lait-par voie a\u00e9rienne pour att\u00e9nuer les effets de lembargo impos\u00e9 par ses voisins. Une d\u00e9l\u00e9gation du Hamas rencontre le vice-ministre des affaires \u00e9trang\u00e8res russe \u00e0 Doha  <img decoding=\"async\" src=\"http:\/\/www.didierreynders.be\/wp-content\/uploads\/2014\/03\/31032014_Qatar-00011-600x400.jpg\" alt=\"rencontre doha\" align=\"center\"> Tous les mois, l\u00e9quipe de Doha Accueil vous propose un petit d\u00e9jeuner dans les plus grands h\u00f4tel de Doha. RT Vous avez besoin de rendre ou demprunter des avant les vacances \u00e0? Utilisez le service de pr\u00eat sur rdv En effet, selon RAC1, \u00c9ric Abidal, le directeur sportif du club catalan et \u00d2scar Grau, son directeur g\u00e9n\u00e9ral, ont rencontr\u00e9 Xavi Hernandez ce vendredi \u00e0 Doha, 1 600km \u00e0 lEst de Djeddah, o\u00f9 se disputait la demi-finale de Supercoupe dEspagne.   Alors que Donny Van de Beek serait sur les tablettes du PSG, Antero Henrique aurait \u00e9tabli un premier contact avec les repr\u00e9sentants du joueur. O\u00f9 sera-t-il possible de partir en vacances cet \u00e9t\u00e9? Les fronti\u00e8res ext\u00e9rieures vont-elles rouvrir en juillet? Quelles seront les r\u00e8gles de distanciation sociale? Retrouvez ci-dessous la date de r\u00e9ouverture des fronti\u00e8res pays par pays en Europ ainsi que les infos sur lorganisation des vacances d\u00e9t\u00e9 2020. Copyright 1996-2018 Karl L Swartz. All rights reserved. Il est des soirs o\u00f9 un carton rouge nest que le bouquet final dune prestation savamment th\u00e9\u00e2tralis\u00e9e. Felipe Melo en a \u00e9t\u00e9 le t\u00e9moin principal lors de sa seule participation \u00e0 la Coupe du monde, en 2010. Bless\u00e9 lors du huiti\u00e8me de finale contre le Chili, le milieu d\u00e9fensif br\u00e9silien refait surface lors du tour suivant contre les Pays-Bas. Acte I : il entame parfaitement la rencontre en d\u00e9livrant un caviar sur louverture du score de Robinho. Acte II : emport\u00e9 par son destin, laboyeur de la Juventus va compl\u00e8tement plonger. Dabord sur un centre de Sneijder, quil prolonge du cr\u00e2ne dans son propre but, puis peu apr\u00e8s lheure de jeu, quand il laisse le num\u00e9ro dix batave doubler la mise de la t\u00eate \u00e0 la suite dun corner. Cen est trop pour Melo, qui \u00e9crabouille un Robben beaucoup trop remuant pour lui, avant d\u00eatre rappel\u00e9 \u00e0 la raison par De Jong cest dire!, et de sortir la t\u00eate basse, d\u00e9pit\u00e9 par cette \u00e9limination in\u00e9luctable. Ce quil ne sait pas encore, cest que ce carton rouge vient de sceller sa carri\u00e8re internationale Rideau.<\/p>\n","protected":false},"excerpt":{"rendered":"<p>rencontre doha<\/p>\n","protected":false},"author":1,"featured_media":0,"comment_status":"closed","ping_status":"closed","sticky":false,"template":"","format":"standard","meta":{"footnotes":""},"categories":[1],"tags":[],"_links":{"self":[{"href":"http:\/\/versa-line.com\/site\/wp-json\/wp\/v2\/posts\/4531"}],"collection":[{"href":"http:\/\/versa-line.com\/site\/wp-json\/wp\/v2\/posts"}],"about":[{"href":"http:\/\/versa-line.com\/site\/wp-json\/wp\/v2\/types\/post"}],"author":[{"embeddable":true,"href":"http:\/\/versa-line.com\/site\/wp-json\/wp\/v2\/users\/1"}],"replies":[{"embeddable":true,"href":"http:\/\/versa-line.com\/site\/wp-json\/wp\/v2\/comments?post=4531"}],"version-history":[{"count":1,"href":"http:\/\/versa-line.com\/site\/wp-json\/wp\/v2\/posts\/4531\/revisions"}],"predecessor-version":[{"id":4532,"href":"http:\/\/versa-line.com\/site\/wp-json\/wp\/v2\/posts\/4531\/revisions\/4532"}],"wp:attachment":[{"href":"http:\/\/versa-line.com\/site\/wp-json\/wp\/v2\/media?parent=4531"}],"wp:term":[{"taxonomy":"category","embeddable":true,"href":"http:\/\/versa-line.com\/site\/wp-json\/wp\/v2\/categories?post=4531"},{"taxonomy":"post_tag","embeddable":true,"href":"http:\/\/versa-line.com\/site\/wp-json\/wp\/v2\/tags?post=4531"}],"curies":[{"name":"wp","href":"https:\/\/api.w.org\/{rel}","templated":true}]}}