{"id":4489,"date":"2020-09-29T11:58:47","date_gmt":"2020-09-29T11:58:47","guid":{"rendered":"http:\/\/versa-line.com\/site\/?p=4489"},"modified":"2020-09-23T22:33:20","modified_gmt":"2020-09-23T22:33:20","slug":"date-rencontre-photo-arles","status":"publish","type":"post","link":"http:\/\/versa-line.com\/site\/2020\/09\/29\/date-rencontre-photo-arles\/","title":{"rendered":"Date Rencontre Photo Arles"},"content":{"rendered":"<p><img decoding=\"async\" src=\"http:\/\/www.magmalemag.com\/upload\/actualites\/rencontres-d-arles-les-1125.jpg\" alt=\"date rencontre photo arles\" align=\"left\"> The exposition of the series Red Night, from which this.. Prix du livre dauteur : Photography 1965-1974, \u00e9d. Only Photograph, 2010  250 m\u00e8tres sur les 34km autour de Paris en 1844. Cette zone, un \u00e9t\u00e9 choisi \u00e0 fournir les toilettes publiques pour le s Rencontres Internationales de la Photographie, Arles. Arles f\u00eate ses 50 ans de photographie-\u00c0 lAffiche! Article r\u00e9serv\u00e9 aux abonn\u00e9s Nabila Keltoum 2015, de Randa Maroufi. ADAGP, PARIS, 2020 <img decoding=\"async\" src=\"http:\/\/static.euronews.com\/articles\/338633\/600x300_338633.jpg\" alt=\"date rencontre photo arles\" align=\"center\">  Etablissements scolaires : tarifs pr\u00e9f\u00e9rentiels-R\u00e9cup\u00e9rez votre mot de passe Votre e-mail Swinging Bamako, La fabuleuse histoire des Maravillas de Mali toutes. La photographie serait, en son sens, lun des outils \u00e0 la de Robert Delpire et retrace les multiples facettes de son parcours d\u00e9diteur, de directeur artistique, de commissaire dexpositions et de producteur de films S.S. : Non, je ne sais pas prendre une photo. Lavantage du smartphone, comme de Kodak il y a un si\u00e8cle, cest quil fait beaucoup de choses pour vous. Mais m\u00eame avec lui, ce nest pas glorieux. Jappartiens \u00e0 une g\u00e9n\u00e9ration n\u00e9e apr\u00e8s la cr\u00e9ation des grandes institutions pour la photo Arles f\u00eate ses 50 ans cette ann\u00e9e. Les premiers responsables de ces institutions ont \u00e9t\u00e9 des photographes. Peu \u00e0 peu, les artistes ont c\u00e9d\u00e9 la place \u00e0 des professionnels de la culture. Il ne viendrait Temple est une plateforme de diffusion ind\u00e9pendante, qui proposera au sein de lancien coll\u00e8ge Mistral une nouvelle sc\u00e9nographie du lieu. Une soixantaine d\u00e9diteurs seront ici rassembl\u00e9s, autour de l\u00e9dition de livres, fanzines et magazines. Artiste franco-chilien,\u00e9 le 17 f\u00e9vrier 1929 au Chili..  C\u00f4t\u00e9 historique, sera expos\u00e9e \u00e0 Arles avec sa collection de photographies et ses photomontages r\u00e9alis\u00e9s avec Fernand L\u00e9ger. Une autre exposition reviendra sur le film Le Dictateur, de Charlie Chaplin, avec de nouveaux documents tir\u00e9s des archives du cin\u00e9aste. Zones interdites Sam Stourdz\u00e9 : Cest d\u00e9j\u00e0 le cas. Il y a quatre ans, on a lanc\u00e9 le Grand Arles Express, un programme hors les murs des Rencontres dArles. Il consiste \u00e0 labelliser des expositions dans des villes voisines, accessibles gratuitement pour les visiteurs munis dun billet. Si vous venez \u00e0 Arles cette ann\u00e9e, vous pourrez aussi rayonner dans toute la r\u00e9gion. Et d\u00e9couvrir des artistes \u00e0 Avignon, N\u00eemes, Marseille, Toulon, Cavaillon ou Port-de-Bouc. On a lambition de faire du Grand Sud une destination pour la photo. Antoine de Galbert, fondateur de la maison rouge \u00e0 Paris, collectionne depuis une trentaine dann\u00e9es. Bien quil ne se consid\u00e8re pas collectionneur de photographies, un grand nombre dimages sont venues enrichir sa collection au fil du temps. Lexposition pr\u00e9sente une s\u00e9lection de plus dune centaine de portraits de sa collection, surtout des photographies, mais parfois aussi des dessins, des peintures, des sculptures et des vid\u00e9os. Initialement pr\u00e9vus du 11 au 18 juillet, les Suds devront-ils d\u00e9caler la semaine un peu plus tard? Les dates peuvent-elles \u00eatre maintenues sous une forme plus l\u00e9g\u00e8re dans les premiers jours et dans une forme plus compl\u00e8te ensuite? Le festival doit-il annuler? Ou nutiliser que certaines sc\u00e8nes plus intimistes? Le Pr\u00e9sident a annonc\u00e9 la date de mi-juillet. Pour nous, ce nest pas de bol, nous sommes en plein dedans. Mais nous comprenons la situation et nous ne jetons la pierre \u00e0 personne. On continue desp\u00e9rer un temps o\u00f9 on pourra se retrouver, partager et \u00e9couter de la musique. St\u00e9phane Krasniewski esp\u00e8re une r\u00e9ponse dans une semaine pour y voir plus clair sans quoi, dici une dizaine de jours, il devra renoncer \u00e0 certaines sc\u00e8nes. Avait pr\u00e9sent\u00e9 il y a quelques ann\u00e9es \u00e0 Besan\u00e7on ses voyages mexicains. Ici, cet \u00e9ternel voyageur n\u00e9 en 1945 au Vietnam pr\u00e9sente les tirages Fresson de ses p\u00e9riples dans lOuest am\u00e9ricain, d\u00e9couvert en 1966. Lib\u00e9r\u00e9e du joug de lEtat islamique \u00e0 l\u00e9t\u00e9 2017 apr\u00e8s trois ans doccupation, Mossoul a pay\u00e9 un lourd tribut \u00e0 la guerre. La mosqu\u00e9e al-Nouri, identifiable.. <img decoding=\"async\" src=\"http:\/\/www.arles-info.fr\/wp-content\/uploads\/2017\/05\/20170526212426-8dc14315-me-500x333.jpg\" alt=\"date rencontre photo arles\" align=\"right\"> Sara Galbiati, Peter Heles Eriksen et Tobias Seln\u00e6s Markusen, Phenomena, r\u00e9alit\u00e9s extraterrestres De gauche \u00e0 droite : le photographe suisse Christian Lutz et le directeur des Rencontres de la photographie dArles, Sam Stourdz\u00e9. AFP Fabrice Coffrini Bertrand Langlois Depuis 1970, les Rencontres de la photographie dArles accueillent chaque ann\u00e9e tout l\u00e9t\u00e9 une quarantaine dexpositions de photographie dans divers lieux de cette charmante ville. Cest devenu lune des plus importantes manifestations de photographie en Europe, t\u00e9moin de la vivacit\u00e9 de la cr\u00e9ation du monde entier. Incontournable et tellement agr\u00e9able!<\/p>\n","protected":false},"excerpt":{"rendered":"<p>date rencontre photo arles<\/p>\n","protected":false},"author":1,"featured_media":0,"comment_status":"closed","ping_status":"closed","sticky":false,"template":"","format":"standard","meta":{"footnotes":""},"categories":[1],"tags":[],"_links":{"self":[{"href":"http:\/\/versa-line.com\/site\/wp-json\/wp\/v2\/posts\/4489"}],"collection":[{"href":"http:\/\/versa-line.com\/site\/wp-json\/wp\/v2\/posts"}],"about":[{"href":"http:\/\/versa-line.com\/site\/wp-json\/wp\/v2\/types\/post"}],"author":[{"embeddable":true,"href":"http:\/\/versa-line.com\/site\/wp-json\/wp\/v2\/users\/1"}],"replies":[{"embeddable":true,"href":"http:\/\/versa-line.com\/site\/wp-json\/wp\/v2\/comments?post=4489"}],"version-history":[{"count":1,"href":"http:\/\/versa-line.com\/site\/wp-json\/wp\/v2\/posts\/4489\/revisions"}],"predecessor-version":[{"id":4490,"href":"http:\/\/versa-line.com\/site\/wp-json\/wp\/v2\/posts\/4489\/revisions\/4490"}],"wp:attachment":[{"href":"http:\/\/versa-line.com\/site\/wp-json\/wp\/v2\/media?parent=4489"}],"wp:term":[{"taxonomy":"category","embeddable":true,"href":"http:\/\/versa-line.com\/site\/wp-json\/wp\/v2\/categories?post=4489"},{"taxonomy":"post_tag","embeddable":true,"href":"http:\/\/versa-line.com\/site\/wp-json\/wp\/v2\/tags?post=4489"}],"curies":[{"name":"wp","href":"https:\/\/api.w.org\/{rel}","templated":true}]}}