{"id":4461,"date":"2020-09-29T00:05:01","date_gmt":"2020-09-29T00:05:01","guid":{"rendered":"http:\/\/versa-line.com\/site\/?p=4461"},"modified":"2020-09-23T20:33:35","modified_gmt":"2020-09-23T20:33:35","slug":"rencontre-vw-2011","status":"publish","type":"post","link":"http:\/\/versa-line.com\/site\/2020\/09\/29\/rencontre-vw-2011\/","title":{"rendered":"Rencontre Vw 2011"},"content":{"rendered":"<p>Si vous avez d\u00e9j\u00e0 achet\u00e9 un ticket classique pour participer au meeting avec un Combi ou un Transporter VW, il est inutile de prendre en plus ce billet pi\u00e9ton pour vous et vos passagers Bonjour. Je me r\u00e9jouis de voir ce meeting! Jai un Camper VW LT31, jimagine que je suis accept\u00e9 avec lui, jen nai pas vu dans les photos et vid\u00e9os Salutations. A 68 ans ce v\u00e9cu et ces soucis, finissent par alt\u00e9rer s\u00e9rieusement ma sant\u00e9. Le gars qui \u00e9tais sur la chaine de montage lui a fait de quoi de sp\u00e9cial.lol <img decoding=\"async\" src=\"http:\/\/southpop.org\/wp-content\/uploads\/2012\/04\/IMG_20160715_131114975-1024x576.jpg\" alt=\"rencontre vw 2011\" align=\"center\"> <img decoding=\"async\" src=\"http:\/\/www.golfiv.fr\/uploads\/uploads\/th1\/2011\/06\/19\/2011_06_19_16_24_10_Acces-parking.jpg\" alt=\"rencontre vw 2011\" align=\"right\">, pr\u00e9sident du du depuis, d\u00e9missionnera d\u00e8s les premiers jours de laffaire. Premi\u00e8res r\u00e9actions Compte-rendu du 14 \u00e8me Classic VW Catalan 14 et 15 Mai 2016 Sainte Marie La Mer 66 Les 14 et 15 Mai 2016, le 14\u00e8me CLASSIC VW CATALAN sest d\u00e9roul\u00e9 pour la 7\u00e8me ann\u00e9e cons\u00e9cutive dans la tr\u00e8s jolie station baln\u00e9aire de Sainte-Marie la mer dans le 66. Encore une fois, plus de 200 Volkswagen   N\u00e9anmoins, en d\u00e9sactivant le dispositif de d\u00e9pollution de NOx en condition de route rep\u00e9r\u00e9e par son, les v\u00e9hicules du groupe Volkswagen Audi, \u0160koda, Seat ne peuvent de fait respecter aucune norme. Minimiser les consommations apparentes en carburant pour : Mais ne l\u00e2chez rien, il sagit bien dun vice cach\u00e9 et donc la garantie ne comporte pas de limite de temps. Ce nest quune fois toutes ces conditions r\u00e9unies que Volkswagen examinera la demande et d\u00e9cidera de prendre ou pas en charge tout ou partie des frais de r\u00e9paration. Dans notre forum, plusieurs automobilistes indiquent que leurs r\u00e9parations ont \u00e9t\u00e9 prises en charge \u00e0 90, voire 100 par la marque. Pas de changement notable si ce nest je trouve une meilleur souplesse dans le r\u00e9trogradage 3-2 et 4-3 Quand l\u00e9tat-major de Wolfsburg apprend la nouvelle, il organise une r\u00e9union avec ses responsables moteurs. Mais dans mon livre \u00e0 moi, \u00e7a ne passe pas. Compares une Jetta de base avec le 2 litres avec une Mazda 3.. \u00c0 prix \u00e0 peu pr\u00e8s \u00e9gal. Path\u00e9tique la Jetta. Les voitures utilisant un EGR renforc\u00e9 les Mazda font en moyenne 0,8 fois le seuil sur le cycle NEDC, mais 1,9 sur le cycle WLTC ; Lapart\u00e9 montre que certains ont rejoint la R\u00e9bellion pour le gain, ce que confirme les interrogations sur le mur Facebook de Greenpeace : Et alors mon T-shirt? Quelle arnaque! Comme pour tout jeu, il y a ceux qui ne viennent que pour le gain Sur le mur de Volkswagen Honda \u00e0 Acura-Toyota \u00e0 Lexus-Nissan \u00e0 Infinity et ainsi de suite. Cette voiture correspond \u00e0 mes attentes mais lentretien chez Volkswagen est on\u00e9reux bonjour, bravo et merci pour ce compte rendu tr\u00e8s sympa sur votre concentre vw. Que du bonheur, vous devez certainement vous \u00e9clater. Zub  <img decoding=\"async\" src=\"http:\/\/www.texasvwclassic.com\/images\/carpics\/2011-pics\/cars-full-backup\/0322.JPG\" alt=\"rencontre vw 2011\" align=\"right\"> Meilleur choix en diesel, ce performant et coupleux 1.6 TDi 90 ch se r\u00e9v\u00e8le plus onctueux que la version 105 ch. Cest en outre le seul TDi \u00e0 offrir le choix entre transmission manuelle et robotis\u00e9e DSG7. Consommation moyenne : 5,6 litres de gazole aux 100 km. Citr\u00f6en Xsara Picasso 2.0 HDI 90 5CV. Tr\u00e8s bon moteur. Consomme tr\u00e8s peu. Non fumeur. Stationn\u00e9e dans un garage ferm\u00e9. Voiture entretenue. Contr\u00f4le technique OK. Embrayage chang\u00e9. Facture \u00e0 lappui. 4 Pneus TBE. Devra Dans le d\u00e9tail \u00e9galement, la Clio IV appara\u00eet soign\u00e9e, voire sophistiqu\u00e9e. Cela commence par un relief int\u00e9rieur des phares \u00e9l\u00e9gamment travaill\u00e9. Certes, tous les constructeurs peaufinent d\u00e9sormais cet aspect, il suffit pour sen convaincre dobserver le regard de la Polo. L\u00e9quipe de Laurens van den Acker ne sest toutefois pas arr\u00eat\u00e9 l\u00e0. Le support du logo qui porte le nom du mod\u00e8le, les protections de bas de caisse savamment sculpt\u00e9es, les feux arri\u00e8re ench\u00e2ss\u00e9s dans la t\u00f4le ou encore les charni\u00e8res de hayon marqu\u00e9es dun relief sont t\u00e9moins dun r\u00e9el effort. A c\u00f4t\u00e9 de cela, les diverses variations de noir dans la calandre, les optique diurnes \u00e0 diodes \u00e9trangement int\u00e9gr\u00e9es dans la moustache ou la garniture de bouclier arri\u00e8re en plastique noir brillant rallieront sans doute moins de suffrages. Quoi quil en soit, lobjectif est atteint : cette Clio se montre bien plus s\u00e9duisante que sa devanci\u00e8re. Il \u00e9tait temps! Beaut\u00e9 int\u00e9rieure La capacit\u00e9 de chargement de cette derni\u00e8re est de 695 l sous le couvre-coffre. Sans les si\u00e8ges de la deuxi\u00e8me rang\u00e9e, le volume passe \u00e0 1.989 l maximum chargement jusquau toit. Dans la variante \u00e0 sept si\u00e8ges, il est de 1.913 l. Avec une charge utile qui peut atteindre 660 kg selon la version, les variations sur le th\u00e8me du chargement sont donc impressionnantes. Sujet: Re: Photos Vw Days 2011 Jeu 30 Juin-0:58 De m\u00eame format que la Lupo, la Up est plus habitable, dot\u00e9e dun vrai coffre, et sav\u00e8re agr\u00e9able \u00e0 vivre. Bruno Picault.<\/p>\n","protected":false},"excerpt":{"rendered":"<p>rencontre vw 2011<\/p>\n","protected":false},"author":1,"featured_media":0,"comment_status":"closed","ping_status":"closed","sticky":false,"template":"","format":"standard","meta":{"footnotes":""},"categories":[1],"tags":[],"_links":{"self":[{"href":"http:\/\/versa-line.com\/site\/wp-json\/wp\/v2\/posts\/4461"}],"collection":[{"href":"http:\/\/versa-line.com\/site\/wp-json\/wp\/v2\/posts"}],"about":[{"href":"http:\/\/versa-line.com\/site\/wp-json\/wp\/v2\/types\/post"}],"author":[{"embeddable":true,"href":"http:\/\/versa-line.com\/site\/wp-json\/wp\/v2\/users\/1"}],"replies":[{"embeddable":true,"href":"http:\/\/versa-line.com\/site\/wp-json\/wp\/v2\/comments?post=4461"}],"version-history":[{"count":1,"href":"http:\/\/versa-line.com\/site\/wp-json\/wp\/v2\/posts\/4461\/revisions"}],"predecessor-version":[{"id":4462,"href":"http:\/\/versa-line.com\/site\/wp-json\/wp\/v2\/posts\/4461\/revisions\/4462"}],"wp:attachment":[{"href":"http:\/\/versa-line.com\/site\/wp-json\/wp\/v2\/media?parent=4461"}],"wp:term":[{"taxonomy":"category","embeddable":true,"href":"http:\/\/versa-line.com\/site\/wp-json\/wp\/v2\/categories?post=4461"},{"taxonomy":"post_tag","embeddable":true,"href":"http:\/\/versa-line.com\/site\/wp-json\/wp\/v2\/tags?post=4461"}],"curies":[{"name":"wp","href":"https:\/\/api.w.org\/{rel}","templated":true}]}}