{"id":4441,"date":"2020-09-29T04:12:34","date_gmt":"2020-09-29T04:12:34","guid":{"rendered":"http:\/\/versa-line.com\/site\/?p=4441"},"modified":"2020-09-23T20:18:55","modified_gmt":"2020-09-23T20:18:55","slug":"une-rencontre-avec-simone-weil","status":"publish","type":"post","link":"http:\/\/versa-line.com\/site\/2020\/09\/29\/une-rencontre-avec-simone-weil\/","title":{"rendered":"Une Rencontre Avec Simone Weil"},"content":{"rendered":"<p>Hommage \u00e0 Simone Veil, Actes de la journ\u00e9e d\u00e9tude organis\u00e9e en son honneur \u00e0 luniversit\u00e9 de Sassari de Rome  Bon alors, il faut savoir cette chose primordiale : bien que n\u00e9 \u00e0 Albi, jai grandi ici d\u00e8s ma premi\u00e8re ann\u00e9e et jusque l\u00e2ge tr\u00e8s s\u00e9rieux de 17 ans. La m\u00e9ditation sur le hasard qui a fait rencontrer mon p\u00e8re et ma m\u00e8re est plus salutaire que celle sur la mort \u00e9crit Simone Weil, avec un W, philosophe chr\u00e9tienne n\u00e9e en 1909 et morte en 1943. \u00c0 ne pas confondre avec Simone Veil, rescap\u00e9e des camps de la mort nazis, puis ministre. Que dit la philosophe Simone Weil dans La Pesanteur et la Gr\u00e2ce? : elle nous appelle \u00e0 m\u00e9diter sur nos origines parentales et donc sur notre identit\u00e9. Cest ce hasard originel quune sorte dantihumanisme contemporain voudrait remplacer par une ma\u00eetrise technique de la naissance, telle que la PMA. Devant les malheurs du monde, Simone Weil se refuse \u00e0 voir la Providence divine. Comment voir dans la bombe qui \u00e9pargne ma maison mais qui an\u00e9antit lh\u00f4pital voisin une manifestation de la Providence? Elle pr\u00e9f\u00e8re parler dun ordre impersonnel du monde que de la volont\u00e9 de Dieu, comme lenseignait la th\u00e9ologie de l\u00e9poque. Pour la m\u00eame raison elle rejette les miracles, qui seraient des entorses au d\u00e9roulement n\u00e9cessaire de lunivers. La beaut\u00e9 du monde est impersonnelle. Elle assimile lesp\u00e9rance chr\u00e9tienne \u00e0 l amor fati, dont elle voit la manifestation dans la passion de J\u00e9sus, crucifi\u00e9 par un monde aveugle Cest en ce sens quelle applique au christianisme la formule ambig\u00fce de religion des esclaves : des esclaves crucifi\u00e9s par laveugle n\u00e9cessit\u00e9 de la soci\u00e9t\u00e9-Pour toutes questions sur les examens, \u00e9crire \u00e0 ladresse : <img decoding=\"async\" src=\"http:\/\/daniel.basicbruegel.com\/upload\/2015\/02\/infraculture-announcement-anthropocene.jpg\" alt=\"une rencontre avec simone weil\" align=\"left\"> <img decoding=\"async\" src=\"http:\/\/lapoesieetsesentours.blogspirit.com\/images\/medium_IMG_9719-1.jpg\" alt=\"une rencontre avec simone weil\" align=\"left\"> This website uses cookies to improve your experience while you navigate through the website. Out of these cookies, the cookies that are categorized as necessary are stored on your browser as they are essential for the working of basic functionalities of the website. We also use third-party cookies that help us analyze and understand how you use this website. These cookies will be stored in your browser only with your consent. You also have the option to opt-out of these cookies. But opting out of some of these cookies may have an effect on your browsing experience. _partie 1, interventions crois\u00e9es de ceux de Monoblet et de ceux du Bersac sur lhistoire et lorganisation de leurs lieux : on parle de la ferme de vie du Bersac, d\u00e9pendante de lAssociation d\u00e9partementale pour la sauvegarde de lenfant \u00e0 ladulte Adsea, et de son expulsion en ao\u00fbt 2010 ; on parle de sa cr\u00e9ation pour \u00e9viter les probl\u00e8mes g\u00e9n\u00e9r\u00e9s par la vie en institution ; on parle de Deligny, \u00e9crivain, po\u00e8te, homme de cin\u00e9ma, \u00e9ducateur ; on parle des d\u00e9buts de lexp\u00e9rience de Monoblet en 1967, avec larriv\u00e9e de Janmari, gamin autiste mutique ; on parle de la lobotomie \u00e0 laquelle il \u00e9chappe ; on parle de la volont\u00e9 des uns et des autres de ne pas \u00eatre l\u00e0 o\u00f9 ils auraient d\u00fb \u00eatre ; on parle de l\u00e9largissement du mot autiste \u00e0 mesure des ann\u00e9es ; on parle des circonstances inad\u00e9quates des h\u00f4pitaux psychiatriques ; on parle de la vie avec et autour de Deligny et de Janmari ; on parle des pr\u00e9c\u00e9dentes tentatives de Deligny et de ses esquives face aux v\u00e9ll\u00e9it\u00e9s dinstitutionnalisation ; on parle des conditions de vie au Bersac et \u00e0 Monoblet ; on parle de lorigine rurale des r\u00e9sidents du Bersac ; on parle de la r\u00e9partition des t\u00e2ches qui se faisait dans la ferme, d\u00e9cid\u00e9e par les r\u00e9sidents ; on parle de la grande libert\u00e9 dans lorganisation des journ\u00e9es, et de la possibilit\u00e9 de changer le programme de mani\u00e8re impromptue ; on parle du d\u00e9clic n\u00e9cessaire pour que les r\u00e9sidents prennent conscience de leur capacit\u00e9 \u00e0 \u00eatre autonome ; on parle des circonstances invent\u00e9es \u00e0 Monoblet pour une vie commune entre ceux qui parlent et ceux qui ne parlent pas ; on parle de la volont\u00e9 de trouver un mode de vie apaisant pour les personnes autistes, de la recherche non pas de les semblabibliser, mais de ce que leur diff\u00e9rence demande ; on parle de la pr\u00e9carit\u00e9 des conditions de vie, et de ce que la vie dehors permettait dinventer ; on parle de ce que nous autres parlant avons \u00e0 remettre en question de notre mani\u00e8re de voir et de dire ; on parle de respecter la sp\u00e9cificit\u00e9 des autistes ; on parle du tout est langage qui exclut ceux qui ne lont pas, le langage ; on parle dune ferme dans le Lub\u00e9ron, qui bataille pour ne pas cl\u00f4turer le lieu ; on parle dautres approches de lautisme, qui ne sont pas respectueuses des personnes et pr\u00e9tendent imposer des m\u00e9thodes ; on parle du choix de vie quimplique laccompagnement des autistes ; on parle de pr\u00e9server la tranquillit\u00e9 des lieux Cf. Sanz Mateo, Marcelino, Francia no nos llam\u00f3. Cartas de un campesino aragon\u00e9s en la tormenta de la guerra y del exilio 1939-1940, Vinar\u00f2s, Antinea, 2006 ; dans ce recueil de lettres lauteur, anarchiste lui aussi, sadresse \u00e0 sa famille \u00e0 grand renfort de proverbes et les coplas ny sont pas rares.  S. Weil, Lettre \u00e0 Albertine Th\u00e9venon f\u00e9vrier 1935, dans \u0152uvres, op Cit, p 142.  Puis apr\u00e8s un silence \u00e0 couper au couteau elle acheva cette lettre comme un couperet : \u00eatre libre et souverain, en qualit\u00e9 d\u00eatre pensant, pendant une heure ou deux, et esclave le reste du jour, est un \u00e9cart\u00e8lement tellement d\u00e9chirant quil est presque impossible de ne pas renoncer, pour sy soustraire, aux formes les plus hautes de la pens\u00e9e. Sur ces mots elle disparut, mais pas compl\u00e8tement.. Certains fragments qui r\u00e9sonnaient en moi comme des Genevi\u00e8ve Azam, \u00e9conomiste, est membre du conseil scientifique dAttac. Elle a \u00e9t\u00e9 enseignante-chercheuse \u00e0 luniversit\u00e9 Toulouse Jean-Jaur\u00e8s. Au Bureau dInformation jeunesse BIJ \u00e0 partir du 25 juin : Simone Weil, R\u00e9flexions \u00e0 propos de la th\u00e9orie des quanta dans. Finalit\u00e9 des cookies utilis\u00e9s sur le site Les cookies que nous \u00e9mettons permettent : A une condition : \u00e9viter \u00e0 tout prix les rencontres entre les malades du Covid-19 et les autres. Comment? Les malades ont dabord \u00e9t\u00e9 dispatch\u00e9s entre les deux centres par un m\u00e9decin r\u00e9gulateur : les patients classiques aux Epinettes et les personnes pr\u00e9sentant des sympt\u00f4mes du Covid-19 \u00e0 Simone-Veil. <img decoding=\"async\" src=\"http:\/\/www.jean-marie-muller.fr\/BIBLIOGRAPHIE\/1991-09-SIMONE-WEIL\/SIMONE-WEIL002.jpg\" alt=\"une rencontre avec simone weil\" align=\"center\"> 23 Simone Weil, La source grecque, Gallimard, Paris, 1979, coll. Espoir, p.79-80. Le\u00e7ons de philosophie Roanne 1933-1934, Plon, 1959. Emilia BEA, Lattention aux vaincus. Simone Weil et la gen\u00e8se de la justice anamnestique Ce livre revient sur lhistoire publique et intime dune femme qui a To play the media you will need to either update your browser to a recent version or update your.<\/p>\n","protected":false},"excerpt":{"rendered":"<p>une rencontre avec simone weil<\/p>\n","protected":false},"author":1,"featured_media":0,"comment_status":"closed","ping_status":"closed","sticky":false,"template":"","format":"standard","meta":{"footnotes":""},"categories":[1],"tags":[],"_links":{"self":[{"href":"http:\/\/versa-line.com\/site\/wp-json\/wp\/v2\/posts\/4441"}],"collection":[{"href":"http:\/\/versa-line.com\/site\/wp-json\/wp\/v2\/posts"}],"about":[{"href":"http:\/\/versa-line.com\/site\/wp-json\/wp\/v2\/types\/post"}],"author":[{"embeddable":true,"href":"http:\/\/versa-line.com\/site\/wp-json\/wp\/v2\/users\/1"}],"replies":[{"embeddable":true,"href":"http:\/\/versa-line.com\/site\/wp-json\/wp\/v2\/comments?post=4441"}],"version-history":[{"count":1,"href":"http:\/\/versa-line.com\/site\/wp-json\/wp\/v2\/posts\/4441\/revisions"}],"predecessor-version":[{"id":4442,"href":"http:\/\/versa-line.com\/site\/wp-json\/wp\/v2\/posts\/4441\/revisions\/4442"}],"wp:attachment":[{"href":"http:\/\/versa-line.com\/site\/wp-json\/wp\/v2\/media?parent=4441"}],"wp:term":[{"taxonomy":"category","embeddable":true,"href":"http:\/\/versa-line.com\/site\/wp-json\/wp\/v2\/categories?post=4441"},{"taxonomy":"post_tag","embeddable":true,"href":"http:\/\/versa-line.com\/site\/wp-json\/wp\/v2\/tags?post=4441"}],"curies":[{"name":"wp","href":"https:\/\/api.w.org\/{rel}","templated":true}]}}