{"id":4433,"date":"2020-09-29T04:10:43","date_gmt":"2020-09-29T04:10:43","guid":{"rendered":"http:\/\/versa-line.com\/site\/?p=4433"},"modified":"2020-09-23T20:07:00","modified_gmt":"2020-09-23T20:07:00","slug":"rencontres-maroc-photos","status":"publish","type":"post","link":"http:\/\/versa-line.com\/site\/2020\/09\/29\/rencontres-maroc-photos\/","title":{"rendered":"Rencontres Maroc Photos"},"content":{"rendered":"<p> Je vais me laisser tenter et opter pour F\u00e8s au lieu de Marrakech alors! Donner \u00e0 chacun le pouvoir dagir pour un monde plus divers, plus durable, plus ouvert. \u00c0 propos dUlule et Histoire de lart, \u00e9ditions Deno\u00ebl, Paris, 1987, t.V, p. 167 Sefrou, premi\u00e8re ville agr\u00e9able sur la route du moyen Atlas. Il y a une petite cascade dans la ville. Petite m\u00e9dina \u00e9galement, calme et diff\u00e9rente des m\u00e9dinas des grandes villes du Maroc. Enfin, Sefrou accueille le festival des cerises moussem Hab al Moulouk qui se d\u00e9roule en juin. Enregistrer mon nom, mon e-mail et mon site web dans le navigateur pour mon prochain commentaire. Le monde hospitalier est vent debout face aux derni\u00e8res annonces gouvernementales et de leurs directions. Retirer la photo de fonds d\u00e9cran Voir plus R\u00e9duire <img decoding=\"async\" src=\"http:\/\/www.mcleanvfd.org\/wp-content\/uploads\/2738111.jpg\" alt=\"rencontres maroc photos\" align=\"center\"> Ayant pr\u00e9vu un s\u00e9jours avec ma fille sur Rabat et f\u00e8s et afin de savoir quoi mettre dans nos valises, je me permets de vous demander si vous savez quel temps il fait g\u00e9n\u00e9ralement du cot\u00e9 de Rabat et F\u00e8s fin novembre d\u00e9but d\u00e9cembre?  Nous aimerions aller skier pas tr\u00e8s loin, il me semble quil y a une station pas loin? La conseillez vous?  Aujourdhui, on a du mal \u00e0 croire en qui que ce soit et en quoi que ce soit. Tout change sans arr\u00eat. On a eu je ne sais pas combien de billets. Cest annul\u00e9, cest report\u00e9, cest compliqu\u00e9 de se faire une id\u00e9e. On sinscrit partout, on fait tout ce quil faut. Mais rien nest clair. Apr\u00e8s le bateau du 20 avril, quon na pas eu, celui du 4 mai et celui du 5, on nous a dit quil ny aurait pas bateau au mois de mai. Nous nous sommes positionn\u00e9s sur le 1er juin, mais \u00e7a minqui\u00e8te un peu parce que depuis deux jours je ne le vois plus sur la programmation de la GNV. Ensuite, il y a eu deux bateaux programm\u00e9s les 8 et 16 mai, mais on ne les voyait pas sur le site de la compagnie. Ils ont \u00e9t\u00e9 d\u00e9cal\u00e9s au 12 et au 19 mai, tout en sachant quon se demande comment les passagers de ces travers\u00e9es ont \u00e9t\u00e9 s\u00e9lectionn\u00e9s. Depuis notre conversation avec Danielle, le ferry du 19 mai a dailleurs \u00e9t\u00e9 report\u00e9 dune semaine. <img decoding=\"async\" src=\"http:\/\/maroc-echecs.com\/IMG\/jpg\/2ieme_table.jpg\" alt=\"rencontres maroc photos\" align=\"center\"> Du city trip de 45 jours dans une grande ville europ\u00e9enne au voyage de plusieurs semaines au fin fond du Moyen Orient ou de lAsie, mes voyages sont plut\u00f4t vari\u00e9s. Je mint\u00e9resse \u00e9galement \u00e0 de nombreuses choses: histoire, cuisine locale, nature, architecture, rencontres, Les journaux marocains pris en photo le 29 ao\u00fbt 2015 \u00e0 Rabat avec en couverture les portraits des deux journalistes Eric Laurent et Catherine Graciet, mis en examen pour chantage \u00e0 lencontre du roi du Maroc Examiner les voies et les moyens de d\u00e9velopper la coop\u00e9ration bilat\u00e9rale entre le Maroc et la Guin\u00e9e Equatoriale dans les domaines des mines et des hydrocarbures \u00e9tait \u00e0 lordre du jour de lentretien que le Ministre de lEnergie, des Mines et de lEnvironnement, Aziz RABBAH, a tenu, ce lundi 17 f\u00e9vrier 2020 \u00e0 Rabat au si\u00e8ge de son Minist\u00e8re, avec le Ministre des Mines et des Hydrocarbures de la R\u00e9publique de Guin\u00e9e Equatoriale, Monsieur Gabriel MBEGA OBIANG LIMA, qui effectue une visite au Maroc du 15 au 17 f\u00e9vrier courant, \u00e0 la t\u00eate dune d\u00e9l\u00e9gation de hauts-fonctionnaires. Au royaume du Maroc, pays o\u00f9 la population est majoritairement musulmane, est un toujours un crime. Selon larticle 489 du Code p\u00e9nal marocain, elle est punie dune peine de prison ferme de 6 mois \u00e0 3 ans et dune amende de 120 \u00e0 1 200 dirhams 11,25 \u00e0 112,51 euros. Les r\u00e9sultats de votre Test Affiny vous sont strictement personnels, et les informations vous concernant totalement confidentielles. Your browser is no longer supported. Please upgrade to a recent browser: Atelier photo : jeudi 6 d\u00e9cembre, 16h, M\u00e9diath\u00e8que jeunesse Je parle de Marrakech dans un billet o\u00f9 j\u00e9voquais que jallais boycotter Marrakech: <img decoding=\"async\" src=\"http:\/\/lesfemmesrusses.org\/rencontres\/belles\/rencontres-femmes-ukrainiennes1.jpg\" alt=\"rencontres maroc photos\" align=\"center\"> Ou alors partagez une musique, un GIF. Soyez inventifs!<\/p>\n","protected":false},"excerpt":{"rendered":"<p>rencontres maroc photos<\/p>\n","protected":false},"author":1,"featured_media":0,"comment_status":"closed","ping_status":"closed","sticky":false,"template":"","format":"standard","meta":{"footnotes":""},"categories":[1],"tags":[],"_links":{"self":[{"href":"http:\/\/versa-line.com\/site\/wp-json\/wp\/v2\/posts\/4433"}],"collection":[{"href":"http:\/\/versa-line.com\/site\/wp-json\/wp\/v2\/posts"}],"about":[{"href":"http:\/\/versa-line.com\/site\/wp-json\/wp\/v2\/types\/post"}],"author":[{"embeddable":true,"href":"http:\/\/versa-line.com\/site\/wp-json\/wp\/v2\/users\/1"}],"replies":[{"embeddable":true,"href":"http:\/\/versa-line.com\/site\/wp-json\/wp\/v2\/comments?post=4433"}],"version-history":[{"count":1,"href":"http:\/\/versa-line.com\/site\/wp-json\/wp\/v2\/posts\/4433\/revisions"}],"predecessor-version":[{"id":4434,"href":"http:\/\/versa-line.com\/site\/wp-json\/wp\/v2\/posts\/4433\/revisions\/4434"}],"wp:attachment":[{"href":"http:\/\/versa-line.com\/site\/wp-json\/wp\/v2\/media?parent=4433"}],"wp:term":[{"taxonomy":"category","embeddable":true,"href":"http:\/\/versa-line.com\/site\/wp-json\/wp\/v2\/categories?post=4433"},{"taxonomy":"post_tag","embeddable":true,"href":"http:\/\/versa-line.com\/site\/wp-json\/wp\/v2\/tags?post=4433"}],"curies":[{"name":"wp","href":"https:\/\/api.w.org\/{rel}","templated":true}]}}