{"id":4431,"date":"2020-09-29T09:24:49","date_gmt":"2020-09-29T09:24:49","guid":{"rendered":"http:\/\/versa-line.com\/site\/?p=4431"},"modified":"2020-09-23T20:05:33","modified_gmt":"2020-09-23T20:05:33","slug":"rencontre-juppe-cope-fillon","status":"publish","type":"post","link":"http:\/\/versa-line.com\/site\/2020\/09\/29\/rencontre-juppe-cope-fillon\/","title":{"rendered":"Rencontre Jupp\u00e9 Cop\u00e9 Fillon"},"content":{"rendered":"<p>Yanick Paternotte, pr\u00e9sident de la commission nationale des recours de lUMP, affirme au Figaro navoir pas connaissance dune saisine. A ma connaissance, les r\u00e9sultats d\u00e9finitifs sont proclam\u00e9s apr\u00e8s avoir \u00e9t\u00e9 valid\u00e9s a lunanimit\u00e9 de la commission en pr\u00e9sence des repr\u00e9sentants des deux candidats. Ils sont donc valides. Si un recours \u00e9tait n\u00e9anmoins d\u00e9pos\u00e9, il serait bien entendu examin\u00e9 par la commission, conform\u00e9ment aux statuts. A cet instant, je nai pas connaissance dune saisine, ajoute Yanick Paternotte. 21112012 \u00e0 16:15 La commission des recours pr\u00e9sid\u00e9e par un cop\u00e9iste  Alors que personne ne lattendait, lancien ministre sakozyste Fr\u00e9d\u00e9ric Lefebvre propose ses services dans le cadre de la commission de m\u00e9diation. Plus surprenant, il \u00e9met des doutes sur la neutralit\u00e9 dAlain Jupp\u00e9.  Pour m\u00e9moire, lundi 8 juin, le ministre de lInt\u00e9rieur a tenu un discours pr\u00f4nant notamment une tol\u00e9rance z\u00e9ro contre le racisme jug\u00e9 inacceptable, exigence quil nimpose pas \u00e0 lencontre des d\u00e9linquants. Veuillez installer Flash Player pour lire la vid\u00e9o <img decoding=\"async\" src=\"http:\/\/www.lefigaro.fr\/medias\/2017\/03\/06\/20170306PHOWWW00762.jpg\" alt=\"rencontre jupp\u00e9 cop\u00e9 fillon\" align=\"right\"> UMP: Cop\u00e9 r\u00e9unira son comit\u00e9 strat\u00e9gique apr\u00e8s la r\u00e9union avec Jupp\u00e9 et Fillon sauf qui peut,avant que le paquebot javire!!!!!!,une \u00e9lection qui atteint le sommun du ridicule,.la prime du vainqueur.. Interrog\u00e9 sur un \u00e9ventuel appel \u00e0 Nicolas Sarkozy apr\u00e8s l\u00e9chec de la m\u00e9diation quil a tent\u00e9e de mener ce week-end entre les deux hommes, Alain Jupp\u00e9 a r\u00e9pondu : Il appara\u00eet clairement quil est le seul aujourdhui \u00e0 avoir lautorit\u00e9 suffisante pour proposer \u00e9ventuellement une sortie que je naper\u00e7ois pas pour ce qui me concerne. Alain Jupp\u00e9 arrive \u00e0 lAssembl\u00e9e Il doit retrouver Cop\u00e9 et Fillon dans un lieu neutre, le bureau de Gilles Carrez, le pr\u00e9sident de la commission des finances 12h10. Jupp\u00e9 exige le retrait des pro-Fillon et pro-Cop\u00e9 de la commission des recours. <img decoding=\"async\" src=\"http:\/\/www.lepoint.fr\/images\/2012\/12\/15\/cope-fillon-ump-duel-933702-jpg_786546_660x281.JPG\" alt=\"rencontre jupp\u00e9 cop\u00e9 fillon\" align=\"right\"> 9h06. Pour Marine Le Pen, lUMP, cest termin\u00e9. La fracture est durable, ajoute la pr\u00e9sidente du Front national sur BFMTVRMC. LUMP n\u00e9tait en fait quun syndicat de d\u00e9fense des int\u00e9r\u00eats \u00e9lectoraux de ses membres. Aujourdhui, avec une vulgarit\u00e9 ahurissante, poursuit-elle. Quel que soit le pr\u00e9sident, il est durablement ill\u00e9gitime. La seule solution est de r\u00e9organiser une \u00e9lection. Sils ont besoin de conseils pour organiser une \u00e9lection interne, ils peuvent venir nous voir. On a limpression que, pour ce pouvoir, la loi nest plus la m\u00eame pour tous. Il d\u00e9chire le pacte r\u00e9publicain et le contrat social. Sil pense faire passer cela pour de lantiracisme, cest bien \u00e9videmment du racisme. Comme les fascistes noirs du CRAN sont des racistes. Comme les indig\u00e9nistes sont des racistes. Ce pouvoir est t\u00e9tanis\u00e9. La bourgeoisie a tr\u00e8s peur d\u00eatre accus\u00e9e de racisme. Finalement, elle tombe dans ce quelle d\u00e9nonce. L\u00e9tat durgence sanitaire et le confinement ne doivent pas \u00eatre appliqu\u00e9s de la m\u00eame fa\u00e7on des religions, des quartiers et des couleurs de peau, cela sappelle du racisme. Si vous ne d\u00e9fendez pas vos troupes parce quon les accuse de racisme avec une pr\u00e9somption de racisme parce que la personne en face qui vous accuse de pr\u00e9somption de racisme na pas la bonne couleur de peau, cest du racisme. Si, en face, il y avait des supr\u00e9macistes blancs, des gens dextr\u00eame droite qui faisaient la m\u00eame chose, on leur tomberait dessus \u00e0 juste titre pour les faire taire et leur dire quils sont racistes. L\u00e0, ce nest pas le cas, il y a une g\u00eane. Cette g\u00eane de la bourgeoisie montre bien que, pour les bourgeois dont M. Castaner et M. Macron font partie, nos compatriotes dorigine musulmane ne sont finalement pas des Fran\u00e7ais comme les autres. Il faut prendre des pincettes avec eux. Cest du racisme. Lid\u00e9e de recourir au vote \u00e9lectronique pour l\u00e9lection du pr\u00e9sident de lUMP avait un temps \u00e9t\u00e9 \u00e9voqu\u00e9e rue de Vaugirard. Mais le co\u00fbt de la m\u00e9thode, estim\u00e9 \u00e0 500.000 euros, avait \u00e9t\u00e9 jug\u00e9 trop important, alors que le parti traverse une p\u00e9riode de disette budg\u00e9taire. Lid\u00e9e a donc \u00e9t\u00e9 \u00e9cart\u00e9e au profit du traditionnel vote papier, plus s\u00fbr aux yeux des fillonistes. Le vote \u00e9lectronique se fait via des identifiants distribu\u00e9s par le si\u00e8ge et donc par Cop\u00e9, expliquait un lieutenant de lancien premier ministre en juillet. Autant s\u00e9pargner la peine de voter et d\u00e9clarer Cop\u00e9 vainqueur. A ces ONG et aux \u00e9lus irresponsables, les Occidentaux doivent leur colonisation par le Sud, nostalgique de sa puissance perdue-Noirs esclavagistes au Maghreb ou Ottomans en Europe m\u00e9diterran\u00e9enne-et d\u00e9termin\u00e9s \u00e0 la reconqu\u00eate.  Sur BFMTV et RMC, Jean-Fran\u00e7ois Cop\u00e9 a estim\u00e9 que lhypoth\u00e8se dun nouveau scrutin na pas de sens. Salon du livre : Jup\u00e9, Cop\u00e9 et Fillon, \u00e0 la rencontre des lecteurs et des \u00e9lecteurs <img decoding=\"async\" src=\"http:\/\/95.telif.tv\/wp-content\/uploads\/sites\/2\/2017\/03\/Philippe-Rouleau.jpg\" alt=\"rencontre jupp\u00e9 cop\u00e9 fillon\" align=\"left\"> Reuters content is the intellectual property of Thomson Reuters or its third party content providers. Any copying, republication or redistribution of Reuters content, including by framing or similar means, is expressly prohibited without the prior written consent of Thomson Reuters. Thomson Reuters shall not be liable for any errors or delays in content, or for any actions taken in reliance thereon. Reuters and the Reuters Logo are trademarks of Thomson Reuters and its affiliated companies. Lhydroxychloroquine est soudain devenue un m\u00e9dicament diabolique et le professeur Raoult, qui sest comport\u00e9 en m\u00e9decin digne de ce nom dun bout \u00e0 lautre de la pand\u00e9mie, a subi une op\u00e9ration de d\u00e9molition qui a pu ressembler aux minutes de haine d\u00e9crites dans le 1984 de George Orwell. Alexandre Lemari\u00e9, A Strasbourg, Alain Jupp\u00e9 assume l identit\u00e9 heureuse, Le Monde, 13 septembre 2016 Ces historiques avaient de la gueule et de l\u00e9l\u00e9gance. Le 27 mai 2014, apr\u00e8s la d\u00e9mission de Jean-Fran\u00e7ois Cop\u00e9 du fait de troubles internes dus \u00e0 l, Alain Jupp\u00e9 annonce accepter de participer \u00e0 une direction coll\u00e9giale, avec et Fran\u00e7ois Fillon, jusqu\u00e0 lorganisation dun. Il d\u00e9clare ne pas avoir lintention de se pr\u00e9senter \u00e0 la pr\u00e9sidence de lUMP, affirmant avoir \u00e9puis\u00e9 les charmes des fonctions partisanes, et souhaiter que le candidat \u00e0 la pr\u00e9sidence de lUMP sengage \u00e0 ne pas \u00eatre candidat aux primaires, en vue de la pr\u00e9sidentielle de 2017. Yanick Paternotte, le pr\u00e9sident de la Commission nationale des recours de lUMP, naccepte pas les conditions dAlain Jupp\u00e9. Il annonce que linstance se tiendra dimanche \u00e0 9h30, contrairement \u00e0 ce quavait requis le maire de Bordeaux. Nous entendons exercer nos responsabilit\u00e9s, a d\u00e9clar\u00e9 Yanick Paternotte.<\/p>\n","protected":false},"excerpt":{"rendered":"<p>rencontre jupp\u00e9 cop\u00e9 fillon<\/p>\n","protected":false},"author":1,"featured_media":0,"comment_status":"closed","ping_status":"closed","sticky":false,"template":"","format":"standard","meta":{"footnotes":""},"categories":[1],"tags":[],"_links":{"self":[{"href":"http:\/\/versa-line.com\/site\/wp-json\/wp\/v2\/posts\/4431"}],"collection":[{"href":"http:\/\/versa-line.com\/site\/wp-json\/wp\/v2\/posts"}],"about":[{"href":"http:\/\/versa-line.com\/site\/wp-json\/wp\/v2\/types\/post"}],"author":[{"embeddable":true,"href":"http:\/\/versa-line.com\/site\/wp-json\/wp\/v2\/users\/1"}],"replies":[{"embeddable":true,"href":"http:\/\/versa-line.com\/site\/wp-json\/wp\/v2\/comments?post=4431"}],"version-history":[{"count":1,"href":"http:\/\/versa-line.com\/site\/wp-json\/wp\/v2\/posts\/4431\/revisions"}],"predecessor-version":[{"id":4432,"href":"http:\/\/versa-line.com\/site\/wp-json\/wp\/v2\/posts\/4431\/revisions\/4432"}],"wp:attachment":[{"href":"http:\/\/versa-line.com\/site\/wp-json\/wp\/v2\/media?parent=4431"}],"wp:term":[{"taxonomy":"category","embeddable":true,"href":"http:\/\/versa-line.com\/site\/wp-json\/wp\/v2\/categories?post=4431"},{"taxonomy":"post_tag","embeddable":true,"href":"http:\/\/versa-line.com\/site\/wp-json\/wp\/v2\/tags?post=4431"}],"curies":[{"name":"wp","href":"https:\/\/api.w.org\/{rel}","templated":true}]}}