{"id":4417,"date":"2020-09-29T22:37:11","date_gmt":"2020-09-29T22:37:11","guid":{"rendered":"http:\/\/versa-line.com\/site\/?p=4417"},"modified":"2020-09-23T19:17:27","modified_gmt":"2020-09-23T19:17:27","slug":"rencontres-sur-l-eau","status":"publish","type":"post","link":"http:\/\/versa-line.com\/site\/2020\/09\/29\/rencontres-sur-l-eau\/","title":{"rendered":"Rencontres Sur L Eau"},"content":{"rendered":"<p>Du mardi 5 au samedi 16 f\u00e9vrier de 10 h \u00e0 13 h et de 14 h \u00e0 18 h Valence, salle Jeanne de Flandresy Profitez de tous les articles du site en illimit\u00e9 Une semaine dimmersion anim\u00e9e par des d\u00e9bats, des projections, des expositions et des spectacles.-Infos sur les toilettes s\u00e8ches: quels mat\u00e9riaux pour les fabriquer en r\u00e9cup? Quels avantages? Comment \u00e7a fonctionne? Sujet : Appropriation par les professionnels des cours deau dune boite \u00e0 outil SIG permettant de caract\u00e9riser les corridors fluviaux \u00e0 diff\u00e9rentes \u00e9chelles Ces Rencontres visaient \u00e0 r\u00e9unir des personnalit\u00e9s dans le cadre dune journ\u00e9e de r\u00e9flexions concernant lappropriation des Objectifs de d\u00e9veloppement durable par les acteurs des territoires, quils soient citoyens, gestionnaires, d\u00e9cideurs, chercheurs ou \u00e9lus. LAllemagne, la Belgique, le Luxembourg et les Pays-Bas seront les pays invit\u00e9s par les organisateurs, le r\u00e9seau Enterprise Europe Network et la Team France Export. Le 18 et le 25 juin 2020 Pour se retrouver, discuter, passer un moment ensemble.. Saint-Paul-en-Jarez Le bassin-versant de lAlagnon, de part sa situation strat\u00e9gique en t\u00eate de bassin de lAllier et de la Loire, constitue un r\u00e9servoir hydrologique et biologique de premi\u00e8re importance. Martin Botzmeyer, Chef de la d\u00e9l\u00e9gation au d\u00e9veloppement durable, Commissaire g\u00e9n\u00e9ral au d\u00e9veloppement durable, Minist\u00e8re de la Transition \u00e9cologique et solidaire Apr\u00e8s une matin\u00e9e consacr\u00e9e aux aides financi\u00e8res et \u00e0 la mise en oeuvre du programme, 4 ateliers permettront dapprofondir les th\u00e9matiques suivantes : Outre la conf\u00e9rence pl\u00e9ni\u00e8re Financements internationaux dans le domaine des \u00e9nergies renouvelables ENR, le forum va accueillir durant trois jours des : Au programme, une matin\u00e9e consacr\u00e9e au 11\u00e8me programme, les montants financiers mobilis\u00e9s, les aides par th\u00e9matique et sa mise en oeuvre. Lapr\u00e8s-midi sera loccasion de se pencher sur une th\u00e9matique particuli\u00e8re avec 4 ateliers encadr\u00e9s par la d\u00e9l\u00e9gation territoriale. Ces rencontres de leau sadressent aux acteurs du bassin Loire-Bretagne collectivit\u00e9s, industriels, agriculteurs, associations.. \u0152uvrant tous pour pr\u00e9server leau et les milieux aquatiques. Elles sont loccasion d\u00e9changer sur un sujet et de d\u00e9couvrir la politique de lagence de leau sur ceth\u00e8me <img decoding=\"async\" src=\"http:\/\/img.over-blog-kiwi.com\/0\/55\/18\/28\/20161019\/ob_54b3d4_geomar-photos-copyright-fr-ketch-bora.jpg\" alt=\"rencontres sur l eau\" align=\"center\"> <img decoding=\"async\" src=\"http:\/\/cdt64.media.tourinsoft.eu\/upload\/le-climat-t-en-dis-quoi.jpg\" alt=\"rencontres sur l eau\" align=\"right\"> RT : Face \u00e0 la, votre F\u00e9d\u00e9ration se mobilise pour vous accompagner en lien avec les pouvoirs publics et les rep Alain Schuhl, Directeur g\u00e9n\u00e9ral d\u00e9l\u00e9gu\u00e9 \u00e0 la science du CNRS  Lieux dexpositions par d\u00e9partements Lieux dexpositions par d\u00e9partements? Approche \u00e9conomique et environnementale investissement, consommation \u00e9nerg\u00e9tique, ACV, Rencontres inter-r\u00e9seaux scientifiquesprofessionnels des cours deau du bassin du Rh\u00f4ne <img decoding=\"async\" src=\"http:\/\/cpie-centrecorse.fr\/wp-content\/uploads\/2014\/09\/IMG_1107.jpg\" alt=\"rencontres sur l eau\" align=\"center\"> Et pour rappel, les Agences de lEau ont lanc\u00e9 en 2019 une campagne dinformation En immersion qui a pour objectif dam\u00e9liorer la culture g\u00e9n\u00e9rale sur leau en toute transparence. Une web-s\u00e9rie faisant la part belle \u00e0 lhumour, des articles d\u00e9cryptage, des dossiers th\u00e9matiques pour aller plus loin Nh\u00e9sitez pas \u00e0 faire un tour sur le site internet!  Bastien Coriton, \u00e9lu de la Commission Locale de lEau? Entretienmaintenance des dispositifs r\u00e9seau, stockage, Lagence de leau Loire-Bretagne a pour mission daider lensemble des acteurs de leau et des milieux aquatiques. Des sources de la Loire et de lAllier jusqu\u00e0 la pointe du Finist\u00e8re, le bassin Loire-Bretagne repr\u00e9sente 155 000 km, soit 28 du territoire national m\u00e9tropolitain. Il int\u00e9resse 336 communaut\u00e9s de communes, pr\u00e8s de 7000 communes, 36 d\u00e9partements et 8 r\u00e9gions en tout ou partie et plus de 13 millions dhabitants. Rencontres citoyennes Eau del\u00e0 de la fronti\u00e8re Hebdo25-Edition Haut-Doubs .<\/p>\n","protected":false},"excerpt":{"rendered":"<p>rencontres sur l eau<\/p>\n","protected":false},"author":1,"featured_media":0,"comment_status":"closed","ping_status":"closed","sticky":false,"template":"","format":"standard","meta":{"footnotes":""},"categories":[1],"tags":[],"_links":{"self":[{"href":"http:\/\/versa-line.com\/site\/wp-json\/wp\/v2\/posts\/4417"}],"collection":[{"href":"http:\/\/versa-line.com\/site\/wp-json\/wp\/v2\/posts"}],"about":[{"href":"http:\/\/versa-line.com\/site\/wp-json\/wp\/v2\/types\/post"}],"author":[{"embeddable":true,"href":"http:\/\/versa-line.com\/site\/wp-json\/wp\/v2\/users\/1"}],"replies":[{"embeddable":true,"href":"http:\/\/versa-line.com\/site\/wp-json\/wp\/v2\/comments?post=4417"}],"version-history":[{"count":1,"href":"http:\/\/versa-line.com\/site\/wp-json\/wp\/v2\/posts\/4417\/revisions"}],"predecessor-version":[{"id":4418,"href":"http:\/\/versa-line.com\/site\/wp-json\/wp\/v2\/posts\/4417\/revisions\/4418"}],"wp:attachment":[{"href":"http:\/\/versa-line.com\/site\/wp-json\/wp\/v2\/media?parent=4417"}],"wp:term":[{"taxonomy":"category","embeddable":true,"href":"http:\/\/versa-line.com\/site\/wp-json\/wp\/v2\/categories?post=4417"},{"taxonomy":"post_tag","embeddable":true,"href":"http:\/\/versa-line.com\/site\/wp-json\/wp\/v2\/tags?post=4417"}],"curies":[{"name":"wp","href":"https:\/\/api.w.org\/{rel}","templated":true}]}}